{"id":22913,"date":"2022-09-20T19:21:48","date_gmt":"2022-09-20T17:21:48","guid":{"rendered":"https:\/\/www.covb.cat\/actualitat\/noticies\/general\/la-veu-del-collegiat-nous-vincles-pacient-veterinari-propietari\/"},"modified":"2022-09-22T15:26:54","modified_gmt":"2022-09-22T13:26:54","slug":"la-veu-del-collegiat-nous-vincles-pacient-veterinari-propietari","status":"publish","type":"post","link":"https:\/\/www.covb.cat\/es\/actualitat\/noticies\/general\/la-veu-del-collegiat-nous-vincles-pacient-veterinari-propietari\/","title":{"rendered":"La Voz del Colegiado: Nuevos v\u00ednculos paciente-veterinario-propietario"},"content":{"rendered":"<p>Hoy en d\u00eda la mayor\u00eda de las familias son conscientes de lo que implica vivir con un animal de compa\u00f1\u00eda en sus hogares; no s\u00f3lo en relaci\u00f3n con los cuidados y condiciones que requieren sino al v\u00ednculo especial y \u00fanico que se establece entre los animales y las personas que conviven con ellos. Las nuevas generaciones han ayudado a madurar esta percepci\u00f3n, reconoci\u00e9ndolos como un miembro m\u00e1s de la familia y creando una relaci\u00f3n afectiva muy estrecha con ellos.<\/p>\n<p>Esta nueva identidad que han adquirido el perro y el gato en casa tambi\u00e9n se refleja de forma cada vez m\u00e1s notable en la cl\u00ednica diaria de los \u00faltimos a\u00f1os. La din\u00e1mica actual que encuentra el veterinario en consulta es la de tratar con familias mucho m\u00e1s informadas y con inter\u00e9s en entender el porqu\u00e9 de los diagn\u00f3sticos y tratamientos planteados en la visita. Adem\u00e1s, se da mucha m\u00e1s importancia a la medicina preventiva y a la alimentaci\u00f3n porque saben que, extrapolando de medicina humana, cuidar la salud se relaciona directamente con vidas m\u00e1s longevas y de mayor calidad. La veterinaria est\u00e1 cambiando, y ya no se busca al profesional veterinario m\u00e1s paternalista que dicta sus directrices en su propia opini\u00f3n y experiencia, sino que las familias quieren entender y ser part\u00edcipes de las decisiones que se toman en la salud del perro o el gato de casa, colaborando de forma estrecha con el veterinario.<\/p>\n<p>Existe otro aspecto que las familias consideran de vital relevancia en el centro veterinario escogido: el sentimiento de empat\u00eda. Conceptos como Petfriendly, Dog o CatFriendly y FearFree est\u00e1n cada vez m\u00e1s en boca de los clientes, que buscan materializar la idea de una veterinaria que se focalice en el bienestar y comodidad del paciente felino y canino en consulta. Esto tambi\u00e9n pasa por comparar la medicina veterinaria de peque\u00f1os animales con la medicina humana pedi\u00e1trica, donde se prioriza el acompa\u00f1amiento del paciente por las familias para aumentar su sensaci\u00f3n de seguridad.<\/p>\n<p>Todos estos hechos est\u00e1n forzando un cambio en la forma de entender y trabajar la veterinaria cl\u00ednica que conoc\u00edamos hasta ahora. La demanda de la sociedad actual se centra en cl\u00ednicas modernas de ambiente transparente y confortable, con personal altamente cualificado, comunicativo, emp\u00e1tico (desde el veterinario hasta la recepcionista, pasando por el personal auxiliar) con formaci\u00f3n en el manejo cuidadoso de perros y gatos; instalaciones preparadas para poder realizar muchos de los procedimientos con la familia presente, separaci\u00f3n de espacios entre perros y gatos y hospitalizaciones que se alejen de la imagen de \u201cjaulas\u201d de a\u00f1os atr\u00e1s. Otro rasgo diferencial es el proceso del duelo frente a la p\u00e9rdida. Respondiendo a las necesidades actuales, se ha llevado a crear espacios especialmente adaptados a estos momentos, proporcionando as\u00ed un ambiente m\u00e1s cercano con la familia.<\/p>\n<p>Es necesario tomar esta nueva perspectiva como una oportunidad para mejorar y perseguir la excelencia. Se nos plantea el reto de acompa\u00f1ar esta transformaci\u00f3n del v\u00ednculo en la cl\u00ednica de peque\u00f1os animales, que ayudar\u00e1 en gran medida a dignificar nuestra profesi\u00f3n. Est\u00e1 en nuestras manos formar parte de ese cambio.<\/p>\n<p><img loading=\"lazy\" decoding=\"async\" src=\"https:\/\/mcusercontent.com\/c131463000c5688473b8b34ba\/images\/07c6d019-1a76-b6fb-3c9a-c49d475a4769.png\" width=\"120\" height=\"113\" data-file-id=\"5435662\" \/><br \/>\n<strong>Gala Secanella Garc\u00e9s &#8211; Col. 5295<\/strong><br \/>\n<strong>Marta Olivella Louzao &#8211; Col. 5155<\/strong><br \/>\nGerentes Veterinari del Cl\u00ednic<\/p>\n","protected":false},"excerpt":{"rendered":"<p>Hoy en d\u00eda la mayor\u00eda de las familias son conscientes de lo que implica vivir con un animal de compa\u00f1\u00eda en sus hogares; no s\u00f3lo en relaci\u00f3n con los cuidados y condiciones que requieren sino al v\u00ednculo especial y \u00fanico que se establece entre los animales y las personas que conviven con ellos. Las nuevas [&hellip;]<\/p>\n","protected":false},"author":106,"featured_media":17384,"comment_status":"closed","ping_status":"closed","sticky":false,"template":"","format":"standard","meta":{"_monsterinsights_skip_tracking":false,"_monsterinsights_sitenote_active":false,"_monsterinsights_sitenote_note":"","_monsterinsights_sitenote_category":0,"_jetpack_memberships_contains_paid_content":false,"footnotes":""},"categories":[17],"tags":[186,187,227],"class_list":["post-22913","post","type-post","status-publish","format-standard","has-post-thumbnail","hentry","category-general","tag-accent","tag-accent-es","tag-la-veu-del-collegiat-es"],"yoast_head":"<!-- This site is optimized with the Yoast SEO plugin v27.0 - https:\/\/yoast.com\/product\/yoast-seo-wordpress\/ -->\n<title>La Voz del Colegiado: Nuevos v\u00ednculos paciente-veterinario-propietario - COVB - Col\u00b7legi Oficial de Veterinaris de Barcelona<\/title>\n<meta name=\"description\" content=\"Hoy en d\u00eda la mayor\u00eda de las familias son conscientes de lo que implica vivir con un animal de compa\u00f1\u00eda en sus hogares; no s\u00f3lo en relaci\u00f3n con los\" \/>\n<meta name=\"robots\" content=\"index, follow, max-snippet:-1, max-image-preview:large, max-video-preview:-1\" \/>\n<link rel=\"canonical\" href=\"https:\/\/www.covb.cat\/es\/actualitat\/noticies\/general\/la-veu-del-collegiat-nous-vincles-pacient-veterinari-propietari\/\" \/>\n<meta property=\"og:locale\" content=\"es_ES\" \/>\n<meta property=\"og:type\" content=\"article\" \/>\n<meta property=\"og:title\" content=\"La Voz del Colegiado: Nuevos v\u00ednculos paciente-veterinario-propietario - COVB - Col\u00b7legi Oficial de Veterinaris de Barcelona\" \/>\n<meta property=\"og:description\" content=\"Hoy en d\u00eda la mayor\u00eda de las familias son conscientes de lo que implica vivir con un animal de compa\u00f1\u00eda en sus hogares; no s\u00f3lo en relaci\u00f3n con los\" \/>\n<meta property=\"og:url\" content=\"https:\/\/www.covb.cat\/es\/actualitat\/noticies\/general\/la-veu-del-collegiat-nous-vincles-pacient-veterinari-propietari\/\" \/>\n<meta property=\"og:site_name\" content=\"COVB\" \/>\n<meta property=\"article:publisher\" content=\"https:\/\/www.facebook.com\/COVBcat\/\" \/>\n<meta property=\"article:published_time\" content=\"2022-09-20T17:21:48+00:00\" \/>\n<meta property=\"article:modified_time\" content=\"2022-09-22T13:26:54+00:00\" \/>\n<meta property=\"og:image\" content=\"https:\/\/www.covb.cat\/wp-content\/uploads\/2022\/03\/unnamed.jpg\" \/>\n\t<meta property=\"og:image:width\" content=\"600\" \/>\n\t<meta property=\"og:image:height\" content=\"338\" \/>\n\t<meta property=\"og:image:type\" content=\"image\/jpeg\" \/>\n<meta name=\"twitter:card\" content=\"summary_large_image\" \/>\n<meta name=\"twitter:creator\" content=\"@COVBcat\" \/>\n<meta name=\"twitter:site\" content=\"@COVBcat\" \/>\n<meta name=\"twitter:label1\" content=\"Escrito por\" \/>\n\t<meta name=\"twitter:data1\" content=\"\" \/>\n\t<meta name=\"twitter:label2\" content=\"Tiempo de lectura\" \/>\n\t<meta name=\"twitter:data2\" content=\"4 minutos\" \/>\n<script type=\"application\/ld+json\" class=\"yoast-schema-graph\">{\"@context\":\"https:\/\/schema.org\",\"@graph\":[{\"@type\":\"Article\",\"@id\":\"https:\/\/www.covb.cat\/es\/actualitat\/noticies\/general\/la-veu-del-collegiat-nous-vincles-pacient-veterinari-propietari\/#article\",\"isPartOf\":{\"@id\":\"https:\/\/www.covb.cat\/es\/actualitat\/noticies\/general\/la-veu-del-collegiat-nous-vincles-pacient-veterinari-propietari\/\"},\"author\":{\"name\":\"\",\"@id\":\"\"},\"headline\":\"La Voz del Colegiado: Nuevos v\u00ednculos paciente-veterinario-propietario\",\"datePublished\":\"2022-09-20T17:21:48+00:00\",\"dateModified\":\"2022-09-22T13:26:54+00:00\",\"mainEntityOfPage\":{\"@id\":\"https:\/\/www.covb.cat\/es\/actualitat\/noticies\/general\/la-veu-del-collegiat-nous-vincles-pacient-veterinari-propietari\/\"},\"wordCount\":583,\"publisher\":{\"@id\":\"https:\/\/www.covb.cat\/es\/#organization\"},\"image\":{\"@id\":\"https:\/\/www.covb.cat\/es\/actualitat\/noticies\/general\/la-veu-del-collegiat-nous-vincles-pacient-veterinari-propietari\/#primaryimage\"},\"thumbnailUrl\":\"https:\/\/www.covb.cat\/wp-content\/uploads\/2022\/03\/unnamed.jpg\",\"keywords\":[\"Accent\",\"accent\",\"La veu del col\u00b7legiat\"],\"articleSection\":[\"General\"],\"inLanguage\":\"es\"},{\"@type\":\"WebPage\",\"@id\":\"https:\/\/www.covb.cat\/es\/actualitat\/noticies\/general\/la-veu-del-collegiat-nous-vincles-pacient-veterinari-propietari\/\",\"url\":\"https:\/\/www.covb.cat\/es\/actualitat\/noticies\/general\/la-veu-del-collegiat-nous-vincles-pacient-veterinari-propietari\/\",\"name\":\"La Voz del Colegiado: Nuevos v\u00ednculos paciente-veterinario-propietario - COVB - Col\u00b7legi Oficial de Veterinaris de Barcelona\",\"isPartOf\":{\"@id\":\"https:\/\/www.covb.cat\/es\/#website\"},\"primaryImageOfPage\":{\"@id\":\"https:\/\/www.covb.cat\/es\/actualitat\/noticies\/general\/la-veu-del-collegiat-nous-vincles-pacient-veterinari-propietari\/#primaryimage\"},\"image\":{\"@id\":\"https:\/\/www.covb.cat\/es\/actualitat\/noticies\/general\/la-veu-del-collegiat-nous-vincles-pacient-veterinari-propietari\/#primaryimage\"},\"thumbnailUrl\":\"https:\/\/www.covb.cat\/wp-content\/uploads\/2022\/03\/unnamed.jpg\",\"datePublished\":\"2022-09-20T17:21:48+00:00\",\"dateModified\":\"2022-09-22T13:26:54+00:00\",\"description\":\"Hoy en d\u00eda la mayor\u00eda de las familias son conscientes de lo que implica vivir con un animal de compa\u00f1\u00eda en sus hogares; no s\u00f3lo en relaci\u00f3n con los\",\"breadcrumb\":{\"@id\":\"https:\/\/www.covb.cat\/es\/actualitat\/noticies\/general\/la-veu-del-collegiat-nous-vincles-pacient-veterinari-propietari\/#breadcrumb\"},\"inLanguage\":\"es\",\"potentialAction\":[{\"@type\":\"ReadAction\",\"target\":[\"https:\/\/www.covb.cat\/es\/actualitat\/noticies\/general\/la-veu-del-collegiat-nous-vincles-pacient-veterinari-propietari\/\"]}]},{\"@type\":\"ImageObject\",\"inLanguage\":\"es\",\"@id\":\"https:\/\/www.covb.cat\/es\/actualitat\/noticies\/general\/la-veu-del-collegiat-nous-vincles-pacient-veterinari-propietari\/#primaryimage\",\"url\":\"https:\/\/www.covb.cat\/wp-content\/uploads\/2022\/03\/unnamed.jpg\",\"contentUrl\":\"https:\/\/www.covb.cat\/wp-content\/uploads\/2022\/03\/unnamed.jpg\",\"width\":600,\"height\":338},{\"@type\":\"BreadcrumbList\",\"@id\":\"https:\/\/www.covb.cat\/es\/actualitat\/noticies\/general\/la-veu-del-collegiat-nous-vincles-pacient-veterinari-propietari\/#breadcrumb\",\"itemListElement\":[{\"@type\":\"ListItem\",\"position\":1,\"name\":\"Inici\",\"item\":\"https:\/\/www.covb.cat\/es\/\"},{\"@type\":\"ListItem\",\"position\":2,\"name\":\"La Voz del Colegiado: Nuevos v\u00ednculos paciente-veterinario-propietario\"}]},{\"@type\":\"WebSite\",\"@id\":\"https:\/\/www.covb.cat\/es\/#website\",\"url\":\"https:\/\/www.covb.cat\/es\/\",\"name\":\"COVB\",\"description\":\"Col\u00b7legi Oficial de Veterinaris de Barcelona\",\"publisher\":{\"@id\":\"https:\/\/www.covb.cat\/es\/#organization\"},\"potentialAction\":[{\"@type\":\"SearchAction\",\"target\":{\"@type\":\"EntryPoint\",\"urlTemplate\":\"https:\/\/www.covb.cat\/es\/?s={search_term_string}\"},\"query-input\":{\"@type\":\"PropertyValueSpecification\",\"valueRequired\":true,\"valueName\":\"search_term_string\"}}],\"inLanguage\":\"es\"},{\"@type\":\"Organization\",\"@id\":\"https:\/\/www.covb.cat\/es\/#organization\",\"name\":\"COVB\",\"url\":\"https:\/\/www.covb.cat\/es\/\",\"logo\":{\"@type\":\"ImageObject\",\"inLanguage\":\"es\",\"@id\":\"https:\/\/www.covb.cat\/es\/#\/schema\/logo\/image\/\",\"url\":\"https:\/\/www.covb.cat\/wp-content\/uploads\/2018\/07\/favicon-covb.png\",\"contentUrl\":\"https:\/\/www.covb.cat\/wp-content\/uploads\/2018\/07\/favicon-covb.png\",\"width\":512,\"height\":512,\"caption\":\"COVB\"},\"image\":{\"@id\":\"https:\/\/www.covb.cat\/es\/#\/schema\/logo\/image\/\"},\"sameAs\":[\"https:\/\/www.facebook.com\/COVBcat\/\",\"https:\/\/x.com\/COVBcat\",\"https:\/\/www.youtube.com\/user\/covbcn\"]},{\"@type\":\"Person\",\"@id\":\"\"}]}<\/script>\n<!-- \/ Yoast SEO plugin. -->","yoast_head_json":{"title":"La Voz del Colegiado: Nuevos v\u00ednculos paciente-veterinario-propietario - COVB - Col\u00b7legi Oficial de Veterinaris de Barcelona","description":"Hoy en d\u00eda la mayor\u00eda de las familias son conscientes de lo que implica vivir con un animal de compa\u00f1\u00eda en sus hogares; no s\u00f3lo en relaci\u00f3n con los","robots":{"index":"index","follow":"follow","max-snippet":"max-snippet:-1","max-image-preview":"max-image-preview:large","max-video-preview":"max-video-preview:-1"},"canonical":"https:\/\/www.covb.cat\/es\/actualitat\/noticies\/general\/la-veu-del-collegiat-nous-vincles-pacient-veterinari-propietari\/","og_locale":"es_ES","og_type":"article","og_title":"La Voz del Colegiado: Nuevos v\u00ednculos paciente-veterinario-propietario - COVB - Col\u00b7legi Oficial de Veterinaris de Barcelona","og_description":"Hoy en d\u00eda la mayor\u00eda de las familias son conscientes de lo que implica vivir con un animal de compa\u00f1\u00eda en sus hogares; no s\u00f3lo en relaci\u00f3n con los","og_url":"https:\/\/www.covb.cat\/es\/actualitat\/noticies\/general\/la-veu-del-collegiat-nous-vincles-pacient-veterinari-propietari\/","og_site_name":"COVB","article_publisher":"https:\/\/www.facebook.com\/COVBcat\/","article_published_time":"2022-09-20T17:21:48+00:00","article_modified_time":"2022-09-22T13:26:54+00:00","og_image":[{"width":600,"height":338,"url":"https:\/\/www.covb.cat\/wp-content\/uploads\/2022\/03\/unnamed.jpg","type":"image\/jpeg"}],"twitter_card":"summary_large_image","twitter_creator":"@COVBcat","twitter_site":"@COVBcat","twitter_misc":{"Escrito por":"","Tiempo de lectura":"4 minutos"},"schema":{"@context":"https:\/\/schema.org","@graph":[{"@type":"Article","@id":"https:\/\/www.covb.cat\/es\/actualitat\/noticies\/general\/la-veu-del-collegiat-nous-vincles-pacient-veterinari-propietari\/#article","isPartOf":{"@id":"https:\/\/www.covb.cat\/es\/actualitat\/noticies\/general\/la-veu-del-collegiat-nous-vincles-pacient-veterinari-propietari\/"},"author":{"name":"","@id":""},"headline":"La Voz del Colegiado: Nuevos v\u00ednculos paciente-veterinario-propietario","datePublished":"2022-09-20T17:21:48+00:00","dateModified":"2022-09-22T13:26:54+00:00","mainEntityOfPage":{"@id":"https:\/\/www.covb.cat\/es\/actualitat\/noticies\/general\/la-veu-del-collegiat-nous-vincles-pacient-veterinari-propietari\/"},"wordCount":583,"publisher":{"@id":"https:\/\/www.covb.cat\/es\/#organization"},"image":{"@id":"https:\/\/www.covb.cat\/es\/actualitat\/noticies\/general\/la-veu-del-collegiat-nous-vincles-pacient-veterinari-propietari\/#primaryimage"},"thumbnailUrl":"https:\/\/www.covb.cat\/wp-content\/uploads\/2022\/03\/unnamed.jpg","keywords":["Accent","accent","La veu del col\u00b7legiat"],"articleSection":["General"],"inLanguage":"es"},{"@type":"WebPage","@id":"https:\/\/www.covb.cat\/es\/actualitat\/noticies\/general\/la-veu-del-collegiat-nous-vincles-pacient-veterinari-propietari\/","url":"https:\/\/www.covb.cat\/es\/actualitat\/noticies\/general\/la-veu-del-collegiat-nous-vincles-pacient-veterinari-propietari\/","name":"La Voz del Colegiado: Nuevos v\u00ednculos paciente-veterinario-propietario - COVB - Col\u00b7legi Oficial de Veterinaris de Barcelona","isPartOf":{"@id":"https:\/\/www.covb.cat\/es\/#website"},"primaryImageOfPage":{"@id":"https:\/\/www.covb.cat\/es\/actualitat\/noticies\/general\/la-veu-del-collegiat-nous-vincles-pacient-veterinari-propietari\/#primaryimage"},"image":{"@id":"https:\/\/www.covb.cat\/es\/actualitat\/noticies\/general\/la-veu-del-collegiat-nous-vincles-pacient-veterinari-propietari\/#primaryimage"},"thumbnailUrl":"https:\/\/www.covb.cat\/wp-content\/uploads\/2022\/03\/unnamed.jpg","datePublished":"2022-09-20T17:21:48+00:00","dateModified":"2022-09-22T13:26:54+00:00","description":"Hoy en d\u00eda la mayor\u00eda de las familias son conscientes de lo que implica vivir con un animal de compa\u00f1\u00eda en sus hogares; no s\u00f3lo en relaci\u00f3n con los","breadcrumb":{"@id":"https:\/\/www.covb.cat\/es\/actualitat\/noticies\/general\/la-veu-del-collegiat-nous-vincles-pacient-veterinari-propietari\/#breadcrumb"},"inLanguage":"es","potentialAction":[{"@type":"ReadAction","target":["https:\/\/www.covb.cat\/es\/actualitat\/noticies\/general\/la-veu-del-collegiat-nous-vincles-pacient-veterinari-propietari\/"]}]},{"@type":"ImageObject","inLanguage":"es","@id":"https:\/\/www.covb.cat\/es\/actualitat\/noticies\/general\/la-veu-del-collegiat-nous-vincles-pacient-veterinari-propietari\/#primaryimage","url":"https:\/\/www.covb.cat\/wp-content\/uploads\/2022\/03\/unnamed.jpg","contentUrl":"https:\/\/www.covb.cat\/wp-content\/uploads\/2022\/03\/unnamed.jpg","width":600,"height":338},{"@type":"BreadcrumbList","@id":"https:\/\/www.covb.cat\/es\/actualitat\/noticies\/general\/la-veu-del-collegiat-nous-vincles-pacient-veterinari-propietari\/#breadcrumb","itemListElement":[{"@type":"ListItem","position":1,"name":"Inici","item":"https:\/\/www.covb.cat\/es\/"},{"@type":"ListItem","position":2,"name":"La Voz del Colegiado: Nuevos v\u00ednculos paciente-veterinario-propietario"}]},{"@type":"WebSite","@id":"https:\/\/www.covb.cat\/es\/#website","url":"https:\/\/www.covb.cat\/es\/","name":"COVB","description":"Col\u00b7legi Oficial de Veterinaris de Barcelona","publisher":{"@id":"https:\/\/www.covb.cat\/es\/#organization"},"potentialAction":[{"@type":"SearchAction","target":{"@type":"EntryPoint","urlTemplate":"https:\/\/www.covb.cat\/es\/?s={search_term_string}"},"query-input":{"@type":"PropertyValueSpecification","valueRequired":true,"valueName":"search_term_string"}}],"inLanguage":"es"},{"@type":"Organization","@id":"https:\/\/www.covb.cat\/es\/#organization","name":"COVB","url":"https:\/\/www.covb.cat\/es\/","logo":{"@type":"ImageObject","inLanguage":"es","@id":"https:\/\/www.covb.cat\/es\/#\/schema\/logo\/image\/","url":"https:\/\/www.covb.cat\/wp-content\/uploads\/2018\/07\/favicon-covb.png","contentUrl":"https:\/\/www.covb.cat\/wp-content\/uploads\/2018\/07\/favicon-covb.png","width":512,"height":512,"caption":"COVB"},"image":{"@id":"https:\/\/www.covb.cat\/es\/#\/schema\/logo\/image\/"},"sameAs":["https:\/\/www.facebook.com\/COVBcat\/","https:\/\/x.com\/COVBcat","https:\/\/www.youtube.com\/user\/covbcn"]},{"@type":"Person","@id":""}]}},"jetpack_featured_media_url":"https:\/\/www.covb.cat\/wp-content\/uploads\/2022\/03\/unnamed.jpg","jetpack_sharing_enabled":true,"_links":{"self":[{"href":"https:\/\/www.covb.cat\/es\/wp-json\/wp\/v2\/posts\/22913","targetHints":{"allow":["GET"]}}],"collection":[{"href":"https:\/\/www.covb.cat\/es\/wp-json\/wp\/v2\/posts"}],"about":[{"href":"https:\/\/www.covb.cat\/es\/wp-json\/wp\/v2\/types\/post"}],"author":[{"embeddable":true,"href":"https:\/\/www.covb.cat\/es\/wp-json\/wp\/v2\/users\/106"}],"replies":[{"embeddable":true,"href":"https:\/\/www.covb.cat\/es\/wp-json\/wp\/v2\/comments?post=22913"}],"version-history":[{"count":0,"href":"https:\/\/www.covb.cat\/es\/wp-json\/wp\/v2\/posts\/22913\/revisions"}],"wp:featuredmedia":[{"embeddable":true,"href":"https:\/\/www.covb.cat\/es\/wp-json\/wp\/v2\/media\/17384"}],"wp:attachment":[{"href":"https:\/\/www.covb.cat\/es\/wp-json\/wp\/v2\/media?parent=22913"}],"wp:term":[{"taxonomy":"category","embeddable":true,"href":"https:\/\/www.covb.cat\/es\/wp-json\/wp\/v2\/categories?post=22913"},{"taxonomy":"post_tag","embeddable":true,"href":"https:\/\/www.covb.cat\/es\/wp-json\/wp\/v2\/tags?post=22913"}],"curies":[{"name":"wp","href":"https:\/\/api.w.org\/{rel}","templated":true}]}}