{"id":22221,"date":"2022-08-29T16:00:53","date_gmt":"2022-08-29T14:00:53","guid":{"rendered":"https:\/\/www.covb.cat\/?p=22221"},"modified":"2022-08-29T16:00:53","modified_gmt":"2022-08-29T14:00:53","slug":"aprobado-el-real-decreto-de-videovigilancia-en-mataderos","status":"publish","type":"post","link":"https:\/\/www.covb.cat\/es\/actualitat\/noticies\/general\/aprobado-el-real-decreto-de-videovigilancia-en-mataderos\/","title":{"rendered":"Aprobado el Real Decreto de videovigilancia en mataderos"},"content":{"rendered":"<p>El Consejo de ministros aprob\u00f3 el martes 23 de agosto un real decreto para garantizar el cumplimiento de la legislaci\u00f3n en materia de bienestar animal mediante la implantaci\u00f3n obligatoria en los mataderos espa\u00f1oles de sistemas de videovigilancia.<\/p>\n<p>Las c\u00e1maras de videovigilancia deben abarcar las instalaciones donde se encuentren animales vivos, incluyendo las zonas de descarga, los pasillos de conducci\u00f3n y las zonas donde se proceda a las actividades de aturdimiento y sangrado hasta la muerte de los animales.<\/p>\n<p>Los sistemas de videovigilancia no ser\u00e1n obligatorios en las zonas de espera donde se encuentran los medios de transporte con animales vivos antes del inicio de la descarga, pero las empresas s\u00ed tendr\u00e1n que llevar un control del tiempo de permanencia de los animales en los veh\u00edculos.<\/p>\n<p>Espa\u00f1a ser\u00e1 el primer pa\u00eds de la Uni\u00f3n Europea (UE) con sistemas de videovigilancia para el control del bienestar animal (SVBA).<\/p>\n<p><a href=\"https:\/\/www.boe.es\/diario_boe\/txt.php?id=BOE-A-2022-14057\">Enlace a la publicaci\u00f3n del Decreto en el BOE<\/a><\/p>\n","protected":false},"excerpt":{"rendered":"<p>El Consejo de ministros aprob\u00f3 el martes 23 de agosto un real decreto para garantizar el cumplimiento de la legislaci\u00f3n en materia de bienestar animal mediante la implantaci\u00f3n obligatoria en los mataderos espa\u00f1oles de sistemas de videovigilancia. Las c\u00e1maras de videovigilancia deben abarcar las instalaciones donde se encuentren animales vivos, incluyendo las zonas de descarga, [&hellip;]<\/p>\n","protected":false},"author":106,"featured_media":22179,"comment_status":"closed","ping_status":"closed","sticky":false,"template":"","format":"standard","meta":{"_monsterinsights_skip_tracking":false,"_monsterinsights_sitenote_active":false,"_monsterinsights_sitenote_note":"","_monsterinsights_sitenote_category":0,"_jetpack_memberships_contains_paid_content":false,"footnotes":""},"categories":[17,164],"tags":[],"class_list":["post-22221","post","type-post","status-publish","format-standard","has-post-thumbnail","hentry","category-general","category-profesional"],"yoast_head":"<!-- This site is optimized with the Yoast SEO plugin v27.0 - https:\/\/yoast.com\/product\/yoast-seo-wordpress\/ -->\n<title>Aprobado el Real Decreto de videovigilancia en mataderos - COVB - Col\u00b7legi Oficial de Veterinaris de Barcelona<\/title>\n<meta name=\"description\" content=\"El Consejo de ministros aprob\u00f3 el martes 23 de agosto un real decreto para garantizar el cumplimiento de la legislaci\u00f3n en materia de bienestar animal\" \/>\n<meta name=\"robots\" content=\"index, follow, max-snippet:-1, max-image-preview:large, max-video-preview:-1\" \/>\n<link rel=\"canonical\" href=\"https:\/\/www.covb.cat\/es\/actualitat\/noticies\/general\/aprobado-el-real-decreto-de-videovigilancia-en-mataderos\/\" \/>\n<meta property=\"og:locale\" content=\"es_ES\" \/>\n<meta property=\"og:type\" content=\"article\" \/>\n<meta property=\"og:title\" content=\"Aprobado el Real Decreto de videovigilancia en mataderos - COVB - Col\u00b7legi Oficial de Veterinaris de Barcelona\" \/>\n<meta property=\"og:description\" content=\"El Consejo de ministros aprob\u00f3 el martes 23 de agosto un real decreto para garantizar el cumplimiento de la legislaci\u00f3n en materia de bienestar animal\" \/>\n<meta property=\"og:url\" content=\"https:\/\/www.covb.cat\/es\/actualitat\/noticies\/general\/aprobado-el-real-decreto-de-videovigilancia-en-mataderos\/\" \/>\n<meta property=\"og:site_name\" content=\"COVB\" \/>\n<meta property=\"article:publisher\" content=\"https:\/\/www.facebook.com\/COVBcat\/\" \/>\n<meta property=\"article:published_time\" content=\"2022-08-29T14:00:53+00:00\" \/>\n<meta property=\"og:image\" content=\"https:\/\/www.covb.cat\/wp-content\/uploads\/2022\/08\/camera-g923809b9c_1280.jpg\" \/>\n\t<meta property=\"og:image:width\" content=\"1280\" \/>\n\t<meta property=\"og:image:height\" content=\"853\" \/>\n\t<meta property=\"og:image:type\" content=\"image\/jpeg\" \/>\n<meta name=\"twitter:card\" content=\"summary_large_image\" \/>\n<meta name=\"twitter:creator\" content=\"@COVBcat\" \/>\n<meta name=\"twitter:site\" content=\"@COVBcat\" \/>\n<meta name=\"twitter:label1\" content=\"Escrito por\" \/>\n\t<meta name=\"twitter:data1\" content=\"\" \/>\n\t<meta name=\"twitter:label2\" content=\"Tiempo de lectura\" \/>\n\t<meta name=\"twitter:data2\" content=\"1 minuto\" \/>\n<script type=\"application\/ld+json\" class=\"yoast-schema-graph\">{\"@context\":\"https:\/\/schema.org\",\"@graph\":[{\"@type\":\"Article\",\"@id\":\"https:\/\/www.covb.cat\/es\/actualitat\/noticies\/general\/aprobado-el-real-decreto-de-videovigilancia-en-mataderos\/#article\",\"isPartOf\":{\"@id\":\"https:\/\/www.covb.cat\/es\/actualitat\/noticies\/general\/aprobado-el-real-decreto-de-videovigilancia-en-mataderos\/\"},\"author\":{\"name\":\"\",\"@id\":\"\"},\"headline\":\"Aprobado el Real Decreto de videovigilancia en mataderos\",\"datePublished\":\"2022-08-29T14:00:53+00:00\",\"mainEntityOfPage\":{\"@id\":\"https:\/\/www.covb.cat\/es\/actualitat\/noticies\/general\/aprobado-el-real-decreto-de-videovigilancia-en-mataderos\/\"},\"wordCount\":174,\"publisher\":{\"@id\":\"https:\/\/www.covb.cat\/es\/#organization\"},\"image\":{\"@id\":\"https:\/\/www.covb.cat\/es\/actualitat\/noticies\/general\/aprobado-el-real-decreto-de-videovigilancia-en-mataderos\/#primaryimage\"},\"thumbnailUrl\":\"https:\/\/www.covb.cat\/wp-content\/uploads\/2022\/08\/camera-g923809b9c_1280.jpg\",\"articleSection\":[\"General\",\"Profesi\u00f3n\"],\"inLanguage\":\"es\"},{\"@type\":\"WebPage\",\"@id\":\"https:\/\/www.covb.cat\/es\/actualitat\/noticies\/general\/aprobado-el-real-decreto-de-videovigilancia-en-mataderos\/\",\"url\":\"https:\/\/www.covb.cat\/es\/actualitat\/noticies\/general\/aprobado-el-real-decreto-de-videovigilancia-en-mataderos\/\",\"name\":\"Aprobado el Real Decreto de videovigilancia en mataderos - COVB - Col\u00b7legi Oficial de Veterinaris de Barcelona\",\"isPartOf\":{\"@id\":\"https:\/\/www.covb.cat\/es\/#website\"},\"primaryImageOfPage\":{\"@id\":\"https:\/\/www.covb.cat\/es\/actualitat\/noticies\/general\/aprobado-el-real-decreto-de-videovigilancia-en-mataderos\/#primaryimage\"},\"image\":{\"@id\":\"https:\/\/www.covb.cat\/es\/actualitat\/noticies\/general\/aprobado-el-real-decreto-de-videovigilancia-en-mataderos\/#primaryimage\"},\"thumbnailUrl\":\"https:\/\/www.covb.cat\/wp-content\/uploads\/2022\/08\/camera-g923809b9c_1280.jpg\",\"datePublished\":\"2022-08-29T14:00:53+00:00\",\"description\":\"El Consejo de ministros aprob\u00f3 el martes 23 de agosto un real decreto para garantizar el cumplimiento de la legislaci\u00f3n en materia de bienestar animal\",\"breadcrumb\":{\"@id\":\"https:\/\/www.covb.cat\/es\/actualitat\/noticies\/general\/aprobado-el-real-decreto-de-videovigilancia-en-mataderos\/#breadcrumb\"},\"inLanguage\":\"es\",\"potentialAction\":[{\"@type\":\"ReadAction\",\"target\":[\"https:\/\/www.covb.cat\/es\/actualitat\/noticies\/general\/aprobado-el-real-decreto-de-videovigilancia-en-mataderos\/\"]}]},{\"@type\":\"ImageObject\",\"inLanguage\":\"es\",\"@id\":\"https:\/\/www.covb.cat\/es\/actualitat\/noticies\/general\/aprobado-el-real-decreto-de-videovigilancia-en-mataderos\/#primaryimage\",\"url\":\"https:\/\/www.covb.cat\/wp-content\/uploads\/2022\/08\/camera-g923809b9c_1280.jpg\",\"contentUrl\":\"https:\/\/www.covb.cat\/wp-content\/uploads\/2022\/08\/camera-g923809b9c_1280.jpg\",\"width\":1280,\"height\":853},{\"@type\":\"BreadcrumbList\",\"@id\":\"https:\/\/www.covb.cat\/es\/actualitat\/noticies\/general\/aprobado-el-real-decreto-de-videovigilancia-en-mataderos\/#breadcrumb\",\"itemListElement\":[{\"@type\":\"ListItem\",\"position\":1,\"name\":\"Inici\",\"item\":\"https:\/\/www.covb.cat\/es\/\"},{\"@type\":\"ListItem\",\"position\":2,\"name\":\"Aprobado el Real Decreto de videovigilancia en mataderos\"}]},{\"@type\":\"WebSite\",\"@id\":\"https:\/\/www.covb.cat\/es\/#website\",\"url\":\"https:\/\/www.covb.cat\/es\/\",\"name\":\"COVB\",\"description\":\"Col\u00b7legi Oficial de Veterinaris de Barcelona\",\"publisher\":{\"@id\":\"https:\/\/www.covb.cat\/es\/#organization\"},\"potentialAction\":[{\"@type\":\"SearchAction\",\"target\":{\"@type\":\"EntryPoint\",\"urlTemplate\":\"https:\/\/www.covb.cat\/es\/?s={search_term_string}\"},\"query-input\":{\"@type\":\"PropertyValueSpecification\",\"valueRequired\":true,\"valueName\":\"search_term_string\"}}],\"inLanguage\":\"es\"},{\"@type\":\"Organization\",\"@id\":\"https:\/\/www.covb.cat\/es\/#organization\",\"name\":\"COVB\",\"url\":\"https:\/\/www.covb.cat\/es\/\",\"logo\":{\"@type\":\"ImageObject\",\"inLanguage\":\"es\",\"@id\":\"https:\/\/www.covb.cat\/es\/#\/schema\/logo\/image\/\",\"url\":\"https:\/\/www.covb.cat\/wp-content\/uploads\/2018\/07\/favicon-covb.png\",\"contentUrl\":\"https:\/\/www.covb.cat\/wp-content\/uploads\/2018\/07\/favicon-covb.png\",\"width\":512,\"height\":512,\"caption\":\"COVB\"},\"image\":{\"@id\":\"https:\/\/www.covb.cat\/es\/#\/schema\/logo\/image\/\"},\"sameAs\":[\"https:\/\/www.facebook.com\/COVBcat\/\",\"https:\/\/x.com\/COVBcat\",\"https:\/\/www.youtube.com\/user\/covbcn\"]},{\"@type\":\"Person\",\"@id\":\"\"}]}<\/script>\n<!-- \/ Yoast SEO plugin. -->","yoast_head_json":{"title":"Aprobado el Real Decreto de videovigilancia en mataderos - COVB - Col\u00b7legi Oficial de Veterinaris de Barcelona","description":"El Consejo de ministros aprob\u00f3 el martes 23 de agosto un real decreto para garantizar el cumplimiento de la legislaci\u00f3n en materia de bienestar animal","robots":{"index":"index","follow":"follow","max-snippet":"max-snippet:-1","max-image-preview":"max-image-preview:large","max-video-preview":"max-video-preview:-1"},"canonical":"https:\/\/www.covb.cat\/es\/actualitat\/noticies\/general\/aprobado-el-real-decreto-de-videovigilancia-en-mataderos\/","og_locale":"es_ES","og_type":"article","og_title":"Aprobado el Real Decreto de videovigilancia en mataderos - COVB - Col\u00b7legi Oficial de Veterinaris de Barcelona","og_description":"El Consejo de ministros aprob\u00f3 el martes 23 de agosto un real decreto para garantizar el cumplimiento de la legislaci\u00f3n en materia de bienestar animal","og_url":"https:\/\/www.covb.cat\/es\/actualitat\/noticies\/general\/aprobado-el-real-decreto-de-videovigilancia-en-mataderos\/","og_site_name":"COVB","article_publisher":"https:\/\/www.facebook.com\/COVBcat\/","article_published_time":"2022-08-29T14:00:53+00:00","og_image":[{"width":1280,"height":853,"url":"https:\/\/www.covb.cat\/wp-content\/uploads\/2022\/08\/camera-g923809b9c_1280.jpg","type":"image\/jpeg"}],"twitter_card":"summary_large_image","twitter_creator":"@COVBcat","twitter_site":"@COVBcat","twitter_misc":{"Escrito por":"","Tiempo de lectura":"1 minuto"},"schema":{"@context":"https:\/\/schema.org","@graph":[{"@type":"Article","@id":"https:\/\/www.covb.cat\/es\/actualitat\/noticies\/general\/aprobado-el-real-decreto-de-videovigilancia-en-mataderos\/#article","isPartOf":{"@id":"https:\/\/www.covb.cat\/es\/actualitat\/noticies\/general\/aprobado-el-real-decreto-de-videovigilancia-en-mataderos\/"},"author":{"name":"","@id":""},"headline":"Aprobado el Real Decreto de videovigilancia en mataderos","datePublished":"2022-08-29T14:00:53+00:00","mainEntityOfPage":{"@id":"https:\/\/www.covb.cat\/es\/actualitat\/noticies\/general\/aprobado-el-real-decreto-de-videovigilancia-en-mataderos\/"},"wordCount":174,"publisher":{"@id":"https:\/\/www.covb.cat\/es\/#organization"},"image":{"@id":"https:\/\/www.covb.cat\/es\/actualitat\/noticies\/general\/aprobado-el-real-decreto-de-videovigilancia-en-mataderos\/#primaryimage"},"thumbnailUrl":"https:\/\/www.covb.cat\/wp-content\/uploads\/2022\/08\/camera-g923809b9c_1280.jpg","articleSection":["General","Profesi\u00f3n"],"inLanguage":"es"},{"@type":"WebPage","@id":"https:\/\/www.covb.cat\/es\/actualitat\/noticies\/general\/aprobado-el-real-decreto-de-videovigilancia-en-mataderos\/","url":"https:\/\/www.covb.cat\/es\/actualitat\/noticies\/general\/aprobado-el-real-decreto-de-videovigilancia-en-mataderos\/","name":"Aprobado el Real Decreto de videovigilancia en mataderos - COVB - Col\u00b7legi Oficial de Veterinaris de Barcelona","isPartOf":{"@id":"https:\/\/www.covb.cat\/es\/#website"},"primaryImageOfPage":{"@id":"https:\/\/www.covb.cat\/es\/actualitat\/noticies\/general\/aprobado-el-real-decreto-de-videovigilancia-en-mataderos\/#primaryimage"},"image":{"@id":"https:\/\/www.covb.cat\/es\/actualitat\/noticies\/general\/aprobado-el-real-decreto-de-videovigilancia-en-mataderos\/#primaryimage"},"thumbnailUrl":"https:\/\/www.covb.cat\/wp-content\/uploads\/2022\/08\/camera-g923809b9c_1280.jpg","datePublished":"2022-08-29T14:00:53+00:00","description":"El Consejo de ministros aprob\u00f3 el martes 23 de agosto un real decreto para garantizar el cumplimiento de la legislaci\u00f3n en materia de bienestar animal","breadcrumb":{"@id":"https:\/\/www.covb.cat\/es\/actualitat\/noticies\/general\/aprobado-el-real-decreto-de-videovigilancia-en-mataderos\/#breadcrumb"},"inLanguage":"es","potentialAction":[{"@type":"ReadAction","target":["https:\/\/www.covb.cat\/es\/actualitat\/noticies\/general\/aprobado-el-real-decreto-de-videovigilancia-en-mataderos\/"]}]},{"@type":"ImageObject","inLanguage":"es","@id":"https:\/\/www.covb.cat\/es\/actualitat\/noticies\/general\/aprobado-el-real-decreto-de-videovigilancia-en-mataderos\/#primaryimage","url":"https:\/\/www.covb.cat\/wp-content\/uploads\/2022\/08\/camera-g923809b9c_1280.jpg","contentUrl":"https:\/\/www.covb.cat\/wp-content\/uploads\/2022\/08\/camera-g923809b9c_1280.jpg","width":1280,"height":853},{"@type":"BreadcrumbList","@id":"https:\/\/www.covb.cat\/es\/actualitat\/noticies\/general\/aprobado-el-real-decreto-de-videovigilancia-en-mataderos\/#breadcrumb","itemListElement":[{"@type":"ListItem","position":1,"name":"Inici","item":"https:\/\/www.covb.cat\/es\/"},{"@type":"ListItem","position":2,"name":"Aprobado el Real Decreto de videovigilancia en mataderos"}]},{"@type":"WebSite","@id":"https:\/\/www.covb.cat\/es\/#website","url":"https:\/\/www.covb.cat\/es\/","name":"COVB","description":"Col\u00b7legi Oficial de Veterinaris de Barcelona","publisher":{"@id":"https:\/\/www.covb.cat\/es\/#organization"},"potentialAction":[{"@type":"SearchAction","target":{"@type":"EntryPoint","urlTemplate":"https:\/\/www.covb.cat\/es\/?s={search_term_string}"},"query-input":{"@type":"PropertyValueSpecification","valueRequired":true,"valueName":"search_term_string"}}],"inLanguage":"es"},{"@type":"Organization","@id":"https:\/\/www.covb.cat\/es\/#organization","name":"COVB","url":"https:\/\/www.covb.cat\/es\/","logo":{"@type":"ImageObject","inLanguage":"es","@id":"https:\/\/www.covb.cat\/es\/#\/schema\/logo\/image\/","url":"https:\/\/www.covb.cat\/wp-content\/uploads\/2018\/07\/favicon-covb.png","contentUrl":"https:\/\/www.covb.cat\/wp-content\/uploads\/2018\/07\/favicon-covb.png","width":512,"height":512,"caption":"COVB"},"image":{"@id":"https:\/\/www.covb.cat\/es\/#\/schema\/logo\/image\/"},"sameAs":["https:\/\/www.facebook.com\/COVBcat\/","https:\/\/x.com\/COVBcat","https:\/\/www.youtube.com\/user\/covbcn"]},{"@type":"Person","@id":""}]}},"jetpack_featured_media_url":"https:\/\/www.covb.cat\/wp-content\/uploads\/2022\/08\/camera-g923809b9c_1280.jpg","jetpack_sharing_enabled":true,"_links":{"self":[{"href":"https:\/\/www.covb.cat\/es\/wp-json\/wp\/v2\/posts\/22221","targetHints":{"allow":["GET"]}}],"collection":[{"href":"https:\/\/www.covb.cat\/es\/wp-json\/wp\/v2\/posts"}],"about":[{"href":"https:\/\/www.covb.cat\/es\/wp-json\/wp\/v2\/types\/post"}],"author":[{"embeddable":true,"href":"https:\/\/www.covb.cat\/es\/wp-json\/wp\/v2\/users\/106"}],"replies":[{"embeddable":true,"href":"https:\/\/www.covb.cat\/es\/wp-json\/wp\/v2\/comments?post=22221"}],"version-history":[{"count":0,"href":"https:\/\/www.covb.cat\/es\/wp-json\/wp\/v2\/posts\/22221\/revisions"}],"wp:featuredmedia":[{"embeddable":true,"href":"https:\/\/www.covb.cat\/es\/wp-json\/wp\/v2\/media\/22179"}],"wp:attachment":[{"href":"https:\/\/www.covb.cat\/es\/wp-json\/wp\/v2\/media?parent=22221"}],"wp:term":[{"taxonomy":"category","embeddable":true,"href":"https:\/\/www.covb.cat\/es\/wp-json\/wp\/v2\/categories?post=22221"},{"taxonomy":"post_tag","embeddable":true,"href":"https:\/\/www.covb.cat\/es\/wp-json\/wp\/v2\/tags?post=22221"}],"curies":[{"name":"wp","href":"https:\/\/api.w.org\/{rel}","templated":true}]}}