{"id":2179,"date":"2020-09-14T12:03:11","date_gmt":"2020-09-14T10:03:11","guid":{"rendered":"https:\/\/www.covb.cat\/?p=2179"},"modified":"2020-09-14T12:03:11","modified_gmt":"2020-09-14T10:03:11","slug":"aclaraciones-y-respuestas-sobre-las-dudas-del-aiac-anicom","status":"publish","type":"post","link":"https:\/\/www.covb.cat\/es\/actualitat\/noticies\/general\/aclaraciones-y-respuestas-sobre-las-dudas-del-aiac-anicom\/","title":{"rendered":"Aclaraciones y respuestas sobre las dudas del AIAC &#8211; ANICOM"},"content":{"rendered":"<p><strong>13 de agosto de 2020 \u2013\u00a0<\/strong><\/p>\n<p>A ra\u00edz de la comunicaci\u00f3n de la semana pasada sobre la firma del convenio con el Departamento de Territorio de la Generalitat de Catalunya para la cesi\u00f3n de datos al ANICOM, el Consell de Col\u00b7legis Veterinaris de Catalunya ha querido dar respuesta a las consultas y resolver las dudas surgidas alrededor del acuerdo.<\/p>\n<p>Por este motivo, desde el COVB os hacemos llegar el documento donde consta la informaci\u00f3n generada, esperando que sea aclaratoria y de inter\u00e9s sobre el AIAC &#8211; ANICOM y que da contestaci\u00f3n a las preguntas siguientes:<\/p>\n<p>\u2022 \u00bfCu\u00e1les son las obligaciones legales de los veterinarios en relaci\u00f3n con las altas de las identificaciones de animales de compa\u00f1\u00eda que realizan?<\/p>\n<p>\u2022 \u00bfCu\u00e1les son las obligaciones legales de los propietarios en relaci\u00f3n con las identificaciones de sus animales de compa\u00f1\u00eda?<\/p>\n<p>\u2022 \u00bfContin\u00faa funcionando el Archivo de Identificaci\u00f3n de Animales de Compa\u00f1\u00eda (AIAC)?<\/p>\n<p>\u2022 Desde el punto de vista de \u201cprotecci\u00f3n de datos\u201d, \u00bfes correcto que los datos del propietario o poseedor que figuren en el documento de alta a la AIAC se traspasen a la ANICOM?<\/p>\n<p>Puedes leer las respuestas\u00a0<a href=\"https:\/\/www.covb.cat\/wp-content\/uploads\/2020\/09\/Nota-informativa-AIAC-ANICOM_CAT_31072020.pdf\">AQU\u00cd<\/a>.<\/p>\n","protected":false},"excerpt":{"rendered":"<p>13 de agosto de 2020 \u2013\u00a0 A ra\u00edz de la comunicaci\u00f3n de la semana pasada sobre la firma del convenio con el Departamento de Territorio de la Generalitat de Catalunya para la cesi\u00f3n de datos al ANICOM, el Consell de Col\u00b7legis Veterinaris de Catalunya ha querido dar respuesta a las consultas y resolver las dudas [&hellip;]<\/p>\n","protected":false},"author":106,"featured_media":0,"comment_status":"closed","ping_status":"closed","sticky":false,"template":"","format":"standard","meta":{"_monsterinsights_skip_tracking":false,"_monsterinsights_sitenote_active":false,"_monsterinsights_sitenote_note":"","_monsterinsights_sitenote_category":0,"_jetpack_memberships_contains_paid_content":false,"footnotes":""},"categories":[17],"tags":[],"class_list":["post-2179","post","type-post","status-publish","format-standard","hentry","category-general"],"yoast_head":"<!-- This site is optimized with the Yoast SEO plugin v27.0 - https:\/\/yoast.com\/product\/yoast-seo-wordpress\/ -->\n<title>Aclaraciones y respuestas sobre las dudas del AIAC - ANICOM - COVB - Col\u00b7legi Oficial de Veterinaris de Barcelona<\/title>\n<meta name=\"description\" content=\"13 de agosto de 2020 \u2013\u00a0 A ra\u00edz de la comunicaci\u00f3n de la semana pasada sobre la firma del convenio con el Departamento de Territorio de la Generalitat de\" \/>\n<meta name=\"robots\" content=\"index, follow, max-snippet:-1, max-image-preview:large, max-video-preview:-1\" \/>\n<link rel=\"canonical\" href=\"https:\/\/www.covb.cat\/es\/actualitat\/noticies\/general\/aclaraciones-y-respuestas-sobre-las-dudas-del-aiac-anicom\/\" \/>\n<meta property=\"og:locale\" content=\"es_ES\" \/>\n<meta property=\"og:type\" content=\"article\" \/>\n<meta property=\"og:title\" content=\"Aclaraciones y respuestas sobre las dudas del AIAC - ANICOM - COVB - Col\u00b7legi Oficial de Veterinaris de Barcelona\" \/>\n<meta property=\"og:description\" content=\"13 de agosto de 2020 \u2013\u00a0 A ra\u00edz de la comunicaci\u00f3n de la semana pasada sobre la firma del convenio con el Departamento de Territorio de la Generalitat de\" \/>\n<meta property=\"og:url\" content=\"https:\/\/www.covb.cat\/es\/actualitat\/noticies\/general\/aclaraciones-y-respuestas-sobre-las-dudas-del-aiac-anicom\/\" \/>\n<meta property=\"og:site_name\" content=\"COVB\" \/>\n<meta property=\"article:publisher\" content=\"https:\/\/www.facebook.com\/COVBcat\/\" \/>\n<meta property=\"article:published_time\" content=\"2020-09-14T10:03:11+00:00\" \/>\n<meta name=\"twitter:card\" content=\"summary_large_image\" \/>\n<meta name=\"twitter:creator\" content=\"@COVBcat\" \/>\n<meta name=\"twitter:site\" content=\"@COVBcat\" \/>\n<meta name=\"twitter:label1\" content=\"Escrito por\" \/>\n\t<meta name=\"twitter:data1\" content=\"\" \/>\n\t<meta name=\"twitter:label2\" content=\"Tiempo de lectura\" \/>\n\t<meta name=\"twitter:data2\" content=\"1 minuto\" \/>\n<script type=\"application\/ld+json\" class=\"yoast-schema-graph\">{\"@context\":\"https:\/\/schema.org\",\"@graph\":[{\"@type\":\"Article\",\"@id\":\"https:\/\/www.covb.cat\/es\/actualitat\/noticies\/general\/aclaraciones-y-respuestas-sobre-las-dudas-del-aiac-anicom\/#article\",\"isPartOf\":{\"@id\":\"https:\/\/www.covb.cat\/es\/actualitat\/noticies\/general\/aclaraciones-y-respuestas-sobre-las-dudas-del-aiac-anicom\/\"},\"author\":{\"name\":\"\",\"@id\":\"\"},\"headline\":\"Aclaraciones y respuestas sobre las dudas del AIAC &#8211; ANICOM\",\"datePublished\":\"2020-09-14T10:03:11+00:00\",\"mainEntityOfPage\":{\"@id\":\"https:\/\/www.covb.cat\/es\/actualitat\/noticies\/general\/aclaraciones-y-respuestas-sobre-las-dudas-del-aiac-anicom\/\"},\"wordCount\":208,\"publisher\":{\"@id\":\"https:\/\/www.covb.cat\/es\/#organization\"},\"articleSection\":[\"General\"],\"inLanguage\":\"es\"},{\"@type\":\"WebPage\",\"@id\":\"https:\/\/www.covb.cat\/es\/actualitat\/noticies\/general\/aclaraciones-y-respuestas-sobre-las-dudas-del-aiac-anicom\/\",\"url\":\"https:\/\/www.covb.cat\/es\/actualitat\/noticies\/general\/aclaraciones-y-respuestas-sobre-las-dudas-del-aiac-anicom\/\",\"name\":\"Aclaraciones y respuestas sobre las dudas del AIAC - ANICOM - COVB - Col\u00b7legi Oficial de Veterinaris de Barcelona\",\"isPartOf\":{\"@id\":\"https:\/\/www.covb.cat\/es\/#website\"},\"datePublished\":\"2020-09-14T10:03:11+00:00\",\"description\":\"13 de agosto de 2020 \u2013\u00a0 A ra\u00edz de la comunicaci\u00f3n de la semana pasada sobre la firma del convenio con el Departamento de Territorio de la Generalitat de\",\"breadcrumb\":{\"@id\":\"https:\/\/www.covb.cat\/es\/actualitat\/noticies\/general\/aclaraciones-y-respuestas-sobre-las-dudas-del-aiac-anicom\/#breadcrumb\"},\"inLanguage\":\"es\",\"potentialAction\":[{\"@type\":\"ReadAction\",\"target\":[\"https:\/\/www.covb.cat\/es\/actualitat\/noticies\/general\/aclaraciones-y-respuestas-sobre-las-dudas-del-aiac-anicom\/\"]}]},{\"@type\":\"BreadcrumbList\",\"@id\":\"https:\/\/www.covb.cat\/es\/actualitat\/noticies\/general\/aclaraciones-y-respuestas-sobre-las-dudas-del-aiac-anicom\/#breadcrumb\",\"itemListElement\":[{\"@type\":\"ListItem\",\"position\":1,\"name\":\"Inici\",\"item\":\"https:\/\/www.covb.cat\/es\/\"},{\"@type\":\"ListItem\",\"position\":2,\"name\":\"Aclaraciones y respuestas sobre las dudas del AIAC &#8211; ANICOM\"}]},{\"@type\":\"WebSite\",\"@id\":\"https:\/\/www.covb.cat\/es\/#website\",\"url\":\"https:\/\/www.covb.cat\/es\/\",\"name\":\"COVB\",\"description\":\"Col\u00b7legi Oficial de Veterinaris de Barcelona\",\"publisher\":{\"@id\":\"https:\/\/www.covb.cat\/es\/#organization\"},\"potentialAction\":[{\"@type\":\"SearchAction\",\"target\":{\"@type\":\"EntryPoint\",\"urlTemplate\":\"https:\/\/www.covb.cat\/es\/?s={search_term_string}\"},\"query-input\":{\"@type\":\"PropertyValueSpecification\",\"valueRequired\":true,\"valueName\":\"search_term_string\"}}],\"inLanguage\":\"es\"},{\"@type\":\"Organization\",\"@id\":\"https:\/\/www.covb.cat\/es\/#organization\",\"name\":\"COVB\",\"url\":\"https:\/\/www.covb.cat\/es\/\",\"logo\":{\"@type\":\"ImageObject\",\"inLanguage\":\"es\",\"@id\":\"https:\/\/www.covb.cat\/es\/#\/schema\/logo\/image\/\",\"url\":\"https:\/\/www.covb.cat\/wp-content\/uploads\/2018\/07\/favicon-covb.png\",\"contentUrl\":\"https:\/\/www.covb.cat\/wp-content\/uploads\/2018\/07\/favicon-covb.png\",\"width\":512,\"height\":512,\"caption\":\"COVB\"},\"image\":{\"@id\":\"https:\/\/www.covb.cat\/es\/#\/schema\/logo\/image\/\"},\"sameAs\":[\"https:\/\/www.facebook.com\/COVBcat\/\",\"https:\/\/x.com\/COVBcat\",\"https:\/\/www.youtube.com\/user\/covbcn\"]},{\"@type\":\"Person\",\"@id\":\"\"}]}<\/script>\n<!-- \/ Yoast SEO plugin. -->","yoast_head_json":{"title":"Aclaraciones y respuestas sobre las dudas del AIAC - ANICOM - COVB - Col\u00b7legi Oficial de Veterinaris de Barcelona","description":"13 de agosto de 2020 \u2013\u00a0 A ra\u00edz de la comunicaci\u00f3n de la semana pasada sobre la firma del convenio con el Departamento de Territorio de la Generalitat de","robots":{"index":"index","follow":"follow","max-snippet":"max-snippet:-1","max-image-preview":"max-image-preview:large","max-video-preview":"max-video-preview:-1"},"canonical":"https:\/\/www.covb.cat\/es\/actualitat\/noticies\/general\/aclaraciones-y-respuestas-sobre-las-dudas-del-aiac-anicom\/","og_locale":"es_ES","og_type":"article","og_title":"Aclaraciones y respuestas sobre las dudas del AIAC - ANICOM - COVB - Col\u00b7legi Oficial de Veterinaris de Barcelona","og_description":"13 de agosto de 2020 \u2013\u00a0 A ra\u00edz de la comunicaci\u00f3n de la semana pasada sobre la firma del convenio con el Departamento de Territorio de la Generalitat de","og_url":"https:\/\/www.covb.cat\/es\/actualitat\/noticies\/general\/aclaraciones-y-respuestas-sobre-las-dudas-del-aiac-anicom\/","og_site_name":"COVB","article_publisher":"https:\/\/www.facebook.com\/COVBcat\/","article_published_time":"2020-09-14T10:03:11+00:00","twitter_card":"summary_large_image","twitter_creator":"@COVBcat","twitter_site":"@COVBcat","twitter_misc":{"Escrito por":"","Tiempo de lectura":"1 minuto"},"schema":{"@context":"https:\/\/schema.org","@graph":[{"@type":"Article","@id":"https:\/\/www.covb.cat\/es\/actualitat\/noticies\/general\/aclaraciones-y-respuestas-sobre-las-dudas-del-aiac-anicom\/#article","isPartOf":{"@id":"https:\/\/www.covb.cat\/es\/actualitat\/noticies\/general\/aclaraciones-y-respuestas-sobre-las-dudas-del-aiac-anicom\/"},"author":{"name":"","@id":""},"headline":"Aclaraciones y respuestas sobre las dudas del AIAC &#8211; ANICOM","datePublished":"2020-09-14T10:03:11+00:00","mainEntityOfPage":{"@id":"https:\/\/www.covb.cat\/es\/actualitat\/noticies\/general\/aclaraciones-y-respuestas-sobre-las-dudas-del-aiac-anicom\/"},"wordCount":208,"publisher":{"@id":"https:\/\/www.covb.cat\/es\/#organization"},"articleSection":["General"],"inLanguage":"es"},{"@type":"WebPage","@id":"https:\/\/www.covb.cat\/es\/actualitat\/noticies\/general\/aclaraciones-y-respuestas-sobre-las-dudas-del-aiac-anicom\/","url":"https:\/\/www.covb.cat\/es\/actualitat\/noticies\/general\/aclaraciones-y-respuestas-sobre-las-dudas-del-aiac-anicom\/","name":"Aclaraciones y respuestas sobre las dudas del AIAC - ANICOM - COVB - Col\u00b7legi Oficial de Veterinaris de Barcelona","isPartOf":{"@id":"https:\/\/www.covb.cat\/es\/#website"},"datePublished":"2020-09-14T10:03:11+00:00","description":"13 de agosto de 2020 \u2013\u00a0 A ra\u00edz de la comunicaci\u00f3n de la semana pasada sobre la firma del convenio con el Departamento de Territorio de la Generalitat de","breadcrumb":{"@id":"https:\/\/www.covb.cat\/es\/actualitat\/noticies\/general\/aclaraciones-y-respuestas-sobre-las-dudas-del-aiac-anicom\/#breadcrumb"},"inLanguage":"es","potentialAction":[{"@type":"ReadAction","target":["https:\/\/www.covb.cat\/es\/actualitat\/noticies\/general\/aclaraciones-y-respuestas-sobre-las-dudas-del-aiac-anicom\/"]}]},{"@type":"BreadcrumbList","@id":"https:\/\/www.covb.cat\/es\/actualitat\/noticies\/general\/aclaraciones-y-respuestas-sobre-las-dudas-del-aiac-anicom\/#breadcrumb","itemListElement":[{"@type":"ListItem","position":1,"name":"Inici","item":"https:\/\/www.covb.cat\/es\/"},{"@type":"ListItem","position":2,"name":"Aclaraciones y respuestas sobre las dudas del AIAC &#8211; ANICOM"}]},{"@type":"WebSite","@id":"https:\/\/www.covb.cat\/es\/#website","url":"https:\/\/www.covb.cat\/es\/","name":"COVB","description":"Col\u00b7legi Oficial de Veterinaris de Barcelona","publisher":{"@id":"https:\/\/www.covb.cat\/es\/#organization"},"potentialAction":[{"@type":"SearchAction","target":{"@type":"EntryPoint","urlTemplate":"https:\/\/www.covb.cat\/es\/?s={search_term_string}"},"query-input":{"@type":"PropertyValueSpecification","valueRequired":true,"valueName":"search_term_string"}}],"inLanguage":"es"},{"@type":"Organization","@id":"https:\/\/www.covb.cat\/es\/#organization","name":"COVB","url":"https:\/\/www.covb.cat\/es\/","logo":{"@type":"ImageObject","inLanguage":"es","@id":"https:\/\/www.covb.cat\/es\/#\/schema\/logo\/image\/","url":"https:\/\/www.covb.cat\/wp-content\/uploads\/2018\/07\/favicon-covb.png","contentUrl":"https:\/\/www.covb.cat\/wp-content\/uploads\/2018\/07\/favicon-covb.png","width":512,"height":512,"caption":"COVB"},"image":{"@id":"https:\/\/www.covb.cat\/es\/#\/schema\/logo\/image\/"},"sameAs":["https:\/\/www.facebook.com\/COVBcat\/","https:\/\/x.com\/COVBcat","https:\/\/www.youtube.com\/user\/covbcn"]},{"@type":"Person","@id":""}]}},"jetpack_featured_media_url":"","jetpack_sharing_enabled":true,"_links":{"self":[{"href":"https:\/\/www.covb.cat\/es\/wp-json\/wp\/v2\/posts\/2179","targetHints":{"allow":["GET"]}}],"collection":[{"href":"https:\/\/www.covb.cat\/es\/wp-json\/wp\/v2\/posts"}],"about":[{"href":"https:\/\/www.covb.cat\/es\/wp-json\/wp\/v2\/types\/post"}],"author":[{"embeddable":true,"href":"https:\/\/www.covb.cat\/es\/wp-json\/wp\/v2\/users\/106"}],"replies":[{"embeddable":true,"href":"https:\/\/www.covb.cat\/es\/wp-json\/wp\/v2\/comments?post=2179"}],"version-history":[{"count":0,"href":"https:\/\/www.covb.cat\/es\/wp-json\/wp\/v2\/posts\/2179\/revisions"}],"wp:attachment":[{"href":"https:\/\/www.covb.cat\/es\/wp-json\/wp\/v2\/media?parent=2179"}],"wp:term":[{"taxonomy":"category","embeddable":true,"href":"https:\/\/www.covb.cat\/es\/wp-json\/wp\/v2\/categories?post=2179"},{"taxonomy":"post_tag","embeddable":true,"href":"https:\/\/www.covb.cat\/es\/wp-json\/wp\/v2\/tags?post=2179"}],"curies":[{"name":"wp","href":"https:\/\/api.w.org\/{rel}","templated":true}]}}