{"id":2167,"date":"2020-09-14T10:55:52","date_gmt":"2020-09-14T08:55:52","guid":{"rendered":"https:\/\/www.covb.cat\/?p=2167"},"modified":"2020-09-14T10:55:52","modified_gmt":"2020-09-14T08:55:52","slug":"cartel-de-medidas-de-prevencion-de-la-covid-19-en-las-visitas-al-veterinario","status":"publish","type":"post","link":"https:\/\/www.covb.cat\/es\/actualitat\/noticies\/general\/cartel-de-medidas-de-prevencion-de-la-covid-19-en-las-visitas-al-veterinario\/","title":{"rendered":"Cartel de medidas de prevenci\u00f3n de la COVID-19 en las visitas al veterinario"},"content":{"rendered":"<p><strong>31 de julio de 2020 \u2013\u00a0<\/strong><\/p>\n<p>Desde el COVB os facilitamos el p\u00f3ster \u00abPrecauciones en la visita al veterinario durante la COVID-19\u00bb del Consell de Col.legis Veterinaris de Catalunya para que, una vez impreso, se pueda colgar en un lugar visible de la consulta como informaci\u00f3n b\u00e1sica para los usuarios y que ayude a mantener la seguridad en el contexto actual de pandemia.<\/p>\n<p>Se trata de un documento descargable, preparado por autoimpresi\u00f3n en tama\u00f1o Din A4, que de forma muy gr\u00e1fica resume seis consejos b\u00e1sicos. Estamos convencidos que ser\u00e1 de utilidad para contener en la medida de lo posible los posibles contagios.<\/p>\n<p>Descarga del p\u00f3ster: <a href=\"https:\/\/www.covb.cat\/wp-content\/uploads\/2020\/09\/Cartell_Prevencio\u0301_Covid_COVB.png\">Precaucions en la visita al veterinari durant la COVID-19<\/a><\/p>\n","protected":false},"excerpt":{"rendered":"<p>31 de julio de 2020 \u2013\u00a0 Desde el COVB os facilitamos el p\u00f3ster \u00abPrecauciones en la visita al veterinario durante la COVID-19\u00bb del Consell de Col.legis Veterinaris de Catalunya para que, una vez impreso, se pueda colgar en un lugar visible de la consulta como informaci\u00f3n b\u00e1sica para los usuarios y que ayude a mantener [&hellip;]<\/p>\n","protected":false},"author":106,"featured_media":0,"comment_status":"closed","ping_status":"closed","sticky":false,"template":"","format":"standard","meta":{"_monsterinsights_skip_tracking":false,"_monsterinsights_sitenote_active":false,"_monsterinsights_sitenote_note":"","_monsterinsights_sitenote_category":0,"_jetpack_memberships_contains_paid_content":false,"footnotes":""},"categories":[17],"tags":[],"class_list":["post-2167","post","type-post","status-publish","format-standard","hentry","category-general"],"yoast_head":"<!-- This site is optimized with the Yoast SEO plugin v27.0 - https:\/\/yoast.com\/product\/yoast-seo-wordpress\/ -->\n<title>Cartel de medidas de prevenci\u00f3n de la COVID-19 en las visitas al veterinario - COVB - Col\u00b7legi Oficial de Veterinaris de Barcelona<\/title>\n<meta name=\"description\" content=\"31 de julio de 2020 \u2013\u00a0 Desde el COVB os facilitamos el p\u00f3ster &quot;Precauciones en la visita al veterinario durante la COVID-19&quot; del Consell de Col.legis\" \/>\n<meta name=\"robots\" content=\"index, follow, max-snippet:-1, max-image-preview:large, max-video-preview:-1\" \/>\n<link rel=\"canonical\" href=\"https:\/\/www.covb.cat\/es\/actualitat\/noticies\/general\/cartel-de-medidas-de-prevencion-de-la-covid-19-en-las-visitas-al-veterinario\/\" \/>\n<meta property=\"og:locale\" content=\"es_ES\" \/>\n<meta property=\"og:type\" content=\"article\" \/>\n<meta property=\"og:title\" content=\"Cartel de medidas de prevenci\u00f3n de la COVID-19 en las visitas al veterinario - COVB - Col\u00b7legi Oficial de Veterinaris de Barcelona\" \/>\n<meta property=\"og:description\" content=\"31 de julio de 2020 \u2013\u00a0 Desde el COVB os facilitamos el p\u00f3ster &quot;Precauciones en la visita al veterinario durante la COVID-19&quot; del Consell de Col.legis\" \/>\n<meta property=\"og:url\" content=\"https:\/\/www.covb.cat\/es\/actualitat\/noticies\/general\/cartel-de-medidas-de-prevencion-de-la-covid-19-en-las-visitas-al-veterinario\/\" \/>\n<meta property=\"og:site_name\" content=\"COVB\" \/>\n<meta property=\"article:publisher\" content=\"https:\/\/www.facebook.com\/COVBcat\/\" \/>\n<meta property=\"article:published_time\" content=\"2020-09-14T08:55:52+00:00\" \/>\n<meta name=\"twitter:card\" content=\"summary_large_image\" \/>\n<meta name=\"twitter:creator\" content=\"@COVBcat\" \/>\n<meta name=\"twitter:site\" content=\"@COVBcat\" \/>\n<meta name=\"twitter:label1\" content=\"Escrito por\" \/>\n\t<meta name=\"twitter:data1\" content=\"\" \/>\n\t<meta name=\"twitter:label2\" content=\"Tiempo de lectura\" \/>\n\t<meta name=\"twitter:data2\" content=\"1 minuto\" \/>\n<script type=\"application\/ld+json\" class=\"yoast-schema-graph\">{\"@context\":\"https:\/\/schema.org\",\"@graph\":[{\"@type\":\"Article\",\"@id\":\"https:\/\/www.covb.cat\/es\/actualitat\/noticies\/general\/cartel-de-medidas-de-prevencion-de-la-covid-19-en-las-visitas-al-veterinario\/#article\",\"isPartOf\":{\"@id\":\"https:\/\/www.covb.cat\/es\/actualitat\/noticies\/general\/cartel-de-medidas-de-prevencion-de-la-covid-19-en-las-visitas-al-veterinario\/\"},\"author\":{\"name\":\"\",\"@id\":\"\"},\"headline\":\"Cartel de medidas de prevenci\u00f3n de la COVID-19 en las visitas al veterinario\",\"datePublished\":\"2020-09-14T08:55:52+00:00\",\"mainEntityOfPage\":{\"@id\":\"https:\/\/www.covb.cat\/es\/actualitat\/noticies\/general\/cartel-de-medidas-de-prevencion-de-la-covid-19-en-las-visitas-al-veterinario\/\"},\"wordCount\":134,\"publisher\":{\"@id\":\"https:\/\/www.covb.cat\/es\/#organization\"},\"articleSection\":[\"General\"],\"inLanguage\":\"es\"},{\"@type\":\"WebPage\",\"@id\":\"https:\/\/www.covb.cat\/es\/actualitat\/noticies\/general\/cartel-de-medidas-de-prevencion-de-la-covid-19-en-las-visitas-al-veterinario\/\",\"url\":\"https:\/\/www.covb.cat\/es\/actualitat\/noticies\/general\/cartel-de-medidas-de-prevencion-de-la-covid-19-en-las-visitas-al-veterinario\/\",\"name\":\"Cartel de medidas de prevenci\u00f3n de la COVID-19 en las visitas al veterinario - COVB - Col\u00b7legi Oficial de Veterinaris de Barcelona\",\"isPartOf\":{\"@id\":\"https:\/\/www.covb.cat\/es\/#website\"},\"datePublished\":\"2020-09-14T08:55:52+00:00\",\"description\":\"31 de julio de 2020 \u2013\u00a0 Desde el COVB os facilitamos el p\u00f3ster \\\"Precauciones en la visita al veterinario durante la COVID-19\\\" del Consell de Col.legis\",\"breadcrumb\":{\"@id\":\"https:\/\/www.covb.cat\/es\/actualitat\/noticies\/general\/cartel-de-medidas-de-prevencion-de-la-covid-19-en-las-visitas-al-veterinario\/#breadcrumb\"},\"inLanguage\":\"es\",\"potentialAction\":[{\"@type\":\"ReadAction\",\"target\":[\"https:\/\/www.covb.cat\/es\/actualitat\/noticies\/general\/cartel-de-medidas-de-prevencion-de-la-covid-19-en-las-visitas-al-veterinario\/\"]}]},{\"@type\":\"BreadcrumbList\",\"@id\":\"https:\/\/www.covb.cat\/es\/actualitat\/noticies\/general\/cartel-de-medidas-de-prevencion-de-la-covid-19-en-las-visitas-al-veterinario\/#breadcrumb\",\"itemListElement\":[{\"@type\":\"ListItem\",\"position\":1,\"name\":\"Inici\",\"item\":\"https:\/\/www.covb.cat\/es\/\"},{\"@type\":\"ListItem\",\"position\":2,\"name\":\"Cartel de medidas de prevenci\u00f3n de la COVID-19 en las visitas al veterinario\"}]},{\"@type\":\"WebSite\",\"@id\":\"https:\/\/www.covb.cat\/es\/#website\",\"url\":\"https:\/\/www.covb.cat\/es\/\",\"name\":\"COVB\",\"description\":\"Col\u00b7legi Oficial de Veterinaris de Barcelona\",\"publisher\":{\"@id\":\"https:\/\/www.covb.cat\/es\/#organization\"},\"potentialAction\":[{\"@type\":\"SearchAction\",\"target\":{\"@type\":\"EntryPoint\",\"urlTemplate\":\"https:\/\/www.covb.cat\/es\/?s={search_term_string}\"},\"query-input\":{\"@type\":\"PropertyValueSpecification\",\"valueRequired\":true,\"valueName\":\"search_term_string\"}}],\"inLanguage\":\"es\"},{\"@type\":\"Organization\",\"@id\":\"https:\/\/www.covb.cat\/es\/#organization\",\"name\":\"COVB\",\"url\":\"https:\/\/www.covb.cat\/es\/\",\"logo\":{\"@type\":\"ImageObject\",\"inLanguage\":\"es\",\"@id\":\"https:\/\/www.covb.cat\/es\/#\/schema\/logo\/image\/\",\"url\":\"https:\/\/www.covb.cat\/wp-content\/uploads\/2018\/07\/favicon-covb.png\",\"contentUrl\":\"https:\/\/www.covb.cat\/wp-content\/uploads\/2018\/07\/favicon-covb.png\",\"width\":512,\"height\":512,\"caption\":\"COVB\"},\"image\":{\"@id\":\"https:\/\/www.covb.cat\/es\/#\/schema\/logo\/image\/\"},\"sameAs\":[\"https:\/\/www.facebook.com\/COVBcat\/\",\"https:\/\/x.com\/COVBcat\",\"https:\/\/www.youtube.com\/user\/covbcn\"]},{\"@type\":\"Person\",\"@id\":\"\"}]}<\/script>\n<!-- \/ Yoast SEO plugin. -->","yoast_head_json":{"title":"Cartel de medidas de prevenci\u00f3n de la COVID-19 en las visitas al veterinario - COVB - Col\u00b7legi Oficial de Veterinaris de Barcelona","description":"31 de julio de 2020 \u2013\u00a0 Desde el COVB os facilitamos el p\u00f3ster \"Precauciones en la visita al veterinario durante la COVID-19\" del Consell de Col.legis","robots":{"index":"index","follow":"follow","max-snippet":"max-snippet:-1","max-image-preview":"max-image-preview:large","max-video-preview":"max-video-preview:-1"},"canonical":"https:\/\/www.covb.cat\/es\/actualitat\/noticies\/general\/cartel-de-medidas-de-prevencion-de-la-covid-19-en-las-visitas-al-veterinario\/","og_locale":"es_ES","og_type":"article","og_title":"Cartel de medidas de prevenci\u00f3n de la COVID-19 en las visitas al veterinario - COVB - Col\u00b7legi Oficial de Veterinaris de Barcelona","og_description":"31 de julio de 2020 \u2013\u00a0 Desde el COVB os facilitamos el p\u00f3ster \"Precauciones en la visita al veterinario durante la COVID-19\" del Consell de Col.legis","og_url":"https:\/\/www.covb.cat\/es\/actualitat\/noticies\/general\/cartel-de-medidas-de-prevencion-de-la-covid-19-en-las-visitas-al-veterinario\/","og_site_name":"COVB","article_publisher":"https:\/\/www.facebook.com\/COVBcat\/","article_published_time":"2020-09-14T08:55:52+00:00","twitter_card":"summary_large_image","twitter_creator":"@COVBcat","twitter_site":"@COVBcat","twitter_misc":{"Escrito por":"","Tiempo de lectura":"1 minuto"},"schema":{"@context":"https:\/\/schema.org","@graph":[{"@type":"Article","@id":"https:\/\/www.covb.cat\/es\/actualitat\/noticies\/general\/cartel-de-medidas-de-prevencion-de-la-covid-19-en-las-visitas-al-veterinario\/#article","isPartOf":{"@id":"https:\/\/www.covb.cat\/es\/actualitat\/noticies\/general\/cartel-de-medidas-de-prevencion-de-la-covid-19-en-las-visitas-al-veterinario\/"},"author":{"name":"","@id":""},"headline":"Cartel de medidas de prevenci\u00f3n de la COVID-19 en las visitas al veterinario","datePublished":"2020-09-14T08:55:52+00:00","mainEntityOfPage":{"@id":"https:\/\/www.covb.cat\/es\/actualitat\/noticies\/general\/cartel-de-medidas-de-prevencion-de-la-covid-19-en-las-visitas-al-veterinario\/"},"wordCount":134,"publisher":{"@id":"https:\/\/www.covb.cat\/es\/#organization"},"articleSection":["General"],"inLanguage":"es"},{"@type":"WebPage","@id":"https:\/\/www.covb.cat\/es\/actualitat\/noticies\/general\/cartel-de-medidas-de-prevencion-de-la-covid-19-en-las-visitas-al-veterinario\/","url":"https:\/\/www.covb.cat\/es\/actualitat\/noticies\/general\/cartel-de-medidas-de-prevencion-de-la-covid-19-en-las-visitas-al-veterinario\/","name":"Cartel de medidas de prevenci\u00f3n de la COVID-19 en las visitas al veterinario - COVB - Col\u00b7legi Oficial de Veterinaris de Barcelona","isPartOf":{"@id":"https:\/\/www.covb.cat\/es\/#website"},"datePublished":"2020-09-14T08:55:52+00:00","description":"31 de julio de 2020 \u2013\u00a0 Desde el COVB os facilitamos el p\u00f3ster \"Precauciones en la visita al veterinario durante la COVID-19\" del Consell de Col.legis","breadcrumb":{"@id":"https:\/\/www.covb.cat\/es\/actualitat\/noticies\/general\/cartel-de-medidas-de-prevencion-de-la-covid-19-en-las-visitas-al-veterinario\/#breadcrumb"},"inLanguage":"es","potentialAction":[{"@type":"ReadAction","target":["https:\/\/www.covb.cat\/es\/actualitat\/noticies\/general\/cartel-de-medidas-de-prevencion-de-la-covid-19-en-las-visitas-al-veterinario\/"]}]},{"@type":"BreadcrumbList","@id":"https:\/\/www.covb.cat\/es\/actualitat\/noticies\/general\/cartel-de-medidas-de-prevencion-de-la-covid-19-en-las-visitas-al-veterinario\/#breadcrumb","itemListElement":[{"@type":"ListItem","position":1,"name":"Inici","item":"https:\/\/www.covb.cat\/es\/"},{"@type":"ListItem","position":2,"name":"Cartel de medidas de prevenci\u00f3n de la COVID-19 en las visitas al veterinario"}]},{"@type":"WebSite","@id":"https:\/\/www.covb.cat\/es\/#website","url":"https:\/\/www.covb.cat\/es\/","name":"COVB","description":"Col\u00b7legi Oficial de Veterinaris de Barcelona","publisher":{"@id":"https:\/\/www.covb.cat\/es\/#organization"},"potentialAction":[{"@type":"SearchAction","target":{"@type":"EntryPoint","urlTemplate":"https:\/\/www.covb.cat\/es\/?s={search_term_string}"},"query-input":{"@type":"PropertyValueSpecification","valueRequired":true,"valueName":"search_term_string"}}],"inLanguage":"es"},{"@type":"Organization","@id":"https:\/\/www.covb.cat\/es\/#organization","name":"COVB","url":"https:\/\/www.covb.cat\/es\/","logo":{"@type":"ImageObject","inLanguage":"es","@id":"https:\/\/www.covb.cat\/es\/#\/schema\/logo\/image\/","url":"https:\/\/www.covb.cat\/wp-content\/uploads\/2018\/07\/favicon-covb.png","contentUrl":"https:\/\/www.covb.cat\/wp-content\/uploads\/2018\/07\/favicon-covb.png","width":512,"height":512,"caption":"COVB"},"image":{"@id":"https:\/\/www.covb.cat\/es\/#\/schema\/logo\/image\/"},"sameAs":["https:\/\/www.facebook.com\/COVBcat\/","https:\/\/x.com\/COVBcat","https:\/\/www.youtube.com\/user\/covbcn"]},{"@type":"Person","@id":""}]}},"jetpack_featured_media_url":"","jetpack_sharing_enabled":true,"_links":{"self":[{"href":"https:\/\/www.covb.cat\/es\/wp-json\/wp\/v2\/posts\/2167","targetHints":{"allow":["GET"]}}],"collection":[{"href":"https:\/\/www.covb.cat\/es\/wp-json\/wp\/v2\/posts"}],"about":[{"href":"https:\/\/www.covb.cat\/es\/wp-json\/wp\/v2\/types\/post"}],"author":[{"embeddable":true,"href":"https:\/\/www.covb.cat\/es\/wp-json\/wp\/v2\/users\/106"}],"replies":[{"embeddable":true,"href":"https:\/\/www.covb.cat\/es\/wp-json\/wp\/v2\/comments?post=2167"}],"version-history":[{"count":0,"href":"https:\/\/www.covb.cat\/es\/wp-json\/wp\/v2\/posts\/2167\/revisions"}],"wp:attachment":[{"href":"https:\/\/www.covb.cat\/es\/wp-json\/wp\/v2\/media?parent=2167"}],"wp:term":[{"taxonomy":"category","embeddable":true,"href":"https:\/\/www.covb.cat\/es\/wp-json\/wp\/v2\/categories?post=2167"},{"taxonomy":"post_tag","embeddable":true,"href":"https:\/\/www.covb.cat\/es\/wp-json\/wp\/v2\/tags?post=2167"}],"curies":[{"name":"wp","href":"https:\/\/api.w.org\/{rel}","templated":true}]}}