{"id":2116,"date":"2020-09-14T10:05:40","date_gmt":"2020-09-14T08:05:40","guid":{"rendered":"https:\/\/www.covb.cat\/?p=2116"},"modified":"2020-09-14T10:05:40","modified_gmt":"2020-09-14T08:05:40","slug":"el-covb-se-suma-a-la-exigencia-de-cdve-para-que-se-incluyan-veterinarios-en-el-grupo-de-trabajo-sanidad-y-salud-publica-sobre-la-covid-19","status":"publish","type":"post","link":"https:\/\/www.covb.cat\/es\/actualitat\/noticies\/general\/el-covb-se-suma-a-la-exigencia-de-cdve-para-que-se-incluyan-veterinarios-en-el-grupo-de-trabajo-sanidad-y-salud-publica-sobre-la-covid-19\/","title":{"rendered":"El COVB se suma a la exigencia de CDVE para que se incluyan veterinarios en el Grupo de trabajo Sanidad y Salud P\u00fablica sobre la COVID-19"},"content":{"rendered":"<p>\u2013 27 de julio de 2020 \u2013<\/p>\n<p>El Colegio Oficial de Veterinarios de Barcelona da todo su apoyo a la Conferencia de Decanos de Facultades de Veterinaria Espa\u00f1olas (CDVE) que, a trav\u00e9s de su Presidenta, ha mostrado la gran preocupaci\u00f3n por el riesgo que supondr\u00eda excluir a los veterinarios de la salud p\u00fablica, m\u00e1s en un contexto como el de la pandemia actual de COVID-19.<\/p>\n<p>Preocupaci\u00f3n compartida que se deriva del seguimiento de las diferentes informaciones que aparecen en los medios de comunicaci\u00f3n, las cuales demuestran claramente que no se sabe el papel fundamental que juegan los veterinarios en el \u00e1mbito de la salud p\u00fablica.<\/p>\n<p>No se entiende que desde la Administraci\u00f3n se excluya a nuestro colectivo profesional cuando este coronavirus tiene su origen justamente en una transmisi\u00f3n de animal a humano. Tanto en el Grupo de trabajo Sanidad y Salud P\u00fablica que ha montado el Gobierno en torno al COVID-19 ni entre los 34 expertos de la subcomisi\u00f3n se encuentra un solo veterinario.<\/p>\n<p>Nuestro Colegio se suma as\u00ed con el CDVE, la Organizaci\u00f3n Colegial Veterinaria Espa\u00f1ola y otras entidades veterinarias para\u00a0 dar voz a esta falta de concienciaci\u00f3n por parte de los medios y parte de la sociedad. Desde el COVB seguiremos trabajando para aglutinar esfuerzos en la lucha com\u00fan que supone el reconocimiento de la relevancia de la veterinaria en el \u00e1mbito de la salud p\u00fablica.<\/p>\n<p>El comunicado \u00edntegro del CDVE se puede leer <a href=\"https:\/\/www.covb.cat\/wp-content\/uploads\/2020\/09\/Comunicado_CDVE_exclusion_veterinarios_salud_pu%CC%81blica.pdf\">AQU\u00cd<\/a>.<\/p>\n","protected":false},"excerpt":{"rendered":"<p>\u2013 27 de julio de 2020 \u2013 El Colegio Oficial de Veterinarios de Barcelona da todo su apoyo a la Conferencia de Decanos de Facultades de Veterinaria Espa\u00f1olas (CDVE) que, a trav\u00e9s de su Presidenta, ha mostrado la gran preocupaci\u00f3n por el riesgo que supondr\u00eda excluir a los veterinarios de la salud p\u00fablica, m\u00e1s en [&hellip;]<\/p>\n","protected":false},"author":106,"featured_media":0,"comment_status":"closed","ping_status":"closed","sticky":false,"template":"","format":"standard","meta":{"_monsterinsights_skip_tracking":false,"_monsterinsights_sitenote_active":false,"_monsterinsights_sitenote_note":"","_monsterinsights_sitenote_category":0,"_jetpack_memberships_contains_paid_content":false,"footnotes":""},"categories":[17],"tags":[],"class_list":["post-2116","post","type-post","status-publish","format-standard","hentry","category-general"],"yoast_head":"<!-- This site is optimized with the Yoast SEO plugin v27.0 - https:\/\/yoast.com\/product\/yoast-seo-wordpress\/ -->\n<title>El COVB se suma a la exigencia de CDVE para que se incluyan veterinarios en el Grupo de trabajo Sanidad y Salud P\u00fablica sobre la COVID-19 - COVB - Col\u00b7legi Oficial de Veterinaris de Barcelona<\/title>\n<meta name=\"description\" content=\"\u2013 27 de julio de 2020 \u2013 El Colegio Oficial de Veterinarios de Barcelona da todo su apoyo a la Conferencia de Decanos de Facultades de Veterinaria\" \/>\n<meta name=\"robots\" content=\"index, follow, max-snippet:-1, max-image-preview:large, max-video-preview:-1\" \/>\n<link rel=\"canonical\" href=\"https:\/\/www.covb.cat\/es\/actualitat\/noticies\/general\/el-covb-se-suma-a-la-exigencia-de-cdve-para-que-se-incluyan-veterinarios-en-el-grupo-de-trabajo-sanidad-y-salud-publica-sobre-la-covid-19\/\" \/>\n<meta property=\"og:locale\" content=\"es_ES\" \/>\n<meta property=\"og:type\" content=\"article\" \/>\n<meta property=\"og:title\" content=\"El COVB se suma a la exigencia de CDVE para que se incluyan veterinarios en el Grupo de trabajo Sanidad y Salud P\u00fablica sobre la COVID-19 - COVB - Col\u00b7legi Oficial de Veterinaris de Barcelona\" \/>\n<meta property=\"og:description\" content=\"\u2013 27 de julio de 2020 \u2013 El Colegio Oficial de Veterinarios de Barcelona da todo su apoyo a la Conferencia de Decanos de Facultades de Veterinaria\" \/>\n<meta property=\"og:url\" content=\"https:\/\/www.covb.cat\/es\/actualitat\/noticies\/general\/el-covb-se-suma-a-la-exigencia-de-cdve-para-que-se-incluyan-veterinarios-en-el-grupo-de-trabajo-sanidad-y-salud-publica-sobre-la-covid-19\/\" \/>\n<meta property=\"og:site_name\" content=\"COVB\" \/>\n<meta property=\"article:publisher\" content=\"https:\/\/www.facebook.com\/COVBcat\/\" \/>\n<meta property=\"article:published_time\" content=\"2020-09-14T08:05:40+00:00\" \/>\n<meta name=\"twitter:card\" content=\"summary_large_image\" \/>\n<meta name=\"twitter:creator\" content=\"@COVBcat\" \/>\n<meta name=\"twitter:site\" content=\"@COVBcat\" \/>\n<meta name=\"twitter:label1\" content=\"Escrito por\" \/>\n\t<meta name=\"twitter:data1\" content=\"\" \/>\n\t<meta name=\"twitter:label2\" content=\"Tiempo de lectura\" \/>\n\t<meta name=\"twitter:data2\" content=\"1 minuto\" \/>\n<script type=\"application\/ld+json\" class=\"yoast-schema-graph\">{\"@context\":\"https:\/\/schema.org\",\"@graph\":[{\"@type\":\"Article\",\"@id\":\"https:\/\/www.covb.cat\/es\/actualitat\/noticies\/general\/el-covb-se-suma-a-la-exigencia-de-cdve-para-que-se-incluyan-veterinarios-en-el-grupo-de-trabajo-sanidad-y-salud-publica-sobre-la-covid-19\/#article\",\"isPartOf\":{\"@id\":\"https:\/\/www.covb.cat\/es\/actualitat\/noticies\/general\/el-covb-se-suma-a-la-exigencia-de-cdve-para-que-se-incluyan-veterinarios-en-el-grupo-de-trabajo-sanidad-y-salud-publica-sobre-la-covid-19\/\"},\"author\":{\"name\":\"\",\"@id\":\"\"},\"headline\":\"El COVB se suma a la exigencia de CDVE para que se incluyan veterinarios en el Grupo de trabajo Sanidad y Salud P\u00fablica sobre la COVID-19\",\"datePublished\":\"2020-09-14T08:05:40+00:00\",\"mainEntityOfPage\":{\"@id\":\"https:\/\/www.covb.cat\/es\/actualitat\/noticies\/general\/el-covb-se-suma-a-la-exigencia-de-cdve-para-que-se-incluyan-veterinarios-en-el-grupo-de-trabajo-sanidad-y-salud-publica-sobre-la-covid-19\/\"},\"wordCount\":277,\"publisher\":{\"@id\":\"https:\/\/www.covb.cat\/es\/#organization\"},\"articleSection\":[\"General\"],\"inLanguage\":\"es\"},{\"@type\":\"WebPage\",\"@id\":\"https:\/\/www.covb.cat\/es\/actualitat\/noticies\/general\/el-covb-se-suma-a-la-exigencia-de-cdve-para-que-se-incluyan-veterinarios-en-el-grupo-de-trabajo-sanidad-y-salud-publica-sobre-la-covid-19\/\",\"url\":\"https:\/\/www.covb.cat\/es\/actualitat\/noticies\/general\/el-covb-se-suma-a-la-exigencia-de-cdve-para-que-se-incluyan-veterinarios-en-el-grupo-de-trabajo-sanidad-y-salud-publica-sobre-la-covid-19\/\",\"name\":\"El COVB se suma a la exigencia de CDVE para que se incluyan veterinarios en el Grupo de trabajo Sanidad y Salud P\u00fablica sobre la COVID-19 - COVB - Col\u00b7legi Oficial de Veterinaris de Barcelona\",\"isPartOf\":{\"@id\":\"https:\/\/www.covb.cat\/es\/#website\"},\"datePublished\":\"2020-09-14T08:05:40+00:00\",\"description\":\"\u2013 27 de julio de 2020 \u2013 El Colegio Oficial de Veterinarios de Barcelona da todo su apoyo a la Conferencia de Decanos de Facultades de Veterinaria\",\"breadcrumb\":{\"@id\":\"https:\/\/www.covb.cat\/es\/actualitat\/noticies\/general\/el-covb-se-suma-a-la-exigencia-de-cdve-para-que-se-incluyan-veterinarios-en-el-grupo-de-trabajo-sanidad-y-salud-publica-sobre-la-covid-19\/#breadcrumb\"},\"inLanguage\":\"es\",\"potentialAction\":[{\"@type\":\"ReadAction\",\"target\":[\"https:\/\/www.covb.cat\/es\/actualitat\/noticies\/general\/el-covb-se-suma-a-la-exigencia-de-cdve-para-que-se-incluyan-veterinarios-en-el-grupo-de-trabajo-sanidad-y-salud-publica-sobre-la-covid-19\/\"]}]},{\"@type\":\"BreadcrumbList\",\"@id\":\"https:\/\/www.covb.cat\/es\/actualitat\/noticies\/general\/el-covb-se-suma-a-la-exigencia-de-cdve-para-que-se-incluyan-veterinarios-en-el-grupo-de-trabajo-sanidad-y-salud-publica-sobre-la-covid-19\/#breadcrumb\",\"itemListElement\":[{\"@type\":\"ListItem\",\"position\":1,\"name\":\"Inici\",\"item\":\"https:\/\/www.covb.cat\/es\/\"},{\"@type\":\"ListItem\",\"position\":2,\"name\":\"El COVB se suma a la exigencia de CDVE para que se incluyan veterinarios en el Grupo de trabajo Sanidad y Salud P\u00fablica sobre la COVID-19\"}]},{\"@type\":\"WebSite\",\"@id\":\"https:\/\/www.covb.cat\/es\/#website\",\"url\":\"https:\/\/www.covb.cat\/es\/\",\"name\":\"COVB\",\"description\":\"Col\u00b7legi Oficial de Veterinaris de Barcelona\",\"publisher\":{\"@id\":\"https:\/\/www.covb.cat\/es\/#organization\"},\"potentialAction\":[{\"@type\":\"SearchAction\",\"target\":{\"@type\":\"EntryPoint\",\"urlTemplate\":\"https:\/\/www.covb.cat\/es\/?s={search_term_string}\"},\"query-input\":{\"@type\":\"PropertyValueSpecification\",\"valueRequired\":true,\"valueName\":\"search_term_string\"}}],\"inLanguage\":\"es\"},{\"@type\":\"Organization\",\"@id\":\"https:\/\/www.covb.cat\/es\/#organization\",\"name\":\"COVB\",\"url\":\"https:\/\/www.covb.cat\/es\/\",\"logo\":{\"@type\":\"ImageObject\",\"inLanguage\":\"es\",\"@id\":\"https:\/\/www.covb.cat\/es\/#\/schema\/logo\/image\/\",\"url\":\"https:\/\/www.covb.cat\/wp-content\/uploads\/2018\/07\/favicon-covb.png\",\"contentUrl\":\"https:\/\/www.covb.cat\/wp-content\/uploads\/2018\/07\/favicon-covb.png\",\"width\":512,\"height\":512,\"caption\":\"COVB\"},\"image\":{\"@id\":\"https:\/\/www.covb.cat\/es\/#\/schema\/logo\/image\/\"},\"sameAs\":[\"https:\/\/www.facebook.com\/COVBcat\/\",\"https:\/\/x.com\/COVBcat\",\"https:\/\/www.youtube.com\/user\/covbcn\"]},{\"@type\":\"Person\",\"@id\":\"\"}]}<\/script>\n<!-- \/ Yoast SEO plugin. -->","yoast_head_json":{"title":"El COVB se suma a la exigencia de CDVE para que se incluyan veterinarios en el Grupo de trabajo Sanidad y Salud P\u00fablica sobre la COVID-19 - COVB - Col\u00b7legi Oficial de Veterinaris de Barcelona","description":"\u2013 27 de julio de 2020 \u2013 El Colegio Oficial de Veterinarios de Barcelona da todo su apoyo a la Conferencia de Decanos de Facultades de Veterinaria","robots":{"index":"index","follow":"follow","max-snippet":"max-snippet:-1","max-image-preview":"max-image-preview:large","max-video-preview":"max-video-preview:-1"},"canonical":"https:\/\/www.covb.cat\/es\/actualitat\/noticies\/general\/el-covb-se-suma-a-la-exigencia-de-cdve-para-que-se-incluyan-veterinarios-en-el-grupo-de-trabajo-sanidad-y-salud-publica-sobre-la-covid-19\/","og_locale":"es_ES","og_type":"article","og_title":"El COVB se suma a la exigencia de CDVE para que se incluyan veterinarios en el Grupo de trabajo Sanidad y Salud P\u00fablica sobre la COVID-19 - COVB - Col\u00b7legi Oficial de Veterinaris de Barcelona","og_description":"\u2013 27 de julio de 2020 \u2013 El Colegio Oficial de Veterinarios de Barcelona da todo su apoyo a la Conferencia de Decanos de Facultades de Veterinaria","og_url":"https:\/\/www.covb.cat\/es\/actualitat\/noticies\/general\/el-covb-se-suma-a-la-exigencia-de-cdve-para-que-se-incluyan-veterinarios-en-el-grupo-de-trabajo-sanidad-y-salud-publica-sobre-la-covid-19\/","og_site_name":"COVB","article_publisher":"https:\/\/www.facebook.com\/COVBcat\/","article_published_time":"2020-09-14T08:05:40+00:00","twitter_card":"summary_large_image","twitter_creator":"@COVBcat","twitter_site":"@COVBcat","twitter_misc":{"Escrito por":"","Tiempo de lectura":"1 minuto"},"schema":{"@context":"https:\/\/schema.org","@graph":[{"@type":"Article","@id":"https:\/\/www.covb.cat\/es\/actualitat\/noticies\/general\/el-covb-se-suma-a-la-exigencia-de-cdve-para-que-se-incluyan-veterinarios-en-el-grupo-de-trabajo-sanidad-y-salud-publica-sobre-la-covid-19\/#article","isPartOf":{"@id":"https:\/\/www.covb.cat\/es\/actualitat\/noticies\/general\/el-covb-se-suma-a-la-exigencia-de-cdve-para-que-se-incluyan-veterinarios-en-el-grupo-de-trabajo-sanidad-y-salud-publica-sobre-la-covid-19\/"},"author":{"name":"","@id":""},"headline":"El COVB se suma a la exigencia de CDVE para que se incluyan veterinarios en el Grupo de trabajo Sanidad y Salud P\u00fablica sobre la COVID-19","datePublished":"2020-09-14T08:05:40+00:00","mainEntityOfPage":{"@id":"https:\/\/www.covb.cat\/es\/actualitat\/noticies\/general\/el-covb-se-suma-a-la-exigencia-de-cdve-para-que-se-incluyan-veterinarios-en-el-grupo-de-trabajo-sanidad-y-salud-publica-sobre-la-covid-19\/"},"wordCount":277,"publisher":{"@id":"https:\/\/www.covb.cat\/es\/#organization"},"articleSection":["General"],"inLanguage":"es"},{"@type":"WebPage","@id":"https:\/\/www.covb.cat\/es\/actualitat\/noticies\/general\/el-covb-se-suma-a-la-exigencia-de-cdve-para-que-se-incluyan-veterinarios-en-el-grupo-de-trabajo-sanidad-y-salud-publica-sobre-la-covid-19\/","url":"https:\/\/www.covb.cat\/es\/actualitat\/noticies\/general\/el-covb-se-suma-a-la-exigencia-de-cdve-para-que-se-incluyan-veterinarios-en-el-grupo-de-trabajo-sanidad-y-salud-publica-sobre-la-covid-19\/","name":"El COVB se suma a la exigencia de CDVE para que se incluyan veterinarios en el Grupo de trabajo Sanidad y Salud P\u00fablica sobre la COVID-19 - COVB - Col\u00b7legi Oficial de Veterinaris de Barcelona","isPartOf":{"@id":"https:\/\/www.covb.cat\/es\/#website"},"datePublished":"2020-09-14T08:05:40+00:00","description":"\u2013 27 de julio de 2020 \u2013 El Colegio Oficial de Veterinarios de Barcelona da todo su apoyo a la Conferencia de Decanos de Facultades de Veterinaria","breadcrumb":{"@id":"https:\/\/www.covb.cat\/es\/actualitat\/noticies\/general\/el-covb-se-suma-a-la-exigencia-de-cdve-para-que-se-incluyan-veterinarios-en-el-grupo-de-trabajo-sanidad-y-salud-publica-sobre-la-covid-19\/#breadcrumb"},"inLanguage":"es","potentialAction":[{"@type":"ReadAction","target":["https:\/\/www.covb.cat\/es\/actualitat\/noticies\/general\/el-covb-se-suma-a-la-exigencia-de-cdve-para-que-se-incluyan-veterinarios-en-el-grupo-de-trabajo-sanidad-y-salud-publica-sobre-la-covid-19\/"]}]},{"@type":"BreadcrumbList","@id":"https:\/\/www.covb.cat\/es\/actualitat\/noticies\/general\/el-covb-se-suma-a-la-exigencia-de-cdve-para-que-se-incluyan-veterinarios-en-el-grupo-de-trabajo-sanidad-y-salud-publica-sobre-la-covid-19\/#breadcrumb","itemListElement":[{"@type":"ListItem","position":1,"name":"Inici","item":"https:\/\/www.covb.cat\/es\/"},{"@type":"ListItem","position":2,"name":"El COVB se suma a la exigencia de CDVE para que se incluyan veterinarios en el Grupo de trabajo Sanidad y Salud P\u00fablica sobre la COVID-19"}]},{"@type":"WebSite","@id":"https:\/\/www.covb.cat\/es\/#website","url":"https:\/\/www.covb.cat\/es\/","name":"COVB","description":"Col\u00b7legi Oficial de Veterinaris de Barcelona","publisher":{"@id":"https:\/\/www.covb.cat\/es\/#organization"},"potentialAction":[{"@type":"SearchAction","target":{"@type":"EntryPoint","urlTemplate":"https:\/\/www.covb.cat\/es\/?s={search_term_string}"},"query-input":{"@type":"PropertyValueSpecification","valueRequired":true,"valueName":"search_term_string"}}],"inLanguage":"es"},{"@type":"Organization","@id":"https:\/\/www.covb.cat\/es\/#organization","name":"COVB","url":"https:\/\/www.covb.cat\/es\/","logo":{"@type":"ImageObject","inLanguage":"es","@id":"https:\/\/www.covb.cat\/es\/#\/schema\/logo\/image\/","url":"https:\/\/www.covb.cat\/wp-content\/uploads\/2018\/07\/favicon-covb.png","contentUrl":"https:\/\/www.covb.cat\/wp-content\/uploads\/2018\/07\/favicon-covb.png","width":512,"height":512,"caption":"COVB"},"image":{"@id":"https:\/\/www.covb.cat\/es\/#\/schema\/logo\/image\/"},"sameAs":["https:\/\/www.facebook.com\/COVBcat\/","https:\/\/x.com\/COVBcat","https:\/\/www.youtube.com\/user\/covbcn"]},{"@type":"Person","@id":""}]}},"jetpack_featured_media_url":"","jetpack_sharing_enabled":true,"_links":{"self":[{"href":"https:\/\/www.covb.cat\/es\/wp-json\/wp\/v2\/posts\/2116","targetHints":{"allow":["GET"]}}],"collection":[{"href":"https:\/\/www.covb.cat\/es\/wp-json\/wp\/v2\/posts"}],"about":[{"href":"https:\/\/www.covb.cat\/es\/wp-json\/wp\/v2\/types\/post"}],"author":[{"embeddable":true,"href":"https:\/\/www.covb.cat\/es\/wp-json\/wp\/v2\/users\/106"}],"replies":[{"embeddable":true,"href":"https:\/\/www.covb.cat\/es\/wp-json\/wp\/v2\/comments?post=2116"}],"version-history":[{"count":0,"href":"https:\/\/www.covb.cat\/es\/wp-json\/wp\/v2\/posts\/2116\/revisions"}],"wp:attachment":[{"href":"https:\/\/www.covb.cat\/es\/wp-json\/wp\/v2\/media?parent=2116"}],"wp:term":[{"taxonomy":"category","embeddable":true,"href":"https:\/\/www.covb.cat\/es\/wp-json\/wp\/v2\/categories?post=2116"},{"taxonomy":"post_tag","embeddable":true,"href":"https:\/\/www.covb.cat\/es\/wp-json\/wp\/v2\/tags?post=2116"}],"curies":[{"name":"wp","href":"https:\/\/api.w.org\/{rel}","templated":true}]}}