{"id":21121,"date":"2022-07-18T17:28:04","date_gmt":"2022-07-18T15:28:04","guid":{"rendered":"https:\/\/www.covb.cat\/?p=21121"},"modified":"2022-07-18T17:28:04","modified_gmt":"2022-07-18T15:28:04","slug":"marta-legido-sera-el-enlace-del-consell-de-collegis-veterinaris-de-catalunya-con-la-fundacio-galatea","status":"publish","type":"post","link":"https:\/\/www.covb.cat\/es\/actualitat\/noticies\/general\/marta-legido-sera-el-enlace-del-consell-de-collegis-veterinaris-de-catalunya-con-la-fundacio-galatea\/","title":{"rendered":"Marta Legido ser\u00e1 el enlace del Consell de Col\u00b7legis Veterinaris de Catalunya con la Fundaci\u00f3 Galatea"},"content":{"rendered":"<p>Marta Legido, que es el enlace del Col\u00b7legi Oficial de Veterinaris de Barcelona (COVB)\u00a0con la Fundaci\u00f3 Galatea desde el a\u00f1o 2011, ser\u00e1 ahora tambi\u00e9n el enlace del Consell de Col\u00b7legis Veterinaris de Catalunya con la Fundaci\u00f3 Galatea tras la firma del convenio de colaboraci\u00f3n entre ambas entidades.<\/p>\n<p>La Fundaci\u00f3 Galatea proporciona un servicio asistencial de calidad que cuenta con profesionales de mucho prestigio y, sobre todo, especialistas en la salud mental de los profesionales sanitarios. Son expertos en los perfiles que los sanitarios tienen en com\u00fan, pero tambi\u00e9n en las especificidades de cada colectivo.<\/p>\n<p>En esta entrevista, Marta Legido Mateo recuerda cu\u00e1les son sus funciones como enlace y la importancia del programa ASSIS, nombre del programa espec\u00edfico para nuestra profesi\u00f3n.<\/p>\n<p><a href=\"https:\/\/www.veterinaris.cat\/entrevista-a-marta-legido-membre-del-ccvc-i-enllac-del-consell-de-collegis-veterinaris-de-catalunya-amb-la-fundacio-galatea\/\">Entrevista a Marta Legido <\/a><\/p>\n","protected":false},"excerpt":{"rendered":"<p>Marta Legido, que es el enlace del Col\u00b7legi Oficial de Veterinaris de Barcelona (COVB)\u00a0con la Fundaci\u00f3 Galatea desde el a\u00f1o 2011, ser\u00e1 ahora tambi\u00e9n el enlace del Consell de Col\u00b7legis Veterinaris de Catalunya con la Fundaci\u00f3 Galatea tras la firma del convenio de colaboraci\u00f3n entre ambas entidades. La Fundaci\u00f3 Galatea proporciona un servicio asistencial de [&hellip;]<\/p>\n","protected":false},"author":106,"featured_media":21060,"comment_status":"closed","ping_status":"closed","sticky":false,"template":"","format":"standard","meta":{"_monsterinsights_skip_tracking":false,"_monsterinsights_sitenote_active":false,"_monsterinsights_sitenote_note":"","_monsterinsights_sitenote_category":0,"_jetpack_memberships_contains_paid_content":false,"footnotes":""},"categories":[138,17],"tags":[],"class_list":["post-21121","post","type-post","status-publish","format-standard","has-post-thumbnail","hentry","category-corporativo","category-general"],"yoast_head":"<!-- This site is optimized with the Yoast SEO plugin v27.0 - https:\/\/yoast.com\/product\/yoast-seo-wordpress\/ -->\n<title>Marta Legido ser\u00e1 el enlace del Consell de Col\u00b7legis Veterinaris de Catalunya con la Fundaci\u00f3 Galatea - COVB - Col\u00b7legi Oficial de Veterinaris de Barcelona<\/title>\n<meta name=\"description\" content=\"Marta Legido, que es el enlace del Col\u00b7legi Oficial de Veterinaris de Barcelona (COVB)\u00a0con la Fundaci\u00f3 Galatea desde el a\u00f1o 2011, ser\u00e1 ahora tambi\u00e9n el\" \/>\n<meta name=\"robots\" content=\"index, follow, max-snippet:-1, max-image-preview:large, max-video-preview:-1\" \/>\n<link rel=\"canonical\" href=\"https:\/\/www.covb.cat\/es\/actualitat\/noticies\/general\/marta-legido-sera-el-enlace-del-consell-de-collegis-veterinaris-de-catalunya-con-la-fundacio-galatea\/\" \/>\n<meta property=\"og:locale\" content=\"es_ES\" \/>\n<meta property=\"og:type\" content=\"article\" \/>\n<meta property=\"og:title\" content=\"Marta Legido ser\u00e1 el enlace del Consell de Col\u00b7legis Veterinaris de Catalunya con la Fundaci\u00f3 Galatea - COVB - Col\u00b7legi Oficial de Veterinaris de Barcelona\" \/>\n<meta property=\"og:description\" content=\"Marta Legido, que es el enlace del Col\u00b7legi Oficial de Veterinaris de Barcelona (COVB)\u00a0con la Fundaci\u00f3 Galatea desde el a\u00f1o 2011, ser\u00e1 ahora tambi\u00e9n el\" \/>\n<meta property=\"og:url\" content=\"https:\/\/www.covb.cat\/es\/actualitat\/noticies\/general\/marta-legido-sera-el-enlace-del-consell-de-collegis-veterinaris-de-catalunya-con-la-fundacio-galatea\/\" \/>\n<meta property=\"og:site_name\" content=\"COVB\" \/>\n<meta property=\"article:publisher\" content=\"https:\/\/www.facebook.com\/COVBcat\/\" \/>\n<meta property=\"article:published_time\" content=\"2022-07-18T15:28:04+00:00\" \/>\n<meta property=\"og:image\" content=\"https:\/\/www.covb.cat\/wp-content\/uploads\/2022\/07\/WhatsApp-Image-2022-06-30-at-7.09.58-PM-400x533-1.jpeg\" \/>\n\t<meta property=\"og:image:width\" content=\"400\" \/>\n\t<meta property=\"og:image:height\" content=\"533\" \/>\n\t<meta property=\"og:image:type\" content=\"image\/jpeg\" \/>\n<meta name=\"twitter:card\" content=\"summary_large_image\" \/>\n<meta name=\"twitter:creator\" content=\"@COVBcat\" \/>\n<meta name=\"twitter:site\" content=\"@COVBcat\" \/>\n<meta name=\"twitter:label1\" content=\"Escrito por\" \/>\n\t<meta name=\"twitter:data1\" content=\"\" \/>\n\t<meta name=\"twitter:label2\" content=\"Tiempo de lectura\" \/>\n\t<meta name=\"twitter:data2\" content=\"1 minuto\" \/>\n<script type=\"application\/ld+json\" class=\"yoast-schema-graph\">{\"@context\":\"https:\/\/schema.org\",\"@graph\":[{\"@type\":\"Article\",\"@id\":\"https:\/\/www.covb.cat\/es\/actualitat\/noticies\/general\/marta-legido-sera-el-enlace-del-consell-de-collegis-veterinaris-de-catalunya-con-la-fundacio-galatea\/#article\",\"isPartOf\":{\"@id\":\"https:\/\/www.covb.cat\/es\/actualitat\/noticies\/general\/marta-legido-sera-el-enlace-del-consell-de-collegis-veterinaris-de-catalunya-con-la-fundacio-galatea\/\"},\"author\":{\"name\":\"\",\"@id\":\"\"},\"headline\":\"Marta Legido ser\u00e1 el enlace del Consell de Col\u00b7legis Veterinaris de Catalunya con la Fundaci\u00f3 Galatea\",\"datePublished\":\"2022-07-18T15:28:04+00:00\",\"mainEntityOfPage\":{\"@id\":\"https:\/\/www.covb.cat\/es\/actualitat\/noticies\/general\/marta-legido-sera-el-enlace-del-consell-de-collegis-veterinaris-de-catalunya-con-la-fundacio-galatea\/\"},\"wordCount\":151,\"publisher\":{\"@id\":\"https:\/\/www.covb.cat\/es\/#organization\"},\"image\":{\"@id\":\"https:\/\/www.covb.cat\/es\/actualitat\/noticies\/general\/marta-legido-sera-el-enlace-del-consell-de-collegis-veterinaris-de-catalunya-con-la-fundacio-galatea\/#primaryimage\"},\"thumbnailUrl\":\"https:\/\/www.covb.cat\/wp-content\/uploads\/2022\/07\/WhatsApp-Image-2022-06-30-at-7.09.58-PM-400x533-1.jpeg\",\"articleSection\":[\"Corporativo\",\"General\"],\"inLanguage\":\"es\"},{\"@type\":\"WebPage\",\"@id\":\"https:\/\/www.covb.cat\/es\/actualitat\/noticies\/general\/marta-legido-sera-el-enlace-del-consell-de-collegis-veterinaris-de-catalunya-con-la-fundacio-galatea\/\",\"url\":\"https:\/\/www.covb.cat\/es\/actualitat\/noticies\/general\/marta-legido-sera-el-enlace-del-consell-de-collegis-veterinaris-de-catalunya-con-la-fundacio-galatea\/\",\"name\":\"Marta Legido ser\u00e1 el enlace del Consell de Col\u00b7legis Veterinaris de Catalunya con la Fundaci\u00f3 Galatea - COVB - Col\u00b7legi Oficial de Veterinaris de Barcelona\",\"isPartOf\":{\"@id\":\"https:\/\/www.covb.cat\/es\/#website\"},\"primaryImageOfPage\":{\"@id\":\"https:\/\/www.covb.cat\/es\/actualitat\/noticies\/general\/marta-legido-sera-el-enlace-del-consell-de-collegis-veterinaris-de-catalunya-con-la-fundacio-galatea\/#primaryimage\"},\"image\":{\"@id\":\"https:\/\/www.covb.cat\/es\/actualitat\/noticies\/general\/marta-legido-sera-el-enlace-del-consell-de-collegis-veterinaris-de-catalunya-con-la-fundacio-galatea\/#primaryimage\"},\"thumbnailUrl\":\"https:\/\/www.covb.cat\/wp-content\/uploads\/2022\/07\/WhatsApp-Image-2022-06-30-at-7.09.58-PM-400x533-1.jpeg\",\"datePublished\":\"2022-07-18T15:28:04+00:00\",\"description\":\"Marta Legido, que es el enlace del Col\u00b7legi Oficial de Veterinaris de Barcelona (COVB)\u00a0con la Fundaci\u00f3 Galatea desde el a\u00f1o 2011, ser\u00e1 ahora tambi\u00e9n el\",\"breadcrumb\":{\"@id\":\"https:\/\/www.covb.cat\/es\/actualitat\/noticies\/general\/marta-legido-sera-el-enlace-del-consell-de-collegis-veterinaris-de-catalunya-con-la-fundacio-galatea\/#breadcrumb\"},\"inLanguage\":\"es\",\"potentialAction\":[{\"@type\":\"ReadAction\",\"target\":[\"https:\/\/www.covb.cat\/es\/actualitat\/noticies\/general\/marta-legido-sera-el-enlace-del-consell-de-collegis-veterinaris-de-catalunya-con-la-fundacio-galatea\/\"]}]},{\"@type\":\"ImageObject\",\"inLanguage\":\"es\",\"@id\":\"https:\/\/www.covb.cat\/es\/actualitat\/noticies\/general\/marta-legido-sera-el-enlace-del-consell-de-collegis-veterinaris-de-catalunya-con-la-fundacio-galatea\/#primaryimage\",\"url\":\"https:\/\/www.covb.cat\/wp-content\/uploads\/2022\/07\/WhatsApp-Image-2022-06-30-at-7.09.58-PM-400x533-1.jpeg\",\"contentUrl\":\"https:\/\/www.covb.cat\/wp-content\/uploads\/2022\/07\/WhatsApp-Image-2022-06-30-at-7.09.58-PM-400x533-1.jpeg\",\"width\":400,\"height\":533},{\"@type\":\"BreadcrumbList\",\"@id\":\"https:\/\/www.covb.cat\/es\/actualitat\/noticies\/general\/marta-legido-sera-el-enlace-del-consell-de-collegis-veterinaris-de-catalunya-con-la-fundacio-galatea\/#breadcrumb\",\"itemListElement\":[{\"@type\":\"ListItem\",\"position\":1,\"name\":\"Inici\",\"item\":\"https:\/\/www.covb.cat\/es\/\"},{\"@type\":\"ListItem\",\"position\":2,\"name\":\"Marta Legido ser\u00e1 el enlace del Consell de Col\u00b7legis Veterinaris de Catalunya con la Fundaci\u00f3 Galatea\"}]},{\"@type\":\"WebSite\",\"@id\":\"https:\/\/www.covb.cat\/es\/#website\",\"url\":\"https:\/\/www.covb.cat\/es\/\",\"name\":\"COVB\",\"description\":\"Col\u00b7legi Oficial de Veterinaris de Barcelona\",\"publisher\":{\"@id\":\"https:\/\/www.covb.cat\/es\/#organization\"},\"potentialAction\":[{\"@type\":\"SearchAction\",\"target\":{\"@type\":\"EntryPoint\",\"urlTemplate\":\"https:\/\/www.covb.cat\/es\/?s={search_term_string}\"},\"query-input\":{\"@type\":\"PropertyValueSpecification\",\"valueRequired\":true,\"valueName\":\"search_term_string\"}}],\"inLanguage\":\"es\"},{\"@type\":\"Organization\",\"@id\":\"https:\/\/www.covb.cat\/es\/#organization\",\"name\":\"COVB\",\"url\":\"https:\/\/www.covb.cat\/es\/\",\"logo\":{\"@type\":\"ImageObject\",\"inLanguage\":\"es\",\"@id\":\"https:\/\/www.covb.cat\/es\/#\/schema\/logo\/image\/\",\"url\":\"https:\/\/www.covb.cat\/wp-content\/uploads\/2018\/07\/favicon-covb.png\",\"contentUrl\":\"https:\/\/www.covb.cat\/wp-content\/uploads\/2018\/07\/favicon-covb.png\",\"width\":512,\"height\":512,\"caption\":\"COVB\"},\"image\":{\"@id\":\"https:\/\/www.covb.cat\/es\/#\/schema\/logo\/image\/\"},\"sameAs\":[\"https:\/\/www.facebook.com\/COVBcat\/\",\"https:\/\/x.com\/COVBcat\",\"https:\/\/www.youtube.com\/user\/covbcn\"]},{\"@type\":\"Person\",\"@id\":\"\"}]}<\/script>\n<!-- \/ Yoast SEO plugin. -->","yoast_head_json":{"title":"Marta Legido ser\u00e1 el enlace del Consell de Col\u00b7legis Veterinaris de Catalunya con la Fundaci\u00f3 Galatea - COVB - Col\u00b7legi Oficial de Veterinaris de Barcelona","description":"Marta Legido, que es el enlace del Col\u00b7legi Oficial de Veterinaris de Barcelona (COVB)\u00a0con la Fundaci\u00f3 Galatea desde el a\u00f1o 2011, ser\u00e1 ahora tambi\u00e9n el","robots":{"index":"index","follow":"follow","max-snippet":"max-snippet:-1","max-image-preview":"max-image-preview:large","max-video-preview":"max-video-preview:-1"},"canonical":"https:\/\/www.covb.cat\/es\/actualitat\/noticies\/general\/marta-legido-sera-el-enlace-del-consell-de-collegis-veterinaris-de-catalunya-con-la-fundacio-galatea\/","og_locale":"es_ES","og_type":"article","og_title":"Marta Legido ser\u00e1 el enlace del Consell de Col\u00b7legis Veterinaris de Catalunya con la Fundaci\u00f3 Galatea - COVB - Col\u00b7legi Oficial de Veterinaris de Barcelona","og_description":"Marta Legido, que es el enlace del Col\u00b7legi Oficial de Veterinaris de Barcelona (COVB)\u00a0con la Fundaci\u00f3 Galatea desde el a\u00f1o 2011, ser\u00e1 ahora tambi\u00e9n el","og_url":"https:\/\/www.covb.cat\/es\/actualitat\/noticies\/general\/marta-legido-sera-el-enlace-del-consell-de-collegis-veterinaris-de-catalunya-con-la-fundacio-galatea\/","og_site_name":"COVB","article_publisher":"https:\/\/www.facebook.com\/COVBcat\/","article_published_time":"2022-07-18T15:28:04+00:00","og_image":[{"width":400,"height":533,"url":"https:\/\/www.covb.cat\/wp-content\/uploads\/2022\/07\/WhatsApp-Image-2022-06-30-at-7.09.58-PM-400x533-1.jpeg","type":"image\/jpeg"}],"twitter_card":"summary_large_image","twitter_creator":"@COVBcat","twitter_site":"@COVBcat","twitter_misc":{"Escrito por":"","Tiempo de lectura":"1 minuto"},"schema":{"@context":"https:\/\/schema.org","@graph":[{"@type":"Article","@id":"https:\/\/www.covb.cat\/es\/actualitat\/noticies\/general\/marta-legido-sera-el-enlace-del-consell-de-collegis-veterinaris-de-catalunya-con-la-fundacio-galatea\/#article","isPartOf":{"@id":"https:\/\/www.covb.cat\/es\/actualitat\/noticies\/general\/marta-legido-sera-el-enlace-del-consell-de-collegis-veterinaris-de-catalunya-con-la-fundacio-galatea\/"},"author":{"name":"","@id":""},"headline":"Marta Legido ser\u00e1 el enlace del Consell de Col\u00b7legis Veterinaris de Catalunya con la Fundaci\u00f3 Galatea","datePublished":"2022-07-18T15:28:04+00:00","mainEntityOfPage":{"@id":"https:\/\/www.covb.cat\/es\/actualitat\/noticies\/general\/marta-legido-sera-el-enlace-del-consell-de-collegis-veterinaris-de-catalunya-con-la-fundacio-galatea\/"},"wordCount":151,"publisher":{"@id":"https:\/\/www.covb.cat\/es\/#organization"},"image":{"@id":"https:\/\/www.covb.cat\/es\/actualitat\/noticies\/general\/marta-legido-sera-el-enlace-del-consell-de-collegis-veterinaris-de-catalunya-con-la-fundacio-galatea\/#primaryimage"},"thumbnailUrl":"https:\/\/www.covb.cat\/wp-content\/uploads\/2022\/07\/WhatsApp-Image-2022-06-30-at-7.09.58-PM-400x533-1.jpeg","articleSection":["Corporativo","General"],"inLanguage":"es"},{"@type":"WebPage","@id":"https:\/\/www.covb.cat\/es\/actualitat\/noticies\/general\/marta-legido-sera-el-enlace-del-consell-de-collegis-veterinaris-de-catalunya-con-la-fundacio-galatea\/","url":"https:\/\/www.covb.cat\/es\/actualitat\/noticies\/general\/marta-legido-sera-el-enlace-del-consell-de-collegis-veterinaris-de-catalunya-con-la-fundacio-galatea\/","name":"Marta Legido ser\u00e1 el enlace del Consell de Col\u00b7legis Veterinaris de Catalunya con la Fundaci\u00f3 Galatea - COVB - Col\u00b7legi Oficial de Veterinaris de Barcelona","isPartOf":{"@id":"https:\/\/www.covb.cat\/es\/#website"},"primaryImageOfPage":{"@id":"https:\/\/www.covb.cat\/es\/actualitat\/noticies\/general\/marta-legido-sera-el-enlace-del-consell-de-collegis-veterinaris-de-catalunya-con-la-fundacio-galatea\/#primaryimage"},"image":{"@id":"https:\/\/www.covb.cat\/es\/actualitat\/noticies\/general\/marta-legido-sera-el-enlace-del-consell-de-collegis-veterinaris-de-catalunya-con-la-fundacio-galatea\/#primaryimage"},"thumbnailUrl":"https:\/\/www.covb.cat\/wp-content\/uploads\/2022\/07\/WhatsApp-Image-2022-06-30-at-7.09.58-PM-400x533-1.jpeg","datePublished":"2022-07-18T15:28:04+00:00","description":"Marta Legido, que es el enlace del Col\u00b7legi Oficial de Veterinaris de Barcelona (COVB)\u00a0con la Fundaci\u00f3 Galatea desde el a\u00f1o 2011, ser\u00e1 ahora tambi\u00e9n el","breadcrumb":{"@id":"https:\/\/www.covb.cat\/es\/actualitat\/noticies\/general\/marta-legido-sera-el-enlace-del-consell-de-collegis-veterinaris-de-catalunya-con-la-fundacio-galatea\/#breadcrumb"},"inLanguage":"es","potentialAction":[{"@type":"ReadAction","target":["https:\/\/www.covb.cat\/es\/actualitat\/noticies\/general\/marta-legido-sera-el-enlace-del-consell-de-collegis-veterinaris-de-catalunya-con-la-fundacio-galatea\/"]}]},{"@type":"ImageObject","inLanguage":"es","@id":"https:\/\/www.covb.cat\/es\/actualitat\/noticies\/general\/marta-legido-sera-el-enlace-del-consell-de-collegis-veterinaris-de-catalunya-con-la-fundacio-galatea\/#primaryimage","url":"https:\/\/www.covb.cat\/wp-content\/uploads\/2022\/07\/WhatsApp-Image-2022-06-30-at-7.09.58-PM-400x533-1.jpeg","contentUrl":"https:\/\/www.covb.cat\/wp-content\/uploads\/2022\/07\/WhatsApp-Image-2022-06-30-at-7.09.58-PM-400x533-1.jpeg","width":400,"height":533},{"@type":"BreadcrumbList","@id":"https:\/\/www.covb.cat\/es\/actualitat\/noticies\/general\/marta-legido-sera-el-enlace-del-consell-de-collegis-veterinaris-de-catalunya-con-la-fundacio-galatea\/#breadcrumb","itemListElement":[{"@type":"ListItem","position":1,"name":"Inici","item":"https:\/\/www.covb.cat\/es\/"},{"@type":"ListItem","position":2,"name":"Marta Legido ser\u00e1 el enlace del Consell de Col\u00b7legis Veterinaris de Catalunya con la Fundaci\u00f3 Galatea"}]},{"@type":"WebSite","@id":"https:\/\/www.covb.cat\/es\/#website","url":"https:\/\/www.covb.cat\/es\/","name":"COVB","description":"Col\u00b7legi Oficial de Veterinaris de Barcelona","publisher":{"@id":"https:\/\/www.covb.cat\/es\/#organization"},"potentialAction":[{"@type":"SearchAction","target":{"@type":"EntryPoint","urlTemplate":"https:\/\/www.covb.cat\/es\/?s={search_term_string}"},"query-input":{"@type":"PropertyValueSpecification","valueRequired":true,"valueName":"search_term_string"}}],"inLanguage":"es"},{"@type":"Organization","@id":"https:\/\/www.covb.cat\/es\/#organization","name":"COVB","url":"https:\/\/www.covb.cat\/es\/","logo":{"@type":"ImageObject","inLanguage":"es","@id":"https:\/\/www.covb.cat\/es\/#\/schema\/logo\/image\/","url":"https:\/\/www.covb.cat\/wp-content\/uploads\/2018\/07\/favicon-covb.png","contentUrl":"https:\/\/www.covb.cat\/wp-content\/uploads\/2018\/07\/favicon-covb.png","width":512,"height":512,"caption":"COVB"},"image":{"@id":"https:\/\/www.covb.cat\/es\/#\/schema\/logo\/image\/"},"sameAs":["https:\/\/www.facebook.com\/COVBcat\/","https:\/\/x.com\/COVBcat","https:\/\/www.youtube.com\/user\/covbcn"]},{"@type":"Person","@id":""}]}},"jetpack_featured_media_url":"https:\/\/www.covb.cat\/wp-content\/uploads\/2022\/07\/WhatsApp-Image-2022-06-30-at-7.09.58-PM-400x533-1.jpeg","jetpack_sharing_enabled":true,"_links":{"self":[{"href":"https:\/\/www.covb.cat\/es\/wp-json\/wp\/v2\/posts\/21121","targetHints":{"allow":["GET"]}}],"collection":[{"href":"https:\/\/www.covb.cat\/es\/wp-json\/wp\/v2\/posts"}],"about":[{"href":"https:\/\/www.covb.cat\/es\/wp-json\/wp\/v2\/types\/post"}],"author":[{"embeddable":true,"href":"https:\/\/www.covb.cat\/es\/wp-json\/wp\/v2\/users\/106"}],"replies":[{"embeddable":true,"href":"https:\/\/www.covb.cat\/es\/wp-json\/wp\/v2\/comments?post=21121"}],"version-history":[{"count":0,"href":"https:\/\/www.covb.cat\/es\/wp-json\/wp\/v2\/posts\/21121\/revisions"}],"wp:featuredmedia":[{"embeddable":true,"href":"https:\/\/www.covb.cat\/es\/wp-json\/wp\/v2\/media\/21060"}],"wp:attachment":[{"href":"https:\/\/www.covb.cat\/es\/wp-json\/wp\/v2\/media?parent=21121"}],"wp:term":[{"taxonomy":"category","embeddable":true,"href":"https:\/\/www.covb.cat\/es\/wp-json\/wp\/v2\/categories?post=21121"},{"taxonomy":"post_tag","embeddable":true,"href":"https:\/\/www.covb.cat\/es\/wp-json\/wp\/v2\/tags?post=21121"}],"curies":[{"name":"wp","href":"https:\/\/api.w.org\/{rel}","templated":true}]}}