{"id":20791,"date":"2022-07-06T17:50:15","date_gmt":"2022-07-06T15:50:15","guid":{"rendered":"https:\/\/www.covb.cat\/?p=20791"},"modified":"2022-07-06T17:50:15","modified_gmt":"2022-07-06T15:50:15","slug":"la-fundacion-galatea-revisa-los-efectos-de-la-covid-19-en-los-profesionales-de-la-salud","status":"publish","type":"post","link":"https:\/\/www.covb.cat\/es\/actualitat\/noticies\/accent-es\/la-fundacion-galatea-revisa-los-efectos-de-la-covid-19-en-los-profesionales-de-la-salud\/","title":{"rendered":"La Fundaci\u00f3n Galatea revisa los efectos de la COVID-19 en los profesionales de la salud"},"content":{"rendered":"<p>El estudio sobre las repercusiones de la COVID-19 elaborado por la Fundaci\u00f3 Galatea, en el que han colaborado miembros del COVB, pone de manifiesto que los profesionales de la salud acumulan un nivel de malestar f\u00edsico y mental muy elevado. En este sentido, m\u00e1s de la mitad de los profesionales acudieron a servicios de salud mental (39%) o se plantean hacerlo (15%) desde el inicio de la pandemia.<\/p>\n<p>El hecho es que la sucesi\u00f3n de las diferentes oleadas no ha dado tiempo, herramientas ni recursos a los profesionales para recuperarse, por eso muchos de los indicadores que la Fundaci\u00f3 Galatea ha monitoreado han empeorado con el paso del tiempo. Sin embargo, tambi\u00e9n es muy significativo el hecho de que de forma generalizada ning\u00fan grupo se siente suficientemente reconocido por la sociedad ni por las organizaciones en las que trabajan y sus directivos. S\u00f3lo se sienten reconocidos el 23% en el caso de los veterinarios, el 38,6% de m\u00e9dicos, el 33% de enfermeras y el 27,4% de trabajadores sociales.<\/p>\n<p>La suma de factores como el empeoramiento de las condiciones de trabajo, el incremento de carga laboral, la presi\u00f3n psicol\u00f3gica, los efectos de la COVID-19 sobre la salud propia, etc., han hecho que 1 de cada 5 profesionales se haya planteado dejar la profesi\u00f3n. Una opci\u00f3n menos radical es avanzar la jubilaci\u00f3n, posibilidad que tienen en la cabeza el 20% de los profesionales.<\/p>\n<p>Si quieres conocer los datos con m\u00e1s detalle, te adjuntamos el enlace al documento con el resumen de los resultados generales y al documento espec\u00edfico para el \u00e1mbito veterinario.<\/p>\n<ul>\n<li>Repercusiones de la COVID sobre la salud y el ejercicio de la profesi\u00f3n de los profesionales de la salud de Catalu\u00f1a. Principales resultados: Septiembre &#8211; Octubre 2021 <a href=\"https:\/\/www.fgalatea.org\/pdf\/estudis\/00_resum-covid2.pdf\">https:\/\/www.fgalatea.org\/pdf\/estudis\/00_resum-covid2.pdf<\/a><\/li>\n<li>Repercusiones de la COVID sobre la salud y el ejercicio de la profesi\u00f3n Veterinaria. Principales resultados 2021. <a href=\"https:\/\/www.fgalatea.org\/pdf\/estudis\/04_veterinaria-covid2.pdf\">https:\/\/www.fgalatea.org\/pdf\/estudis\/04_veterinaria-covid2.pdf<\/a><\/li>\n<\/ul>\n<p>Cabe decir que este estudio recoge datos hasta el oto\u00f1o de 2021 y, por tanto, no hay datos de la sexta ola, febrero 2022, ni de la actual etapa de estabilizaci\u00f3n.<\/p>\n","protected":false},"excerpt":{"rendered":"<p>El estudio sobre las repercusiones de la COVID-19 elaborado por la Fundaci\u00f3 Galatea, en el que han colaborado miembros del COVB, pone de manifiesto que los profesionales de la salud acumulan un nivel de malestar f\u00edsico y mental muy elevado. En este sentido, m\u00e1s de la mitad de los profesionales acudieron a servicios de salud [&hellip;]<\/p>\n","protected":false},"author":106,"featured_media":9182,"comment_status":"closed","ping_status":"closed","sticky":false,"template":"","format":"standard","meta":{"_monsterinsights_skip_tracking":false,"_monsterinsights_sitenote_active":false,"_monsterinsights_sitenote_note":"","_monsterinsights_sitenote_category":0,"_jetpack_memberships_contains_paid_content":false,"footnotes":""},"categories":[1],"tags":[186,187,223],"class_list":["post-20791","post","type-post","status-publish","format-standard","has-post-thumbnail","hentry","category-general","tag-accent","tag-accent-es","tag-articulos"],"yoast_head":"<!-- This site is optimized with the Yoast SEO plugin v27.0 - https:\/\/yoast.com\/product\/yoast-seo-wordpress\/ -->\n<title>La Fundaci\u00f3n Galatea revisa los efectos de la COVID-19 en los profesionales de la salud - COVB - Col\u00b7legi Oficial de Veterinaris de Barcelona<\/title>\n<meta name=\"description\" content=\"El estudio sobre las repercusiones de la COVID-19 elaborado por la Fundaci\u00f3 Galatea, en el que han colaborado miembros del COVB, pone de manifiesto que\" \/>\n<meta name=\"robots\" content=\"index, follow, max-snippet:-1, max-image-preview:large, max-video-preview:-1\" \/>\n<link rel=\"canonical\" href=\"https:\/\/www.covb.cat\/es\/actualitat\/noticies\/accent-es\/la-fundacion-galatea-revisa-los-efectos-de-la-covid-19-en-los-profesionales-de-la-salud\/\" \/>\n<meta property=\"og:locale\" content=\"es_ES\" \/>\n<meta property=\"og:type\" content=\"article\" \/>\n<meta property=\"og:title\" content=\"La Fundaci\u00f3n Galatea revisa los efectos de la COVID-19 en los profesionales de la salud - COVB - Col\u00b7legi Oficial de Veterinaris de Barcelona\" \/>\n<meta property=\"og:description\" content=\"El estudio sobre las repercusiones de la COVID-19 elaborado por la Fundaci\u00f3 Galatea, en el que han colaborado miembros del COVB, pone de manifiesto que\" \/>\n<meta property=\"og:url\" content=\"https:\/\/www.covb.cat\/es\/actualitat\/noticies\/accent-es\/la-fundacion-galatea-revisa-los-efectos-de-la-covid-19-en-los-profesionales-de-la-salud\/\" \/>\n<meta property=\"og:site_name\" content=\"COVB\" \/>\n<meta property=\"article:publisher\" content=\"https:\/\/www.facebook.com\/COVBcat\/\" \/>\n<meta property=\"article:published_time\" content=\"2022-07-06T15:50:15+00:00\" \/>\n<meta property=\"og:image\" content=\"https:\/\/www.covb.cat\/wp-content\/uploads\/2021\/06\/galatea.jpg\" \/>\n\t<meta property=\"og:image:width\" content=\"550\" \/>\n\t<meta property=\"og:image:height\" content=\"247\" \/>\n\t<meta property=\"og:image:type\" content=\"image\/jpeg\" \/>\n<meta name=\"twitter:card\" content=\"summary_large_image\" \/>\n<meta name=\"twitter:creator\" content=\"@COVBcat\" \/>\n<meta name=\"twitter:site\" content=\"@COVBcat\" \/>\n<meta name=\"twitter:label1\" content=\"Escrito por\" \/>\n\t<meta name=\"twitter:data1\" content=\"\" \/>\n\t<meta name=\"twitter:label2\" content=\"Tiempo de lectura\" \/>\n\t<meta name=\"twitter:data2\" content=\"2 minutos\" \/>\n<script type=\"application\/ld+json\" class=\"yoast-schema-graph\">{\"@context\":\"https:\/\/schema.org\",\"@graph\":[{\"@type\":\"Article\",\"@id\":\"https:\/\/www.covb.cat\/es\/actualitat\/noticies\/accent-es\/la-fundacion-galatea-revisa-los-efectos-de-la-covid-19-en-los-profesionales-de-la-salud\/#article\",\"isPartOf\":{\"@id\":\"https:\/\/www.covb.cat\/es\/actualitat\/noticies\/accent-es\/la-fundacion-galatea-revisa-los-efectos-de-la-covid-19-en-los-profesionales-de-la-salud\/\"},\"author\":{\"name\":\"\",\"@id\":\"\"},\"headline\":\"La Fundaci\u00f3n Galatea revisa los efectos de la COVID-19 en los profesionales de la salud\",\"datePublished\":\"2022-07-06T15:50:15+00:00\",\"mainEntityOfPage\":{\"@id\":\"https:\/\/www.covb.cat\/es\/actualitat\/noticies\/accent-es\/la-fundacion-galatea-revisa-los-efectos-de-la-covid-19-en-los-profesionales-de-la-salud\/\"},\"wordCount\":373,\"publisher\":{\"@id\":\"https:\/\/www.covb.cat\/es\/#organization\"},\"image\":{\"@id\":\"https:\/\/www.covb.cat\/es\/actualitat\/noticies\/accent-es\/la-fundacion-galatea-revisa-los-efectos-de-la-covid-19-en-los-profesionales-de-la-salud\/#primaryimage\"},\"thumbnailUrl\":\"https:\/\/www.covb.cat\/wp-content\/uploads\/2021\/06\/galatea.jpg\",\"keywords\":[\"Accent\",\"accent\",\"Art\u00edculos\"],\"articleSection\":[\"General\"],\"inLanguage\":\"es\"},{\"@type\":\"WebPage\",\"@id\":\"https:\/\/www.covb.cat\/es\/actualitat\/noticies\/accent-es\/la-fundacion-galatea-revisa-los-efectos-de-la-covid-19-en-los-profesionales-de-la-salud\/\",\"url\":\"https:\/\/www.covb.cat\/es\/actualitat\/noticies\/accent-es\/la-fundacion-galatea-revisa-los-efectos-de-la-covid-19-en-los-profesionales-de-la-salud\/\",\"name\":\"La Fundaci\u00f3n Galatea revisa los efectos de la COVID-19 en los profesionales de la salud - COVB - Col\u00b7legi Oficial de Veterinaris de Barcelona\",\"isPartOf\":{\"@id\":\"https:\/\/www.covb.cat\/es\/#website\"},\"primaryImageOfPage\":{\"@id\":\"https:\/\/www.covb.cat\/es\/actualitat\/noticies\/accent-es\/la-fundacion-galatea-revisa-los-efectos-de-la-covid-19-en-los-profesionales-de-la-salud\/#primaryimage\"},\"image\":{\"@id\":\"https:\/\/www.covb.cat\/es\/actualitat\/noticies\/accent-es\/la-fundacion-galatea-revisa-los-efectos-de-la-covid-19-en-los-profesionales-de-la-salud\/#primaryimage\"},\"thumbnailUrl\":\"https:\/\/www.covb.cat\/wp-content\/uploads\/2021\/06\/galatea.jpg\",\"datePublished\":\"2022-07-06T15:50:15+00:00\",\"description\":\"El estudio sobre las repercusiones de la COVID-19 elaborado por la Fundaci\u00f3 Galatea, en el que han colaborado miembros del COVB, pone de manifiesto que\",\"breadcrumb\":{\"@id\":\"https:\/\/www.covb.cat\/es\/actualitat\/noticies\/accent-es\/la-fundacion-galatea-revisa-los-efectos-de-la-covid-19-en-los-profesionales-de-la-salud\/#breadcrumb\"},\"inLanguage\":\"es\",\"potentialAction\":[{\"@type\":\"ReadAction\",\"target\":[\"https:\/\/www.covb.cat\/es\/actualitat\/noticies\/accent-es\/la-fundacion-galatea-revisa-los-efectos-de-la-covid-19-en-los-profesionales-de-la-salud\/\"]}]},{\"@type\":\"ImageObject\",\"inLanguage\":\"es\",\"@id\":\"https:\/\/www.covb.cat\/es\/actualitat\/noticies\/accent-es\/la-fundacion-galatea-revisa-los-efectos-de-la-covid-19-en-los-profesionales-de-la-salud\/#primaryimage\",\"url\":\"https:\/\/www.covb.cat\/wp-content\/uploads\/2021\/06\/galatea.jpg\",\"contentUrl\":\"https:\/\/www.covb.cat\/wp-content\/uploads\/2021\/06\/galatea.jpg\",\"width\":550,\"height\":247},{\"@type\":\"BreadcrumbList\",\"@id\":\"https:\/\/www.covb.cat\/es\/actualitat\/noticies\/accent-es\/la-fundacion-galatea-revisa-los-efectos-de-la-covid-19-en-los-profesionales-de-la-salud\/#breadcrumb\",\"itemListElement\":[{\"@type\":\"ListItem\",\"position\":1,\"name\":\"Inici\",\"item\":\"https:\/\/www.covb.cat\/es\/\"},{\"@type\":\"ListItem\",\"position\":2,\"name\":\"La Fundaci\u00f3n Galatea revisa los efectos de la COVID-19 en los profesionales de la salud\"}]},{\"@type\":\"WebSite\",\"@id\":\"https:\/\/www.covb.cat\/es\/#website\",\"url\":\"https:\/\/www.covb.cat\/es\/\",\"name\":\"COVB\",\"description\":\"Col\u00b7legi Oficial de Veterinaris de Barcelona\",\"publisher\":{\"@id\":\"https:\/\/www.covb.cat\/es\/#organization\"},\"potentialAction\":[{\"@type\":\"SearchAction\",\"target\":{\"@type\":\"EntryPoint\",\"urlTemplate\":\"https:\/\/www.covb.cat\/es\/?s={search_term_string}\"},\"query-input\":{\"@type\":\"PropertyValueSpecification\",\"valueRequired\":true,\"valueName\":\"search_term_string\"}}],\"inLanguage\":\"es\"},{\"@type\":\"Organization\",\"@id\":\"https:\/\/www.covb.cat\/es\/#organization\",\"name\":\"COVB\",\"url\":\"https:\/\/www.covb.cat\/es\/\",\"logo\":{\"@type\":\"ImageObject\",\"inLanguage\":\"es\",\"@id\":\"https:\/\/www.covb.cat\/es\/#\/schema\/logo\/image\/\",\"url\":\"https:\/\/www.covb.cat\/wp-content\/uploads\/2018\/07\/favicon-covb.png\",\"contentUrl\":\"https:\/\/www.covb.cat\/wp-content\/uploads\/2018\/07\/favicon-covb.png\",\"width\":512,\"height\":512,\"caption\":\"COVB\"},\"image\":{\"@id\":\"https:\/\/www.covb.cat\/es\/#\/schema\/logo\/image\/\"},\"sameAs\":[\"https:\/\/www.facebook.com\/COVBcat\/\",\"https:\/\/x.com\/COVBcat\",\"https:\/\/www.youtube.com\/user\/covbcn\"]},{\"@type\":\"Person\",\"@id\":\"\"}]}<\/script>\n<!-- \/ Yoast SEO plugin. -->","yoast_head_json":{"title":"La Fundaci\u00f3n Galatea revisa los efectos de la COVID-19 en los profesionales de la salud - COVB - Col\u00b7legi Oficial de Veterinaris de Barcelona","description":"El estudio sobre las repercusiones de la COVID-19 elaborado por la Fundaci\u00f3 Galatea, en el que han colaborado miembros del COVB, pone de manifiesto que","robots":{"index":"index","follow":"follow","max-snippet":"max-snippet:-1","max-image-preview":"max-image-preview:large","max-video-preview":"max-video-preview:-1"},"canonical":"https:\/\/www.covb.cat\/es\/actualitat\/noticies\/accent-es\/la-fundacion-galatea-revisa-los-efectos-de-la-covid-19-en-los-profesionales-de-la-salud\/","og_locale":"es_ES","og_type":"article","og_title":"La Fundaci\u00f3n Galatea revisa los efectos de la COVID-19 en los profesionales de la salud - COVB - Col\u00b7legi Oficial de Veterinaris de Barcelona","og_description":"El estudio sobre las repercusiones de la COVID-19 elaborado por la Fundaci\u00f3 Galatea, en el que han colaborado miembros del COVB, pone de manifiesto que","og_url":"https:\/\/www.covb.cat\/es\/actualitat\/noticies\/accent-es\/la-fundacion-galatea-revisa-los-efectos-de-la-covid-19-en-los-profesionales-de-la-salud\/","og_site_name":"COVB","article_publisher":"https:\/\/www.facebook.com\/COVBcat\/","article_published_time":"2022-07-06T15:50:15+00:00","og_image":[{"width":550,"height":247,"url":"https:\/\/www.covb.cat\/wp-content\/uploads\/2021\/06\/galatea.jpg","type":"image\/jpeg"}],"twitter_card":"summary_large_image","twitter_creator":"@COVBcat","twitter_site":"@COVBcat","twitter_misc":{"Escrito por":"","Tiempo de lectura":"2 minutos"},"schema":{"@context":"https:\/\/schema.org","@graph":[{"@type":"Article","@id":"https:\/\/www.covb.cat\/es\/actualitat\/noticies\/accent-es\/la-fundacion-galatea-revisa-los-efectos-de-la-covid-19-en-los-profesionales-de-la-salud\/#article","isPartOf":{"@id":"https:\/\/www.covb.cat\/es\/actualitat\/noticies\/accent-es\/la-fundacion-galatea-revisa-los-efectos-de-la-covid-19-en-los-profesionales-de-la-salud\/"},"author":{"name":"","@id":""},"headline":"La Fundaci\u00f3n Galatea revisa los efectos de la COVID-19 en los profesionales de la salud","datePublished":"2022-07-06T15:50:15+00:00","mainEntityOfPage":{"@id":"https:\/\/www.covb.cat\/es\/actualitat\/noticies\/accent-es\/la-fundacion-galatea-revisa-los-efectos-de-la-covid-19-en-los-profesionales-de-la-salud\/"},"wordCount":373,"publisher":{"@id":"https:\/\/www.covb.cat\/es\/#organization"},"image":{"@id":"https:\/\/www.covb.cat\/es\/actualitat\/noticies\/accent-es\/la-fundacion-galatea-revisa-los-efectos-de-la-covid-19-en-los-profesionales-de-la-salud\/#primaryimage"},"thumbnailUrl":"https:\/\/www.covb.cat\/wp-content\/uploads\/2021\/06\/galatea.jpg","keywords":["Accent","accent","Art\u00edculos"],"articleSection":["General"],"inLanguage":"es"},{"@type":"WebPage","@id":"https:\/\/www.covb.cat\/es\/actualitat\/noticies\/accent-es\/la-fundacion-galatea-revisa-los-efectos-de-la-covid-19-en-los-profesionales-de-la-salud\/","url":"https:\/\/www.covb.cat\/es\/actualitat\/noticies\/accent-es\/la-fundacion-galatea-revisa-los-efectos-de-la-covid-19-en-los-profesionales-de-la-salud\/","name":"La Fundaci\u00f3n Galatea revisa los efectos de la COVID-19 en los profesionales de la salud - COVB - Col\u00b7legi Oficial de Veterinaris de Barcelona","isPartOf":{"@id":"https:\/\/www.covb.cat\/es\/#website"},"primaryImageOfPage":{"@id":"https:\/\/www.covb.cat\/es\/actualitat\/noticies\/accent-es\/la-fundacion-galatea-revisa-los-efectos-de-la-covid-19-en-los-profesionales-de-la-salud\/#primaryimage"},"image":{"@id":"https:\/\/www.covb.cat\/es\/actualitat\/noticies\/accent-es\/la-fundacion-galatea-revisa-los-efectos-de-la-covid-19-en-los-profesionales-de-la-salud\/#primaryimage"},"thumbnailUrl":"https:\/\/www.covb.cat\/wp-content\/uploads\/2021\/06\/galatea.jpg","datePublished":"2022-07-06T15:50:15+00:00","description":"El estudio sobre las repercusiones de la COVID-19 elaborado por la Fundaci\u00f3 Galatea, en el que han colaborado miembros del COVB, pone de manifiesto que","breadcrumb":{"@id":"https:\/\/www.covb.cat\/es\/actualitat\/noticies\/accent-es\/la-fundacion-galatea-revisa-los-efectos-de-la-covid-19-en-los-profesionales-de-la-salud\/#breadcrumb"},"inLanguage":"es","potentialAction":[{"@type":"ReadAction","target":["https:\/\/www.covb.cat\/es\/actualitat\/noticies\/accent-es\/la-fundacion-galatea-revisa-los-efectos-de-la-covid-19-en-los-profesionales-de-la-salud\/"]}]},{"@type":"ImageObject","inLanguage":"es","@id":"https:\/\/www.covb.cat\/es\/actualitat\/noticies\/accent-es\/la-fundacion-galatea-revisa-los-efectos-de-la-covid-19-en-los-profesionales-de-la-salud\/#primaryimage","url":"https:\/\/www.covb.cat\/wp-content\/uploads\/2021\/06\/galatea.jpg","contentUrl":"https:\/\/www.covb.cat\/wp-content\/uploads\/2021\/06\/galatea.jpg","width":550,"height":247},{"@type":"BreadcrumbList","@id":"https:\/\/www.covb.cat\/es\/actualitat\/noticies\/accent-es\/la-fundacion-galatea-revisa-los-efectos-de-la-covid-19-en-los-profesionales-de-la-salud\/#breadcrumb","itemListElement":[{"@type":"ListItem","position":1,"name":"Inici","item":"https:\/\/www.covb.cat\/es\/"},{"@type":"ListItem","position":2,"name":"La Fundaci\u00f3n Galatea revisa los efectos de la COVID-19 en los profesionales de la salud"}]},{"@type":"WebSite","@id":"https:\/\/www.covb.cat\/es\/#website","url":"https:\/\/www.covb.cat\/es\/","name":"COVB","description":"Col\u00b7legi Oficial de Veterinaris de Barcelona","publisher":{"@id":"https:\/\/www.covb.cat\/es\/#organization"},"potentialAction":[{"@type":"SearchAction","target":{"@type":"EntryPoint","urlTemplate":"https:\/\/www.covb.cat\/es\/?s={search_term_string}"},"query-input":{"@type":"PropertyValueSpecification","valueRequired":true,"valueName":"search_term_string"}}],"inLanguage":"es"},{"@type":"Organization","@id":"https:\/\/www.covb.cat\/es\/#organization","name":"COVB","url":"https:\/\/www.covb.cat\/es\/","logo":{"@type":"ImageObject","inLanguage":"es","@id":"https:\/\/www.covb.cat\/es\/#\/schema\/logo\/image\/","url":"https:\/\/www.covb.cat\/wp-content\/uploads\/2018\/07\/favicon-covb.png","contentUrl":"https:\/\/www.covb.cat\/wp-content\/uploads\/2018\/07\/favicon-covb.png","width":512,"height":512,"caption":"COVB"},"image":{"@id":"https:\/\/www.covb.cat\/es\/#\/schema\/logo\/image\/"},"sameAs":["https:\/\/www.facebook.com\/COVBcat\/","https:\/\/x.com\/COVBcat","https:\/\/www.youtube.com\/user\/covbcn"]},{"@type":"Person","@id":""}]}},"jetpack_featured_media_url":"https:\/\/www.covb.cat\/wp-content\/uploads\/2021\/06\/galatea.jpg","jetpack_sharing_enabled":true,"_links":{"self":[{"href":"https:\/\/www.covb.cat\/es\/wp-json\/wp\/v2\/posts\/20791","targetHints":{"allow":["GET"]}}],"collection":[{"href":"https:\/\/www.covb.cat\/es\/wp-json\/wp\/v2\/posts"}],"about":[{"href":"https:\/\/www.covb.cat\/es\/wp-json\/wp\/v2\/types\/post"}],"author":[{"embeddable":true,"href":"https:\/\/www.covb.cat\/es\/wp-json\/wp\/v2\/users\/106"}],"replies":[{"embeddable":true,"href":"https:\/\/www.covb.cat\/es\/wp-json\/wp\/v2\/comments?post=20791"}],"version-history":[{"count":0,"href":"https:\/\/www.covb.cat\/es\/wp-json\/wp\/v2\/posts\/20791\/revisions"}],"wp:featuredmedia":[{"embeddable":true,"href":"https:\/\/www.covb.cat\/es\/wp-json\/wp\/v2\/media\/9182"}],"wp:attachment":[{"href":"https:\/\/www.covb.cat\/es\/wp-json\/wp\/v2\/media?parent=20791"}],"wp:term":[{"taxonomy":"category","embeddable":true,"href":"https:\/\/www.covb.cat\/es\/wp-json\/wp\/v2\/categories?post=20791"},{"taxonomy":"post_tag","embeddable":true,"href":"https:\/\/www.covb.cat\/es\/wp-json\/wp\/v2\/tags?post=20791"}],"curies":[{"name":"wp","href":"https:\/\/api.w.org\/{rel}","templated":true}]}}