{"id":20787,"date":"2022-07-06T17:45:57","date_gmt":"2022-07-06T15:45:57","guid":{"rendered":"https:\/\/www.covb.cat\/?p=20787"},"modified":"2022-07-06T17:45:57","modified_gmt":"2022-07-06T15:45:57","slug":"teresa-rigau-no-era-consciente-de-ser-un-referente-para-las-jovenes-veterinarias","status":"publish","type":"post","link":"https:\/\/www.covb.cat\/es\/actualitat\/noticies\/accent-es\/teresa-rigau-no-era-consciente-de-ser-un-referente-para-las-jovenes-veterinarias\/","title":{"rendered":"TERESA RIGAU: \u201cNO ERA CONSCIENTE DE SER UN REFERENTE PARA LAS J\u00d3VENES VETERINARIAS\u201d"},"content":{"rendered":"<p><strong>\u00bfDe peque\u00f1a ya quer\u00edas ser veterinaria? \u00bfC\u00f3mo naci\u00f3 tu vocaci\u00f3n por la veterinaria?<\/strong><\/p>\n<p>La verdad es que no lo recuerdo, en casa siempre hab\u00eda alg\u00fan perro, gato y tambi\u00e9n conejos que desaparec\u00edan y deb\u00edan acabar en la cazuela. Yo los cuidaba a todos, eso s\u00ed que es verdad.<\/p>\n<p><strong>\u00bfC\u00f3mo o por qu\u00e9 escogiste trabajar en la producci\u00f3n ganadera?<\/strong><\/p>\n<p>No considero haber elegido la producci\u00f3n animal, como concepto. M\u00e1s bien me considero una veterinaria cl\u00ednica, pero tambi\u00e9n me gusta la producci\u00f3n. Cl\u00ednica y producci\u00f3n son dos conceptos que deben ir ligados.<\/p>\n<p><strong>Para muchas veterinarias m\u00e1s j\u00f3venes, t\u00fa has sido una pionera, has abierto camino. \u00bfLo has vivido as\u00ed? \u00bfQu\u00e9 dificultades tuviste que superar?<\/strong><\/p>\n<p>No, ni mucho menos. Cuando Raquel Cort\u00e9s lo coment\u00f3, en el v\u00eddeo del COVB sobre las mujeres en veterinaria, me sorprendi\u00f3, no era consciente de ello. Tampoco considero que tuviera muchas dificultades, al principio era un examen diario, en cada granja preguntaban por Pep Erra, que era el veterinario de siempre, pero, una vez ganada la confianza, la relaci\u00f3n sol\u00eda ser excelente y m\u00e1s con las mujeres de la casa.<\/p>\n<p><strong>\u00bfLa veterinaria como otras profesiones vive un proceso de feminizaci\u00f3n, que les dir\u00edas a las j\u00f3venes veterinarias?<\/strong><\/p>\n<p>Lo mismo que les digo a los chicos, que conf\u00eden en sus capacidades y recursos, que sean humildes, que reconozcan los errores y que intenten mejorar y estar siempre al d\u00eda.<\/p>\n<p><strong>En tu trayectoria \u00bfde qu\u00e9 te sientes m\u00e1s orgullosa?<\/strong><\/p>\n<p>De haber sido \u00fatil a los animales, a los ganaderos y a los estudiantes, y de los amigos que conservo.<\/p>\n<p><strong>\u00bfCu\u00e1l ha sido tu relaci\u00f3n con el Col\u00b7legi?<\/strong><\/p>\n<p>La relaci\u00f3n fue m\u00e1s intensa durante la \u00e9poca de la presidencia de Francesc Monn\u00e9 y reconozco que despu\u00e9s me fui separando de la actividad colegial, del todo.<\/p>\n","protected":false},"excerpt":{"rendered":"<p>\u00bfDe peque\u00f1a ya quer\u00edas ser veterinaria? \u00bfC\u00f3mo naci\u00f3 tu vocaci\u00f3n por la veterinaria? La verdad es que no lo recuerdo, en casa siempre hab\u00eda alg\u00fan perro, gato y tambi\u00e9n conejos que desaparec\u00edan y deb\u00edan acabar en la cazuela. Yo los cuidaba a todos, eso s\u00ed que es verdad. \u00bfC\u00f3mo o por qu\u00e9 escogiste trabajar en [&hellip;]<\/p>\n","protected":false},"author":106,"featured_media":20729,"comment_status":"closed","ping_status":"closed","sticky":false,"template":"","format":"standard","meta":{"_monsterinsights_skip_tracking":false,"_monsterinsights_sitenote_active":false,"_monsterinsights_sitenote_note":"","_monsterinsights_sitenote_category":0,"_jetpack_memberships_contains_paid_content":false,"footnotes":""},"categories":[1],"tags":[186,187,221],"class_list":["post-20787","post","type-post","status-publish","format-standard","has-post-thumbnail","hentry","category-general","tag-accent","tag-accent-es","tag-entrevista-es"],"yoast_head":"<!-- This site is optimized with the Yoast SEO plugin v27.0 - https:\/\/yoast.com\/product\/yoast-seo-wordpress\/ -->\n<title>TERESA RIGAU: \u201cNO ERA CONSCIENTE DE SER UN REFERENTE PARA LAS J\u00d3VENES VETERINARIAS\u201d - COVB - Col\u00b7legi Oficial de Veterinaris de Barcelona<\/title>\n<meta name=\"description\" content=\"\u00bfDe peque\u00f1a ya quer\u00edas ser veterinaria? \u00bfC\u00f3mo naci\u00f3 tu vocaci\u00f3n por la veterinaria? La verdad es que no lo recuerdo, en casa siempre hab\u00eda alg\u00fan perro,\" \/>\n<meta name=\"robots\" content=\"index, follow, max-snippet:-1, max-image-preview:large, max-video-preview:-1\" \/>\n<link rel=\"canonical\" href=\"https:\/\/www.covb.cat\/es\/actualitat\/noticies\/accent-es\/teresa-rigau-no-era-consciente-de-ser-un-referente-para-las-jovenes-veterinarias\/\" \/>\n<meta property=\"og:locale\" content=\"es_ES\" \/>\n<meta property=\"og:type\" content=\"article\" \/>\n<meta property=\"og:title\" content=\"TERESA RIGAU: \u201cNO ERA CONSCIENTE DE SER UN REFERENTE PARA LAS J\u00d3VENES VETERINARIAS\u201d - COVB - Col\u00b7legi Oficial de Veterinaris de Barcelona\" \/>\n<meta property=\"og:description\" content=\"\u00bfDe peque\u00f1a ya quer\u00edas ser veterinaria? \u00bfC\u00f3mo naci\u00f3 tu vocaci\u00f3n por la veterinaria? La verdad es que no lo recuerdo, en casa siempre hab\u00eda alg\u00fan perro,\" \/>\n<meta property=\"og:url\" content=\"https:\/\/www.covb.cat\/es\/actualitat\/noticies\/accent-es\/teresa-rigau-no-era-consciente-de-ser-un-referente-para-las-jovenes-veterinarias\/\" \/>\n<meta property=\"og:site_name\" content=\"COVB\" \/>\n<meta property=\"article:publisher\" content=\"https:\/\/www.facebook.com\/COVBcat\/\" \/>\n<meta property=\"article:published_time\" content=\"2022-07-06T15:45:57+00:00\" \/>\n<meta property=\"og:image\" content=\"https:\/\/www.covb.cat\/wp-content\/uploads\/2022\/07\/370898bb-f175-e38c-94b6-b6c286c73ea9.png\" \/>\n\t<meta property=\"og:image:width\" content=\"175\" \/>\n\t<meta property=\"og:image:height\" content=\"175\" \/>\n\t<meta property=\"og:image:type\" content=\"image\/png\" \/>\n<meta name=\"twitter:card\" content=\"summary_large_image\" \/>\n<meta name=\"twitter:creator\" content=\"@COVBcat\" \/>\n<meta name=\"twitter:site\" content=\"@COVBcat\" \/>\n<meta name=\"twitter:label1\" content=\"Escrito por\" \/>\n\t<meta name=\"twitter:data1\" content=\"\" \/>\n\t<meta name=\"twitter:label2\" content=\"Tiempo de lectura\" \/>\n\t<meta name=\"twitter:data2\" content=\"2 minutos\" \/>\n<script type=\"application\/ld+json\" class=\"yoast-schema-graph\">{\"@context\":\"https:\/\/schema.org\",\"@graph\":[{\"@type\":\"Article\",\"@id\":\"https:\/\/www.covb.cat\/es\/actualitat\/noticies\/accent-es\/teresa-rigau-no-era-consciente-de-ser-un-referente-para-las-jovenes-veterinarias\/#article\",\"isPartOf\":{\"@id\":\"https:\/\/www.covb.cat\/es\/actualitat\/noticies\/accent-es\/teresa-rigau-no-era-consciente-de-ser-un-referente-para-las-jovenes-veterinarias\/\"},\"author\":{\"name\":\"\",\"@id\":\"\"},\"headline\":\"TERESA RIGAU: \u201cNO ERA CONSCIENTE DE SER UN REFERENTE PARA LAS J\u00d3VENES VETERINARIAS\u201d\",\"datePublished\":\"2022-07-06T15:45:57+00:00\",\"mainEntityOfPage\":{\"@id\":\"https:\/\/www.covb.cat\/es\/actualitat\/noticies\/accent-es\/teresa-rigau-no-era-consciente-de-ser-un-referente-para-las-jovenes-veterinarias\/\"},\"wordCount\":345,\"publisher\":{\"@id\":\"https:\/\/www.covb.cat\/es\/#organization\"},\"image\":{\"@id\":\"https:\/\/www.covb.cat\/es\/actualitat\/noticies\/accent-es\/teresa-rigau-no-era-consciente-de-ser-un-referente-para-las-jovenes-veterinarias\/#primaryimage\"},\"thumbnailUrl\":\"https:\/\/www.covb.cat\/wp-content\/uploads\/2022\/07\/370898bb-f175-e38c-94b6-b6c286c73ea9.png\",\"keywords\":[\"Accent\",\"accent\",\"Entrevista\"],\"articleSection\":[\"General\"],\"inLanguage\":\"es\"},{\"@type\":\"WebPage\",\"@id\":\"https:\/\/www.covb.cat\/es\/actualitat\/noticies\/accent-es\/teresa-rigau-no-era-consciente-de-ser-un-referente-para-las-jovenes-veterinarias\/\",\"url\":\"https:\/\/www.covb.cat\/es\/actualitat\/noticies\/accent-es\/teresa-rigau-no-era-consciente-de-ser-un-referente-para-las-jovenes-veterinarias\/\",\"name\":\"TERESA RIGAU: \u201cNO ERA CONSCIENTE DE SER UN REFERENTE PARA LAS J\u00d3VENES VETERINARIAS\u201d - COVB - Col\u00b7legi Oficial de Veterinaris de Barcelona\",\"isPartOf\":{\"@id\":\"https:\/\/www.covb.cat\/es\/#website\"},\"primaryImageOfPage\":{\"@id\":\"https:\/\/www.covb.cat\/es\/actualitat\/noticies\/accent-es\/teresa-rigau-no-era-consciente-de-ser-un-referente-para-las-jovenes-veterinarias\/#primaryimage\"},\"image\":{\"@id\":\"https:\/\/www.covb.cat\/es\/actualitat\/noticies\/accent-es\/teresa-rigau-no-era-consciente-de-ser-un-referente-para-las-jovenes-veterinarias\/#primaryimage\"},\"thumbnailUrl\":\"https:\/\/www.covb.cat\/wp-content\/uploads\/2022\/07\/370898bb-f175-e38c-94b6-b6c286c73ea9.png\",\"datePublished\":\"2022-07-06T15:45:57+00:00\",\"description\":\"\u00bfDe peque\u00f1a ya quer\u00edas ser veterinaria? \u00bfC\u00f3mo naci\u00f3 tu vocaci\u00f3n por la veterinaria? La verdad es que no lo recuerdo, en casa siempre hab\u00eda alg\u00fan perro,\",\"breadcrumb\":{\"@id\":\"https:\/\/www.covb.cat\/es\/actualitat\/noticies\/accent-es\/teresa-rigau-no-era-consciente-de-ser-un-referente-para-las-jovenes-veterinarias\/#breadcrumb\"},\"inLanguage\":\"es\",\"potentialAction\":[{\"@type\":\"ReadAction\",\"target\":[\"https:\/\/www.covb.cat\/es\/actualitat\/noticies\/accent-es\/teresa-rigau-no-era-consciente-de-ser-un-referente-para-las-jovenes-veterinarias\/\"]}]},{\"@type\":\"ImageObject\",\"inLanguage\":\"es\",\"@id\":\"https:\/\/www.covb.cat\/es\/actualitat\/noticies\/accent-es\/teresa-rigau-no-era-consciente-de-ser-un-referente-para-las-jovenes-veterinarias\/#primaryimage\",\"url\":\"https:\/\/www.covb.cat\/wp-content\/uploads\/2022\/07\/370898bb-f175-e38c-94b6-b6c286c73ea9.png\",\"contentUrl\":\"https:\/\/www.covb.cat\/wp-content\/uploads\/2022\/07\/370898bb-f175-e38c-94b6-b6c286c73ea9.png\",\"width\":175,\"height\":175},{\"@type\":\"BreadcrumbList\",\"@id\":\"https:\/\/www.covb.cat\/es\/actualitat\/noticies\/accent-es\/teresa-rigau-no-era-consciente-de-ser-un-referente-para-las-jovenes-veterinarias\/#breadcrumb\",\"itemListElement\":[{\"@type\":\"ListItem\",\"position\":1,\"name\":\"Inici\",\"item\":\"https:\/\/www.covb.cat\/es\/\"},{\"@type\":\"ListItem\",\"position\":2,\"name\":\"TERESA RIGAU: \u201cNO ERA CONSCIENTE DE SER UN REFERENTE PARA LAS J\u00d3VENES VETERINARIAS\u201d\"}]},{\"@type\":\"WebSite\",\"@id\":\"https:\/\/www.covb.cat\/es\/#website\",\"url\":\"https:\/\/www.covb.cat\/es\/\",\"name\":\"COVB\",\"description\":\"Col\u00b7legi Oficial de Veterinaris de Barcelona\",\"publisher\":{\"@id\":\"https:\/\/www.covb.cat\/es\/#organization\"},\"potentialAction\":[{\"@type\":\"SearchAction\",\"target\":{\"@type\":\"EntryPoint\",\"urlTemplate\":\"https:\/\/www.covb.cat\/es\/?s={search_term_string}\"},\"query-input\":{\"@type\":\"PropertyValueSpecification\",\"valueRequired\":true,\"valueName\":\"search_term_string\"}}],\"inLanguage\":\"es\"},{\"@type\":\"Organization\",\"@id\":\"https:\/\/www.covb.cat\/es\/#organization\",\"name\":\"COVB\",\"url\":\"https:\/\/www.covb.cat\/es\/\",\"logo\":{\"@type\":\"ImageObject\",\"inLanguage\":\"es\",\"@id\":\"https:\/\/www.covb.cat\/es\/#\/schema\/logo\/image\/\",\"url\":\"https:\/\/www.covb.cat\/wp-content\/uploads\/2018\/07\/favicon-covb.png\",\"contentUrl\":\"https:\/\/www.covb.cat\/wp-content\/uploads\/2018\/07\/favicon-covb.png\",\"width\":512,\"height\":512,\"caption\":\"COVB\"},\"image\":{\"@id\":\"https:\/\/www.covb.cat\/es\/#\/schema\/logo\/image\/\"},\"sameAs\":[\"https:\/\/www.facebook.com\/COVBcat\/\",\"https:\/\/x.com\/COVBcat\",\"https:\/\/www.youtube.com\/user\/covbcn\"]},{\"@type\":\"Person\",\"@id\":\"\"}]}<\/script>\n<!-- \/ Yoast SEO plugin. -->","yoast_head_json":{"title":"TERESA RIGAU: \u201cNO ERA CONSCIENTE DE SER UN REFERENTE PARA LAS J\u00d3VENES VETERINARIAS\u201d - COVB - Col\u00b7legi Oficial de Veterinaris de Barcelona","description":"\u00bfDe peque\u00f1a ya quer\u00edas ser veterinaria? \u00bfC\u00f3mo naci\u00f3 tu vocaci\u00f3n por la veterinaria? La verdad es que no lo recuerdo, en casa siempre hab\u00eda alg\u00fan perro,","robots":{"index":"index","follow":"follow","max-snippet":"max-snippet:-1","max-image-preview":"max-image-preview:large","max-video-preview":"max-video-preview:-1"},"canonical":"https:\/\/www.covb.cat\/es\/actualitat\/noticies\/accent-es\/teresa-rigau-no-era-consciente-de-ser-un-referente-para-las-jovenes-veterinarias\/","og_locale":"es_ES","og_type":"article","og_title":"TERESA RIGAU: \u201cNO ERA CONSCIENTE DE SER UN REFERENTE PARA LAS J\u00d3VENES VETERINARIAS\u201d - COVB - Col\u00b7legi Oficial de Veterinaris de Barcelona","og_description":"\u00bfDe peque\u00f1a ya quer\u00edas ser veterinaria? \u00bfC\u00f3mo naci\u00f3 tu vocaci\u00f3n por la veterinaria? La verdad es que no lo recuerdo, en casa siempre hab\u00eda alg\u00fan perro,","og_url":"https:\/\/www.covb.cat\/es\/actualitat\/noticies\/accent-es\/teresa-rigau-no-era-consciente-de-ser-un-referente-para-las-jovenes-veterinarias\/","og_site_name":"COVB","article_publisher":"https:\/\/www.facebook.com\/COVBcat\/","article_published_time":"2022-07-06T15:45:57+00:00","og_image":[{"width":175,"height":175,"url":"https:\/\/www.covb.cat\/wp-content\/uploads\/2022\/07\/370898bb-f175-e38c-94b6-b6c286c73ea9.png","type":"image\/png"}],"twitter_card":"summary_large_image","twitter_creator":"@COVBcat","twitter_site":"@COVBcat","twitter_misc":{"Escrito por":"","Tiempo de lectura":"2 minutos"},"schema":{"@context":"https:\/\/schema.org","@graph":[{"@type":"Article","@id":"https:\/\/www.covb.cat\/es\/actualitat\/noticies\/accent-es\/teresa-rigau-no-era-consciente-de-ser-un-referente-para-las-jovenes-veterinarias\/#article","isPartOf":{"@id":"https:\/\/www.covb.cat\/es\/actualitat\/noticies\/accent-es\/teresa-rigau-no-era-consciente-de-ser-un-referente-para-las-jovenes-veterinarias\/"},"author":{"name":"","@id":""},"headline":"TERESA RIGAU: \u201cNO ERA CONSCIENTE DE SER UN REFERENTE PARA LAS J\u00d3VENES VETERINARIAS\u201d","datePublished":"2022-07-06T15:45:57+00:00","mainEntityOfPage":{"@id":"https:\/\/www.covb.cat\/es\/actualitat\/noticies\/accent-es\/teresa-rigau-no-era-consciente-de-ser-un-referente-para-las-jovenes-veterinarias\/"},"wordCount":345,"publisher":{"@id":"https:\/\/www.covb.cat\/es\/#organization"},"image":{"@id":"https:\/\/www.covb.cat\/es\/actualitat\/noticies\/accent-es\/teresa-rigau-no-era-consciente-de-ser-un-referente-para-las-jovenes-veterinarias\/#primaryimage"},"thumbnailUrl":"https:\/\/www.covb.cat\/wp-content\/uploads\/2022\/07\/370898bb-f175-e38c-94b6-b6c286c73ea9.png","keywords":["Accent","accent","Entrevista"],"articleSection":["General"],"inLanguage":"es"},{"@type":"WebPage","@id":"https:\/\/www.covb.cat\/es\/actualitat\/noticies\/accent-es\/teresa-rigau-no-era-consciente-de-ser-un-referente-para-las-jovenes-veterinarias\/","url":"https:\/\/www.covb.cat\/es\/actualitat\/noticies\/accent-es\/teresa-rigau-no-era-consciente-de-ser-un-referente-para-las-jovenes-veterinarias\/","name":"TERESA RIGAU: \u201cNO ERA CONSCIENTE DE SER UN REFERENTE PARA LAS J\u00d3VENES VETERINARIAS\u201d - COVB - Col\u00b7legi Oficial de Veterinaris de Barcelona","isPartOf":{"@id":"https:\/\/www.covb.cat\/es\/#website"},"primaryImageOfPage":{"@id":"https:\/\/www.covb.cat\/es\/actualitat\/noticies\/accent-es\/teresa-rigau-no-era-consciente-de-ser-un-referente-para-las-jovenes-veterinarias\/#primaryimage"},"image":{"@id":"https:\/\/www.covb.cat\/es\/actualitat\/noticies\/accent-es\/teresa-rigau-no-era-consciente-de-ser-un-referente-para-las-jovenes-veterinarias\/#primaryimage"},"thumbnailUrl":"https:\/\/www.covb.cat\/wp-content\/uploads\/2022\/07\/370898bb-f175-e38c-94b6-b6c286c73ea9.png","datePublished":"2022-07-06T15:45:57+00:00","description":"\u00bfDe peque\u00f1a ya quer\u00edas ser veterinaria? \u00bfC\u00f3mo naci\u00f3 tu vocaci\u00f3n por la veterinaria? La verdad es que no lo recuerdo, en casa siempre hab\u00eda alg\u00fan perro,","breadcrumb":{"@id":"https:\/\/www.covb.cat\/es\/actualitat\/noticies\/accent-es\/teresa-rigau-no-era-consciente-de-ser-un-referente-para-las-jovenes-veterinarias\/#breadcrumb"},"inLanguage":"es","potentialAction":[{"@type":"ReadAction","target":["https:\/\/www.covb.cat\/es\/actualitat\/noticies\/accent-es\/teresa-rigau-no-era-consciente-de-ser-un-referente-para-las-jovenes-veterinarias\/"]}]},{"@type":"ImageObject","inLanguage":"es","@id":"https:\/\/www.covb.cat\/es\/actualitat\/noticies\/accent-es\/teresa-rigau-no-era-consciente-de-ser-un-referente-para-las-jovenes-veterinarias\/#primaryimage","url":"https:\/\/www.covb.cat\/wp-content\/uploads\/2022\/07\/370898bb-f175-e38c-94b6-b6c286c73ea9.png","contentUrl":"https:\/\/www.covb.cat\/wp-content\/uploads\/2022\/07\/370898bb-f175-e38c-94b6-b6c286c73ea9.png","width":175,"height":175},{"@type":"BreadcrumbList","@id":"https:\/\/www.covb.cat\/es\/actualitat\/noticies\/accent-es\/teresa-rigau-no-era-consciente-de-ser-un-referente-para-las-jovenes-veterinarias\/#breadcrumb","itemListElement":[{"@type":"ListItem","position":1,"name":"Inici","item":"https:\/\/www.covb.cat\/es\/"},{"@type":"ListItem","position":2,"name":"TERESA RIGAU: \u201cNO ERA CONSCIENTE DE SER UN REFERENTE PARA LAS J\u00d3VENES VETERINARIAS\u201d"}]},{"@type":"WebSite","@id":"https:\/\/www.covb.cat\/es\/#website","url":"https:\/\/www.covb.cat\/es\/","name":"COVB","description":"Col\u00b7legi Oficial de Veterinaris de Barcelona","publisher":{"@id":"https:\/\/www.covb.cat\/es\/#organization"},"potentialAction":[{"@type":"SearchAction","target":{"@type":"EntryPoint","urlTemplate":"https:\/\/www.covb.cat\/es\/?s={search_term_string}"},"query-input":{"@type":"PropertyValueSpecification","valueRequired":true,"valueName":"search_term_string"}}],"inLanguage":"es"},{"@type":"Organization","@id":"https:\/\/www.covb.cat\/es\/#organization","name":"COVB","url":"https:\/\/www.covb.cat\/es\/","logo":{"@type":"ImageObject","inLanguage":"es","@id":"https:\/\/www.covb.cat\/es\/#\/schema\/logo\/image\/","url":"https:\/\/www.covb.cat\/wp-content\/uploads\/2018\/07\/favicon-covb.png","contentUrl":"https:\/\/www.covb.cat\/wp-content\/uploads\/2018\/07\/favicon-covb.png","width":512,"height":512,"caption":"COVB"},"image":{"@id":"https:\/\/www.covb.cat\/es\/#\/schema\/logo\/image\/"},"sameAs":["https:\/\/www.facebook.com\/COVBcat\/","https:\/\/x.com\/COVBcat","https:\/\/www.youtube.com\/user\/covbcn"]},{"@type":"Person","@id":""}]}},"jetpack_featured_media_url":"https:\/\/www.covb.cat\/wp-content\/uploads\/2022\/07\/370898bb-f175-e38c-94b6-b6c286c73ea9.png","jetpack_sharing_enabled":true,"_links":{"self":[{"href":"https:\/\/www.covb.cat\/es\/wp-json\/wp\/v2\/posts\/20787","targetHints":{"allow":["GET"]}}],"collection":[{"href":"https:\/\/www.covb.cat\/es\/wp-json\/wp\/v2\/posts"}],"about":[{"href":"https:\/\/www.covb.cat\/es\/wp-json\/wp\/v2\/types\/post"}],"author":[{"embeddable":true,"href":"https:\/\/www.covb.cat\/es\/wp-json\/wp\/v2\/users\/106"}],"replies":[{"embeddable":true,"href":"https:\/\/www.covb.cat\/es\/wp-json\/wp\/v2\/comments?post=20787"}],"version-history":[{"count":0,"href":"https:\/\/www.covb.cat\/es\/wp-json\/wp\/v2\/posts\/20787\/revisions"}],"wp:featuredmedia":[{"embeddable":true,"href":"https:\/\/www.covb.cat\/es\/wp-json\/wp\/v2\/media\/20729"}],"wp:attachment":[{"href":"https:\/\/www.covb.cat\/es\/wp-json\/wp\/v2\/media?parent=20787"}],"wp:term":[{"taxonomy":"category","embeddable":true,"href":"https:\/\/www.covb.cat\/es\/wp-json\/wp\/v2\/categories?post=20787"},{"taxonomy":"post_tag","embeddable":true,"href":"https:\/\/www.covb.cat\/es\/wp-json\/wp\/v2\/tags?post=20787"}],"curies":[{"name":"wp","href":"https:\/\/api.w.org\/{rel}","templated":true}]}}