{"id":19193,"date":"2022-05-24T17:36:52","date_gmt":"2022-05-24T15:36:52","guid":{"rendered":"https:\/\/www.covb.cat\/?p=19193"},"modified":"2022-05-24T17:36:52","modified_gmt":"2022-05-24T15:36:52","slug":"resultados-de-la-encuesta-sobre-el-impacto-de-la-covid-sobre-la-salud-de-los-profesionales-de-la-veterinaria-2021","status":"publish","type":"post","link":"https:\/\/www.covb.cat\/es\/actualitat\/noticies\/general\/resultados-de-la-encuesta-sobre-el-impacto-de-la-covid-sobre-la-salud-de-los-profesionales-de-la-veterinaria-2021\/","title":{"rendered":"Resultados de la encuesta sobre el impacto de la COVID sobre la salud de los profesionales de la veterinaria 2021"},"content":{"rendered":"<p>Presentamos los resultados de la encuesta realizada durante el a\u00f1o 2021 por el COVB dentro del Programa As\u00eds de la Fundaci\u00f3n Galatea, para valorar el impacto de la crisis causada por la COVID-19 en salud, estilos de vida, condiciones de trabajo de los profesionales de la salud en Catalu\u00f1a y, en concreto, en el \u00e1mbito veterinario. Esta encuesta es la continuaci\u00f3n de la encuesta realizada en 2020 y permite ver c\u00f3mo ha evolucionado la situaci\u00f3n.<\/p>\n<p>Aprovechamos estas l\u00edneas para dar las gracias a todos los colegiados y colegiadas que participaron.<\/p>\n<p><a href=\"https:\/\/mcusercontent.com\/c131463000c5688473b8b34ba\/files\/806c4689-bb22-2e77-bbee-59642dec5b5a\/04_veterinaria_covid2.pdf\">Descarga el PDF de resultados<\/a><\/p>\n","protected":false},"excerpt":{"rendered":"<p>Presentamos los resultados de la encuesta realizada durante el a\u00f1o 2021 por el COVB dentro del Programa As\u00eds de la Fundaci\u00f3n Galatea, para valorar el impacto de la crisis causada por la COVID-19 en salud, estilos de vida, condiciones de trabajo de los profesionales de la salud en Catalu\u00f1a y, en concreto, en el \u00e1mbito [&hellip;]<\/p>\n","protected":false},"author":106,"featured_media":19159,"comment_status":"closed","ping_status":"closed","sticky":false,"template":"","format":"standard","meta":{"_monsterinsights_skip_tracking":false,"_monsterinsights_sitenote_active":false,"_monsterinsights_sitenote_note":"","_monsterinsights_sitenote_category":0,"_jetpack_memberships_contains_paid_content":false,"footnotes":""},"categories":[138,17],"tags":[],"class_list":["post-19193","post","type-post","status-publish","format-standard","has-post-thumbnail","hentry","category-corporativo","category-general"],"yoast_head":"<!-- This site is optimized with the Yoast SEO plugin v27.0 - https:\/\/yoast.com\/product\/yoast-seo-wordpress\/ -->\n<title>Resultados de la encuesta sobre el impacto de la COVID sobre la salud de los profesionales de la veterinaria 2021 - COVB - Col\u00b7legi Oficial de Veterinaris de Barcelona<\/title>\n<meta name=\"description\" content=\"Presentamos los resultados de la encuesta realizada durante el a\u00f1o 2021 por el COVB dentro del Programa As\u00eds de la Fundaci\u00f3n Galatea, para valorar el\" \/>\n<meta name=\"robots\" content=\"index, follow, max-snippet:-1, max-image-preview:large, max-video-preview:-1\" \/>\n<link rel=\"canonical\" href=\"https:\/\/www.covb.cat\/es\/actualitat\/noticies\/general\/resultados-de-la-encuesta-sobre-el-impacto-de-la-covid-sobre-la-salud-de-los-profesionales-de-la-veterinaria-2021\/\" \/>\n<meta property=\"og:locale\" content=\"es_ES\" \/>\n<meta property=\"og:type\" content=\"article\" \/>\n<meta property=\"og:title\" content=\"Resultados de la encuesta sobre el impacto de la COVID sobre la salud de los profesionales de la veterinaria 2021 - COVB - Col\u00b7legi Oficial de Veterinaris de Barcelona\" \/>\n<meta property=\"og:description\" content=\"Presentamos los resultados de la encuesta realizada durante el a\u00f1o 2021 por el COVB dentro del Programa As\u00eds de la Fundaci\u00f3n Galatea, para valorar el\" \/>\n<meta property=\"og:url\" content=\"https:\/\/www.covb.cat\/es\/actualitat\/noticies\/general\/resultados-de-la-encuesta-sobre-el-impacto-de-la-covid-sobre-la-salud-de-los-profesionales-de-la-veterinaria-2021\/\" \/>\n<meta property=\"og:site_name\" content=\"COVB\" \/>\n<meta property=\"article:publisher\" content=\"https:\/\/www.facebook.com\/COVBcat\/\" \/>\n<meta property=\"article:published_time\" content=\"2022-05-24T15:36:52+00:00\" \/>\n<meta property=\"og:image\" content=\"https:\/\/www.covb.cat\/wp-content\/uploads\/2022\/05\/covid-1.png\" \/>\n\t<meta property=\"og:image:width\" content=\"789\" \/>\n\t<meta property=\"og:image:height\" content=\"525\" \/>\n\t<meta property=\"og:image:type\" content=\"image\/png\" \/>\n<meta name=\"twitter:card\" content=\"summary_large_image\" \/>\n<meta name=\"twitter:creator\" content=\"@COVBcat\" \/>\n<meta name=\"twitter:site\" content=\"@COVBcat\" \/>\n<meta name=\"twitter:label1\" content=\"Escrito por\" \/>\n\t<meta name=\"twitter:data1\" content=\"\" \/>\n\t<meta name=\"twitter:label2\" content=\"Tiempo de lectura\" \/>\n\t<meta name=\"twitter:data2\" content=\"1 minuto\" \/>\n<script type=\"application\/ld+json\" class=\"yoast-schema-graph\">{\"@context\":\"https:\/\/schema.org\",\"@graph\":[{\"@type\":\"Article\",\"@id\":\"https:\/\/www.covb.cat\/es\/actualitat\/noticies\/general\/resultados-de-la-encuesta-sobre-el-impacto-de-la-covid-sobre-la-salud-de-los-profesionales-de-la-veterinaria-2021\/#article\",\"isPartOf\":{\"@id\":\"https:\/\/www.covb.cat\/es\/actualitat\/noticies\/general\/resultados-de-la-encuesta-sobre-el-impacto-de-la-covid-sobre-la-salud-de-los-profesionales-de-la-veterinaria-2021\/\"},\"author\":{\"name\":\"\",\"@id\":\"\"},\"headline\":\"Resultados de la encuesta sobre el impacto de la COVID sobre la salud de los profesionales de la veterinaria 2021\",\"datePublished\":\"2022-05-24T15:36:52+00:00\",\"mainEntityOfPage\":{\"@id\":\"https:\/\/www.covb.cat\/es\/actualitat\/noticies\/general\/resultados-de-la-encuesta-sobre-el-impacto-de-la-covid-sobre-la-salud-de-los-profesionales-de-la-veterinaria-2021\/\"},\"wordCount\":120,\"publisher\":{\"@id\":\"https:\/\/www.covb.cat\/es\/#organization\"},\"image\":{\"@id\":\"https:\/\/www.covb.cat\/es\/actualitat\/noticies\/general\/resultados-de-la-encuesta-sobre-el-impacto-de-la-covid-sobre-la-salud-de-los-profesionales-de-la-veterinaria-2021\/#primaryimage\"},\"thumbnailUrl\":\"https:\/\/www.covb.cat\/wp-content\/uploads\/2022\/05\/covid-1.png\",\"articleSection\":[\"Corporativo\",\"General\"],\"inLanguage\":\"es\"},{\"@type\":\"WebPage\",\"@id\":\"https:\/\/www.covb.cat\/es\/actualitat\/noticies\/general\/resultados-de-la-encuesta-sobre-el-impacto-de-la-covid-sobre-la-salud-de-los-profesionales-de-la-veterinaria-2021\/\",\"url\":\"https:\/\/www.covb.cat\/es\/actualitat\/noticies\/general\/resultados-de-la-encuesta-sobre-el-impacto-de-la-covid-sobre-la-salud-de-los-profesionales-de-la-veterinaria-2021\/\",\"name\":\"Resultados de la encuesta sobre el impacto de la COVID sobre la salud de los profesionales de la veterinaria 2021 - COVB - Col\u00b7legi Oficial de Veterinaris de Barcelona\",\"isPartOf\":{\"@id\":\"https:\/\/www.covb.cat\/es\/#website\"},\"primaryImageOfPage\":{\"@id\":\"https:\/\/www.covb.cat\/es\/actualitat\/noticies\/general\/resultados-de-la-encuesta-sobre-el-impacto-de-la-covid-sobre-la-salud-de-los-profesionales-de-la-veterinaria-2021\/#primaryimage\"},\"image\":{\"@id\":\"https:\/\/www.covb.cat\/es\/actualitat\/noticies\/general\/resultados-de-la-encuesta-sobre-el-impacto-de-la-covid-sobre-la-salud-de-los-profesionales-de-la-veterinaria-2021\/#primaryimage\"},\"thumbnailUrl\":\"https:\/\/www.covb.cat\/wp-content\/uploads\/2022\/05\/covid-1.png\",\"datePublished\":\"2022-05-24T15:36:52+00:00\",\"description\":\"Presentamos los resultados de la encuesta realizada durante el a\u00f1o 2021 por el COVB dentro del Programa As\u00eds de la Fundaci\u00f3n Galatea, para valorar el\",\"breadcrumb\":{\"@id\":\"https:\/\/www.covb.cat\/es\/actualitat\/noticies\/general\/resultados-de-la-encuesta-sobre-el-impacto-de-la-covid-sobre-la-salud-de-los-profesionales-de-la-veterinaria-2021\/#breadcrumb\"},\"inLanguage\":\"es\",\"potentialAction\":[{\"@type\":\"ReadAction\",\"target\":[\"https:\/\/www.covb.cat\/es\/actualitat\/noticies\/general\/resultados-de-la-encuesta-sobre-el-impacto-de-la-covid-sobre-la-salud-de-los-profesionales-de-la-veterinaria-2021\/\"]}]},{\"@type\":\"ImageObject\",\"inLanguage\":\"es\",\"@id\":\"https:\/\/www.covb.cat\/es\/actualitat\/noticies\/general\/resultados-de-la-encuesta-sobre-el-impacto-de-la-covid-sobre-la-salud-de-los-profesionales-de-la-veterinaria-2021\/#primaryimage\",\"url\":\"https:\/\/www.covb.cat\/wp-content\/uploads\/2022\/05\/covid-1.png\",\"contentUrl\":\"https:\/\/www.covb.cat\/wp-content\/uploads\/2022\/05\/covid-1.png\",\"width\":789,\"height\":525},{\"@type\":\"BreadcrumbList\",\"@id\":\"https:\/\/www.covb.cat\/es\/actualitat\/noticies\/general\/resultados-de-la-encuesta-sobre-el-impacto-de-la-covid-sobre-la-salud-de-los-profesionales-de-la-veterinaria-2021\/#breadcrumb\",\"itemListElement\":[{\"@type\":\"ListItem\",\"position\":1,\"name\":\"Inici\",\"item\":\"https:\/\/www.covb.cat\/es\/\"},{\"@type\":\"ListItem\",\"position\":2,\"name\":\"Resultados de la encuesta sobre el impacto de la COVID sobre la salud de los profesionales de la veterinaria 2021\"}]},{\"@type\":\"WebSite\",\"@id\":\"https:\/\/www.covb.cat\/es\/#website\",\"url\":\"https:\/\/www.covb.cat\/es\/\",\"name\":\"COVB\",\"description\":\"Col\u00b7legi Oficial de Veterinaris de Barcelona\",\"publisher\":{\"@id\":\"https:\/\/www.covb.cat\/es\/#organization\"},\"potentialAction\":[{\"@type\":\"SearchAction\",\"target\":{\"@type\":\"EntryPoint\",\"urlTemplate\":\"https:\/\/www.covb.cat\/es\/?s={search_term_string}\"},\"query-input\":{\"@type\":\"PropertyValueSpecification\",\"valueRequired\":true,\"valueName\":\"search_term_string\"}}],\"inLanguage\":\"es\"},{\"@type\":\"Organization\",\"@id\":\"https:\/\/www.covb.cat\/es\/#organization\",\"name\":\"COVB\",\"url\":\"https:\/\/www.covb.cat\/es\/\",\"logo\":{\"@type\":\"ImageObject\",\"inLanguage\":\"es\",\"@id\":\"https:\/\/www.covb.cat\/es\/#\/schema\/logo\/image\/\",\"url\":\"https:\/\/www.covb.cat\/wp-content\/uploads\/2018\/07\/favicon-covb.png\",\"contentUrl\":\"https:\/\/www.covb.cat\/wp-content\/uploads\/2018\/07\/favicon-covb.png\",\"width\":512,\"height\":512,\"caption\":\"COVB\"},\"image\":{\"@id\":\"https:\/\/www.covb.cat\/es\/#\/schema\/logo\/image\/\"},\"sameAs\":[\"https:\/\/www.facebook.com\/COVBcat\/\",\"https:\/\/x.com\/COVBcat\",\"https:\/\/www.youtube.com\/user\/covbcn\"]},{\"@type\":\"Person\",\"@id\":\"\"}]}<\/script>\n<!-- \/ Yoast SEO plugin. -->","yoast_head_json":{"title":"Resultados de la encuesta sobre el impacto de la COVID sobre la salud de los profesionales de la veterinaria 2021 - COVB - Col\u00b7legi Oficial de Veterinaris de Barcelona","description":"Presentamos los resultados de la encuesta realizada durante el a\u00f1o 2021 por el COVB dentro del Programa As\u00eds de la Fundaci\u00f3n Galatea, para valorar el","robots":{"index":"index","follow":"follow","max-snippet":"max-snippet:-1","max-image-preview":"max-image-preview:large","max-video-preview":"max-video-preview:-1"},"canonical":"https:\/\/www.covb.cat\/es\/actualitat\/noticies\/general\/resultados-de-la-encuesta-sobre-el-impacto-de-la-covid-sobre-la-salud-de-los-profesionales-de-la-veterinaria-2021\/","og_locale":"es_ES","og_type":"article","og_title":"Resultados de la encuesta sobre el impacto de la COVID sobre la salud de los profesionales de la veterinaria 2021 - COVB - Col\u00b7legi Oficial de Veterinaris de Barcelona","og_description":"Presentamos los resultados de la encuesta realizada durante el a\u00f1o 2021 por el COVB dentro del Programa As\u00eds de la Fundaci\u00f3n Galatea, para valorar el","og_url":"https:\/\/www.covb.cat\/es\/actualitat\/noticies\/general\/resultados-de-la-encuesta-sobre-el-impacto-de-la-covid-sobre-la-salud-de-los-profesionales-de-la-veterinaria-2021\/","og_site_name":"COVB","article_publisher":"https:\/\/www.facebook.com\/COVBcat\/","article_published_time":"2022-05-24T15:36:52+00:00","og_image":[{"width":789,"height":525,"url":"https:\/\/www.covb.cat\/wp-content\/uploads\/2022\/05\/covid-1.png","type":"image\/png"}],"twitter_card":"summary_large_image","twitter_creator":"@COVBcat","twitter_site":"@COVBcat","twitter_misc":{"Escrito por":"","Tiempo de lectura":"1 minuto"},"schema":{"@context":"https:\/\/schema.org","@graph":[{"@type":"Article","@id":"https:\/\/www.covb.cat\/es\/actualitat\/noticies\/general\/resultados-de-la-encuesta-sobre-el-impacto-de-la-covid-sobre-la-salud-de-los-profesionales-de-la-veterinaria-2021\/#article","isPartOf":{"@id":"https:\/\/www.covb.cat\/es\/actualitat\/noticies\/general\/resultados-de-la-encuesta-sobre-el-impacto-de-la-covid-sobre-la-salud-de-los-profesionales-de-la-veterinaria-2021\/"},"author":{"name":"","@id":""},"headline":"Resultados de la encuesta sobre el impacto de la COVID sobre la salud de los profesionales de la veterinaria 2021","datePublished":"2022-05-24T15:36:52+00:00","mainEntityOfPage":{"@id":"https:\/\/www.covb.cat\/es\/actualitat\/noticies\/general\/resultados-de-la-encuesta-sobre-el-impacto-de-la-covid-sobre-la-salud-de-los-profesionales-de-la-veterinaria-2021\/"},"wordCount":120,"publisher":{"@id":"https:\/\/www.covb.cat\/es\/#organization"},"image":{"@id":"https:\/\/www.covb.cat\/es\/actualitat\/noticies\/general\/resultados-de-la-encuesta-sobre-el-impacto-de-la-covid-sobre-la-salud-de-los-profesionales-de-la-veterinaria-2021\/#primaryimage"},"thumbnailUrl":"https:\/\/www.covb.cat\/wp-content\/uploads\/2022\/05\/covid-1.png","articleSection":["Corporativo","General"],"inLanguage":"es"},{"@type":"WebPage","@id":"https:\/\/www.covb.cat\/es\/actualitat\/noticies\/general\/resultados-de-la-encuesta-sobre-el-impacto-de-la-covid-sobre-la-salud-de-los-profesionales-de-la-veterinaria-2021\/","url":"https:\/\/www.covb.cat\/es\/actualitat\/noticies\/general\/resultados-de-la-encuesta-sobre-el-impacto-de-la-covid-sobre-la-salud-de-los-profesionales-de-la-veterinaria-2021\/","name":"Resultados de la encuesta sobre el impacto de la COVID sobre la salud de los profesionales de la veterinaria 2021 - COVB - Col\u00b7legi Oficial de Veterinaris de Barcelona","isPartOf":{"@id":"https:\/\/www.covb.cat\/es\/#website"},"primaryImageOfPage":{"@id":"https:\/\/www.covb.cat\/es\/actualitat\/noticies\/general\/resultados-de-la-encuesta-sobre-el-impacto-de-la-covid-sobre-la-salud-de-los-profesionales-de-la-veterinaria-2021\/#primaryimage"},"image":{"@id":"https:\/\/www.covb.cat\/es\/actualitat\/noticies\/general\/resultados-de-la-encuesta-sobre-el-impacto-de-la-covid-sobre-la-salud-de-los-profesionales-de-la-veterinaria-2021\/#primaryimage"},"thumbnailUrl":"https:\/\/www.covb.cat\/wp-content\/uploads\/2022\/05\/covid-1.png","datePublished":"2022-05-24T15:36:52+00:00","description":"Presentamos los resultados de la encuesta realizada durante el a\u00f1o 2021 por el COVB dentro del Programa As\u00eds de la Fundaci\u00f3n Galatea, para valorar el","breadcrumb":{"@id":"https:\/\/www.covb.cat\/es\/actualitat\/noticies\/general\/resultados-de-la-encuesta-sobre-el-impacto-de-la-covid-sobre-la-salud-de-los-profesionales-de-la-veterinaria-2021\/#breadcrumb"},"inLanguage":"es","potentialAction":[{"@type":"ReadAction","target":["https:\/\/www.covb.cat\/es\/actualitat\/noticies\/general\/resultados-de-la-encuesta-sobre-el-impacto-de-la-covid-sobre-la-salud-de-los-profesionales-de-la-veterinaria-2021\/"]}]},{"@type":"ImageObject","inLanguage":"es","@id":"https:\/\/www.covb.cat\/es\/actualitat\/noticies\/general\/resultados-de-la-encuesta-sobre-el-impacto-de-la-covid-sobre-la-salud-de-los-profesionales-de-la-veterinaria-2021\/#primaryimage","url":"https:\/\/www.covb.cat\/wp-content\/uploads\/2022\/05\/covid-1.png","contentUrl":"https:\/\/www.covb.cat\/wp-content\/uploads\/2022\/05\/covid-1.png","width":789,"height":525},{"@type":"BreadcrumbList","@id":"https:\/\/www.covb.cat\/es\/actualitat\/noticies\/general\/resultados-de-la-encuesta-sobre-el-impacto-de-la-covid-sobre-la-salud-de-los-profesionales-de-la-veterinaria-2021\/#breadcrumb","itemListElement":[{"@type":"ListItem","position":1,"name":"Inici","item":"https:\/\/www.covb.cat\/es\/"},{"@type":"ListItem","position":2,"name":"Resultados de la encuesta sobre el impacto de la COVID sobre la salud de los profesionales de la veterinaria 2021"}]},{"@type":"WebSite","@id":"https:\/\/www.covb.cat\/es\/#website","url":"https:\/\/www.covb.cat\/es\/","name":"COVB","description":"Col\u00b7legi Oficial de Veterinaris de Barcelona","publisher":{"@id":"https:\/\/www.covb.cat\/es\/#organization"},"potentialAction":[{"@type":"SearchAction","target":{"@type":"EntryPoint","urlTemplate":"https:\/\/www.covb.cat\/es\/?s={search_term_string}"},"query-input":{"@type":"PropertyValueSpecification","valueRequired":true,"valueName":"search_term_string"}}],"inLanguage":"es"},{"@type":"Organization","@id":"https:\/\/www.covb.cat\/es\/#organization","name":"COVB","url":"https:\/\/www.covb.cat\/es\/","logo":{"@type":"ImageObject","inLanguage":"es","@id":"https:\/\/www.covb.cat\/es\/#\/schema\/logo\/image\/","url":"https:\/\/www.covb.cat\/wp-content\/uploads\/2018\/07\/favicon-covb.png","contentUrl":"https:\/\/www.covb.cat\/wp-content\/uploads\/2018\/07\/favicon-covb.png","width":512,"height":512,"caption":"COVB"},"image":{"@id":"https:\/\/www.covb.cat\/es\/#\/schema\/logo\/image\/"},"sameAs":["https:\/\/www.facebook.com\/COVBcat\/","https:\/\/x.com\/COVBcat","https:\/\/www.youtube.com\/user\/covbcn"]},{"@type":"Person","@id":""}]}},"jetpack_featured_media_url":"https:\/\/www.covb.cat\/wp-content\/uploads\/2022\/05\/covid-1.png","jetpack_sharing_enabled":true,"_links":{"self":[{"href":"https:\/\/www.covb.cat\/es\/wp-json\/wp\/v2\/posts\/19193","targetHints":{"allow":["GET"]}}],"collection":[{"href":"https:\/\/www.covb.cat\/es\/wp-json\/wp\/v2\/posts"}],"about":[{"href":"https:\/\/www.covb.cat\/es\/wp-json\/wp\/v2\/types\/post"}],"author":[{"embeddable":true,"href":"https:\/\/www.covb.cat\/es\/wp-json\/wp\/v2\/users\/106"}],"replies":[{"embeddable":true,"href":"https:\/\/www.covb.cat\/es\/wp-json\/wp\/v2\/comments?post=19193"}],"version-history":[{"count":0,"href":"https:\/\/www.covb.cat\/es\/wp-json\/wp\/v2\/posts\/19193\/revisions"}],"wp:featuredmedia":[{"embeddable":true,"href":"https:\/\/www.covb.cat\/es\/wp-json\/wp\/v2\/media\/19159"}],"wp:attachment":[{"href":"https:\/\/www.covb.cat\/es\/wp-json\/wp\/v2\/media?parent=19193"}],"wp:term":[{"taxonomy":"category","embeddable":true,"href":"https:\/\/www.covb.cat\/es\/wp-json\/wp\/v2\/categories?post=19193"},{"taxonomy":"post_tag","embeddable":true,"href":"https:\/\/www.covb.cat\/es\/wp-json\/wp\/v2\/tags?post=19193"}],"curies":[{"name":"wp","href":"https:\/\/api.w.org\/{rel}","templated":true}]}}