{"id":17899,"date":"2022-04-04T18:06:17","date_gmt":"2022-04-04T16:06:17","guid":{"rendered":"https:\/\/www.covb.cat\/?p=17899"},"modified":"2022-04-04T18:06:17","modified_gmt":"2022-04-04T16:06:17","slug":"el-ccvc-solicita-que-la-vacunacion-antirrabica-sea-obligatoria-en-catalunya","status":"publish","type":"post","link":"https:\/\/www.covb.cat\/es\/actualitat\/noticies\/general\/el-ccvc-solicita-que-la-vacunacion-antirrabica-sea-obligatoria-en-catalunya\/","title":{"rendered":"El CCVC solicita que la vacunaci\u00f3n antirr\u00e1bica sea obligatoria en Catalunya"},"content":{"rendered":"<p>El Consell de Col\u00b7legis Veterinaris de Catalunya ha solicitado por carta al Departament d&#8217;Acci\u00f3 Clim\u00e0tica, Alimentaci\u00f3 i Agenda Rural y al Departament de Salut de la Generalitat de Catalunya que la vacuna de la rabia sea obligatoria en Catalunya. Esta petici\u00f3n est\u00e1 apoyada por la Organizaci\u00f3n Colegial Veterinaria Espa\u00f1ola, que considera que la vacunaci\u00f3n deber\u00eda ser obligatoria en todo el Estado. Actualmente, la vacunaci\u00f3n ya es obligatoria en todas las Comunidades excepto Galicia, Pa\u00eds Vasco y Catalu\u00f1a.<\/p>\n<p>El CCVC lleva muchos a\u00f1os realizando esta petici\u00f3n, pero actualmente el riesgo ha aumentado. Por un lado, la situaci\u00f3n de la rabia ha empeorado en Melilla, donde crecen los casos y, por otro lado, la llegada de mascotas de Ucrania, donde la rabia es end\u00e9mica, tambi\u00e9n ha incrementado el riesgo de entrada de la enfermedad.<\/p>\n<p>La decisi\u00f3n depende del Departament d&#8217;Acci\u00f3 Clim\u00e0tica, Alimentaci\u00f3 i Agenda Rural, que podr\u00eda optar por la vacunaci\u00f3n a trav\u00e9s de un Decreto. El CCVC considera que el marco normativo deber\u00eda estar listo este a\u00f1o 2022.<\/p>\n","protected":false},"excerpt":{"rendered":"<p>El Consell de Col\u00b7legis Veterinaris de Catalunya ha solicitado por carta al Departament d&#8217;Acci\u00f3 Clim\u00e0tica, Alimentaci\u00f3 i Agenda Rural y al Departament de Salut de la Generalitat de Catalunya que la vacuna de la rabia sea obligatoria en Catalunya. Esta petici\u00f3n est\u00e1 apoyada por la Organizaci\u00f3n Colegial Veterinaria Espa\u00f1ola, que considera que la vacunaci\u00f3n deber\u00eda [&hellip;]<\/p>\n","protected":false},"author":106,"featured_media":15994,"comment_status":"closed","ping_status":"closed","sticky":false,"template":"","format":"standard","meta":{"_monsterinsights_skip_tracking":false,"_monsterinsights_sitenote_active":false,"_monsterinsights_sitenote_note":"","_monsterinsights_sitenote_category":0,"_jetpack_memberships_contains_paid_content":false,"footnotes":""},"categories":[138,17],"tags":[],"class_list":["post-17899","post","type-post","status-publish","format-standard","has-post-thumbnail","hentry","category-corporativo","category-general"],"yoast_head":"<!-- This site is optimized with the Yoast SEO plugin v27.0 - https:\/\/yoast.com\/product\/yoast-seo-wordpress\/ -->\n<title>El CCVC solicita que la vacunaci\u00f3n antirr\u00e1bica sea obligatoria en Catalunya - COVB - Col\u00b7legi Oficial de Veterinaris de Barcelona<\/title>\n<meta name=\"description\" content=\"El Consell de Col\u00b7legis Veterinaris de Catalunya ha solicitado por carta al Departament d&#039;Acci\u00f3 Clim\u00e0tica, Alimentaci\u00f3 i Agenda Rural y al Departament de\" \/>\n<meta name=\"robots\" content=\"index, follow, max-snippet:-1, max-image-preview:large, max-video-preview:-1\" \/>\n<link rel=\"canonical\" href=\"https:\/\/www.covb.cat\/es\/actualitat\/noticies\/general\/el-ccvc-solicita-que-la-vacunacion-antirrabica-sea-obligatoria-en-catalunya\/\" \/>\n<meta property=\"og:locale\" content=\"es_ES\" \/>\n<meta property=\"og:type\" content=\"article\" \/>\n<meta property=\"og:title\" content=\"El CCVC solicita que la vacunaci\u00f3n antirr\u00e1bica sea obligatoria en Catalunya - COVB - Col\u00b7legi Oficial de Veterinaris de Barcelona\" \/>\n<meta property=\"og:description\" content=\"El Consell de Col\u00b7legis Veterinaris de Catalunya ha solicitado por carta al Departament d&#039;Acci\u00f3 Clim\u00e0tica, Alimentaci\u00f3 i Agenda Rural y al Departament de\" \/>\n<meta property=\"og:url\" content=\"https:\/\/www.covb.cat\/es\/actualitat\/noticies\/general\/el-ccvc-solicita-que-la-vacunacion-antirrabica-sea-obligatoria-en-catalunya\/\" \/>\n<meta property=\"og:site_name\" content=\"COVB\" \/>\n<meta property=\"article:publisher\" content=\"https:\/\/www.facebook.com\/COVBcat\/\" \/>\n<meta property=\"article:published_time\" content=\"2022-04-04T16:06:17+00:00\" \/>\n<meta property=\"og:image\" content=\"https:\/\/www.covb.cat\/wp-content\/uploads\/2022\/02\/perro_rabia.jpg\" \/>\n\t<meta property=\"og:image:width\" content=\"640\" \/>\n\t<meta property=\"og:image:height\" content=\"426\" \/>\n\t<meta property=\"og:image:type\" content=\"image\/jpeg\" \/>\n<meta name=\"twitter:card\" content=\"summary_large_image\" \/>\n<meta name=\"twitter:creator\" content=\"@COVBcat\" \/>\n<meta name=\"twitter:site\" content=\"@COVBcat\" \/>\n<meta name=\"twitter:label1\" content=\"Escrito por\" \/>\n\t<meta name=\"twitter:data1\" content=\"\" \/>\n\t<meta name=\"twitter:label2\" content=\"Tiempo de lectura\" \/>\n\t<meta name=\"twitter:data2\" content=\"1 minuto\" \/>\n<script type=\"application\/ld+json\" class=\"yoast-schema-graph\">{\"@context\":\"https:\/\/schema.org\",\"@graph\":[{\"@type\":\"Article\",\"@id\":\"https:\/\/www.covb.cat\/es\/actualitat\/noticies\/general\/el-ccvc-solicita-que-la-vacunacion-antirrabica-sea-obligatoria-en-catalunya\/#article\",\"isPartOf\":{\"@id\":\"https:\/\/www.covb.cat\/es\/actualitat\/noticies\/general\/el-ccvc-solicita-que-la-vacunacion-antirrabica-sea-obligatoria-en-catalunya\/\"},\"author\":{\"name\":\"\",\"@id\":\"\"},\"headline\":\"El CCVC solicita que la vacunaci\u00f3n antirr\u00e1bica sea obligatoria en Catalunya\",\"datePublished\":\"2022-04-04T16:06:17+00:00\",\"mainEntityOfPage\":{\"@id\":\"https:\/\/www.covb.cat\/es\/actualitat\/noticies\/general\/el-ccvc-solicita-que-la-vacunacion-antirrabica-sea-obligatoria-en-catalunya\/\"},\"wordCount\":203,\"publisher\":{\"@id\":\"https:\/\/www.covb.cat\/es\/#organization\"},\"image\":{\"@id\":\"https:\/\/www.covb.cat\/es\/actualitat\/noticies\/general\/el-ccvc-solicita-que-la-vacunacion-antirrabica-sea-obligatoria-en-catalunya\/#primaryimage\"},\"thumbnailUrl\":\"https:\/\/www.covb.cat\/wp-content\/uploads\/2022\/02\/perro_rabia.jpg\",\"articleSection\":[\"Corporativo\",\"General\"],\"inLanguage\":\"es\"},{\"@type\":\"WebPage\",\"@id\":\"https:\/\/www.covb.cat\/es\/actualitat\/noticies\/general\/el-ccvc-solicita-que-la-vacunacion-antirrabica-sea-obligatoria-en-catalunya\/\",\"url\":\"https:\/\/www.covb.cat\/es\/actualitat\/noticies\/general\/el-ccvc-solicita-que-la-vacunacion-antirrabica-sea-obligatoria-en-catalunya\/\",\"name\":\"El CCVC solicita que la vacunaci\u00f3n antirr\u00e1bica sea obligatoria en Catalunya - COVB - Col\u00b7legi Oficial de Veterinaris de Barcelona\",\"isPartOf\":{\"@id\":\"https:\/\/www.covb.cat\/es\/#website\"},\"primaryImageOfPage\":{\"@id\":\"https:\/\/www.covb.cat\/es\/actualitat\/noticies\/general\/el-ccvc-solicita-que-la-vacunacion-antirrabica-sea-obligatoria-en-catalunya\/#primaryimage\"},\"image\":{\"@id\":\"https:\/\/www.covb.cat\/es\/actualitat\/noticies\/general\/el-ccvc-solicita-que-la-vacunacion-antirrabica-sea-obligatoria-en-catalunya\/#primaryimage\"},\"thumbnailUrl\":\"https:\/\/www.covb.cat\/wp-content\/uploads\/2022\/02\/perro_rabia.jpg\",\"datePublished\":\"2022-04-04T16:06:17+00:00\",\"description\":\"El Consell de Col\u00b7legis Veterinaris de Catalunya ha solicitado por carta al Departament d'Acci\u00f3 Clim\u00e0tica, Alimentaci\u00f3 i Agenda Rural y al Departament de\",\"breadcrumb\":{\"@id\":\"https:\/\/www.covb.cat\/es\/actualitat\/noticies\/general\/el-ccvc-solicita-que-la-vacunacion-antirrabica-sea-obligatoria-en-catalunya\/#breadcrumb\"},\"inLanguage\":\"es\",\"potentialAction\":[{\"@type\":\"ReadAction\",\"target\":[\"https:\/\/www.covb.cat\/es\/actualitat\/noticies\/general\/el-ccvc-solicita-que-la-vacunacion-antirrabica-sea-obligatoria-en-catalunya\/\"]}]},{\"@type\":\"ImageObject\",\"inLanguage\":\"es\",\"@id\":\"https:\/\/www.covb.cat\/es\/actualitat\/noticies\/general\/el-ccvc-solicita-que-la-vacunacion-antirrabica-sea-obligatoria-en-catalunya\/#primaryimage\",\"url\":\"https:\/\/www.covb.cat\/wp-content\/uploads\/2022\/02\/perro_rabia.jpg\",\"contentUrl\":\"https:\/\/www.covb.cat\/wp-content\/uploads\/2022\/02\/perro_rabia.jpg\",\"width\":640,\"height\":426},{\"@type\":\"BreadcrumbList\",\"@id\":\"https:\/\/www.covb.cat\/es\/actualitat\/noticies\/general\/el-ccvc-solicita-que-la-vacunacion-antirrabica-sea-obligatoria-en-catalunya\/#breadcrumb\",\"itemListElement\":[{\"@type\":\"ListItem\",\"position\":1,\"name\":\"Inici\",\"item\":\"https:\/\/www.covb.cat\/es\/\"},{\"@type\":\"ListItem\",\"position\":2,\"name\":\"El CCVC solicita que la vacunaci\u00f3n antirr\u00e1bica sea obligatoria en Catalunya\"}]},{\"@type\":\"WebSite\",\"@id\":\"https:\/\/www.covb.cat\/es\/#website\",\"url\":\"https:\/\/www.covb.cat\/es\/\",\"name\":\"COVB\",\"description\":\"Col\u00b7legi Oficial de Veterinaris de Barcelona\",\"publisher\":{\"@id\":\"https:\/\/www.covb.cat\/es\/#organization\"},\"potentialAction\":[{\"@type\":\"SearchAction\",\"target\":{\"@type\":\"EntryPoint\",\"urlTemplate\":\"https:\/\/www.covb.cat\/es\/?s={search_term_string}\"},\"query-input\":{\"@type\":\"PropertyValueSpecification\",\"valueRequired\":true,\"valueName\":\"search_term_string\"}}],\"inLanguage\":\"es\"},{\"@type\":\"Organization\",\"@id\":\"https:\/\/www.covb.cat\/es\/#organization\",\"name\":\"COVB\",\"url\":\"https:\/\/www.covb.cat\/es\/\",\"logo\":{\"@type\":\"ImageObject\",\"inLanguage\":\"es\",\"@id\":\"https:\/\/www.covb.cat\/es\/#\/schema\/logo\/image\/\",\"url\":\"https:\/\/www.covb.cat\/wp-content\/uploads\/2018\/07\/favicon-covb.png\",\"contentUrl\":\"https:\/\/www.covb.cat\/wp-content\/uploads\/2018\/07\/favicon-covb.png\",\"width\":512,\"height\":512,\"caption\":\"COVB\"},\"image\":{\"@id\":\"https:\/\/www.covb.cat\/es\/#\/schema\/logo\/image\/\"},\"sameAs\":[\"https:\/\/www.facebook.com\/COVBcat\/\",\"https:\/\/x.com\/COVBcat\",\"https:\/\/www.youtube.com\/user\/covbcn\"]},{\"@type\":\"Person\",\"@id\":\"\"}]}<\/script>\n<!-- \/ Yoast SEO plugin. -->","yoast_head_json":{"title":"El CCVC solicita que la vacunaci\u00f3n antirr\u00e1bica sea obligatoria en Catalunya - COVB - Col\u00b7legi Oficial de Veterinaris de Barcelona","description":"El Consell de Col\u00b7legis Veterinaris de Catalunya ha solicitado por carta al Departament d'Acci\u00f3 Clim\u00e0tica, Alimentaci\u00f3 i Agenda Rural y al Departament de","robots":{"index":"index","follow":"follow","max-snippet":"max-snippet:-1","max-image-preview":"max-image-preview:large","max-video-preview":"max-video-preview:-1"},"canonical":"https:\/\/www.covb.cat\/es\/actualitat\/noticies\/general\/el-ccvc-solicita-que-la-vacunacion-antirrabica-sea-obligatoria-en-catalunya\/","og_locale":"es_ES","og_type":"article","og_title":"El CCVC solicita que la vacunaci\u00f3n antirr\u00e1bica sea obligatoria en Catalunya - COVB - Col\u00b7legi Oficial de Veterinaris de Barcelona","og_description":"El Consell de Col\u00b7legis Veterinaris de Catalunya ha solicitado por carta al Departament d'Acci\u00f3 Clim\u00e0tica, Alimentaci\u00f3 i Agenda Rural y al Departament de","og_url":"https:\/\/www.covb.cat\/es\/actualitat\/noticies\/general\/el-ccvc-solicita-que-la-vacunacion-antirrabica-sea-obligatoria-en-catalunya\/","og_site_name":"COVB","article_publisher":"https:\/\/www.facebook.com\/COVBcat\/","article_published_time":"2022-04-04T16:06:17+00:00","og_image":[{"width":640,"height":426,"url":"https:\/\/www.covb.cat\/wp-content\/uploads\/2022\/02\/perro_rabia.jpg","type":"image\/jpeg"}],"twitter_card":"summary_large_image","twitter_creator":"@COVBcat","twitter_site":"@COVBcat","twitter_misc":{"Escrito por":"","Tiempo de lectura":"1 minuto"},"schema":{"@context":"https:\/\/schema.org","@graph":[{"@type":"Article","@id":"https:\/\/www.covb.cat\/es\/actualitat\/noticies\/general\/el-ccvc-solicita-que-la-vacunacion-antirrabica-sea-obligatoria-en-catalunya\/#article","isPartOf":{"@id":"https:\/\/www.covb.cat\/es\/actualitat\/noticies\/general\/el-ccvc-solicita-que-la-vacunacion-antirrabica-sea-obligatoria-en-catalunya\/"},"author":{"name":"","@id":""},"headline":"El CCVC solicita que la vacunaci\u00f3n antirr\u00e1bica sea obligatoria en Catalunya","datePublished":"2022-04-04T16:06:17+00:00","mainEntityOfPage":{"@id":"https:\/\/www.covb.cat\/es\/actualitat\/noticies\/general\/el-ccvc-solicita-que-la-vacunacion-antirrabica-sea-obligatoria-en-catalunya\/"},"wordCount":203,"publisher":{"@id":"https:\/\/www.covb.cat\/es\/#organization"},"image":{"@id":"https:\/\/www.covb.cat\/es\/actualitat\/noticies\/general\/el-ccvc-solicita-que-la-vacunacion-antirrabica-sea-obligatoria-en-catalunya\/#primaryimage"},"thumbnailUrl":"https:\/\/www.covb.cat\/wp-content\/uploads\/2022\/02\/perro_rabia.jpg","articleSection":["Corporativo","General"],"inLanguage":"es"},{"@type":"WebPage","@id":"https:\/\/www.covb.cat\/es\/actualitat\/noticies\/general\/el-ccvc-solicita-que-la-vacunacion-antirrabica-sea-obligatoria-en-catalunya\/","url":"https:\/\/www.covb.cat\/es\/actualitat\/noticies\/general\/el-ccvc-solicita-que-la-vacunacion-antirrabica-sea-obligatoria-en-catalunya\/","name":"El CCVC solicita que la vacunaci\u00f3n antirr\u00e1bica sea obligatoria en Catalunya - COVB - Col\u00b7legi Oficial de Veterinaris de Barcelona","isPartOf":{"@id":"https:\/\/www.covb.cat\/es\/#website"},"primaryImageOfPage":{"@id":"https:\/\/www.covb.cat\/es\/actualitat\/noticies\/general\/el-ccvc-solicita-que-la-vacunacion-antirrabica-sea-obligatoria-en-catalunya\/#primaryimage"},"image":{"@id":"https:\/\/www.covb.cat\/es\/actualitat\/noticies\/general\/el-ccvc-solicita-que-la-vacunacion-antirrabica-sea-obligatoria-en-catalunya\/#primaryimage"},"thumbnailUrl":"https:\/\/www.covb.cat\/wp-content\/uploads\/2022\/02\/perro_rabia.jpg","datePublished":"2022-04-04T16:06:17+00:00","description":"El Consell de Col\u00b7legis Veterinaris de Catalunya ha solicitado por carta al Departament d'Acci\u00f3 Clim\u00e0tica, Alimentaci\u00f3 i Agenda Rural y al Departament de","breadcrumb":{"@id":"https:\/\/www.covb.cat\/es\/actualitat\/noticies\/general\/el-ccvc-solicita-que-la-vacunacion-antirrabica-sea-obligatoria-en-catalunya\/#breadcrumb"},"inLanguage":"es","potentialAction":[{"@type":"ReadAction","target":["https:\/\/www.covb.cat\/es\/actualitat\/noticies\/general\/el-ccvc-solicita-que-la-vacunacion-antirrabica-sea-obligatoria-en-catalunya\/"]}]},{"@type":"ImageObject","inLanguage":"es","@id":"https:\/\/www.covb.cat\/es\/actualitat\/noticies\/general\/el-ccvc-solicita-que-la-vacunacion-antirrabica-sea-obligatoria-en-catalunya\/#primaryimage","url":"https:\/\/www.covb.cat\/wp-content\/uploads\/2022\/02\/perro_rabia.jpg","contentUrl":"https:\/\/www.covb.cat\/wp-content\/uploads\/2022\/02\/perro_rabia.jpg","width":640,"height":426},{"@type":"BreadcrumbList","@id":"https:\/\/www.covb.cat\/es\/actualitat\/noticies\/general\/el-ccvc-solicita-que-la-vacunacion-antirrabica-sea-obligatoria-en-catalunya\/#breadcrumb","itemListElement":[{"@type":"ListItem","position":1,"name":"Inici","item":"https:\/\/www.covb.cat\/es\/"},{"@type":"ListItem","position":2,"name":"El CCVC solicita que la vacunaci\u00f3n antirr\u00e1bica sea obligatoria en Catalunya"}]},{"@type":"WebSite","@id":"https:\/\/www.covb.cat\/es\/#website","url":"https:\/\/www.covb.cat\/es\/","name":"COVB","description":"Col\u00b7legi Oficial de Veterinaris de Barcelona","publisher":{"@id":"https:\/\/www.covb.cat\/es\/#organization"},"potentialAction":[{"@type":"SearchAction","target":{"@type":"EntryPoint","urlTemplate":"https:\/\/www.covb.cat\/es\/?s={search_term_string}"},"query-input":{"@type":"PropertyValueSpecification","valueRequired":true,"valueName":"search_term_string"}}],"inLanguage":"es"},{"@type":"Organization","@id":"https:\/\/www.covb.cat\/es\/#organization","name":"COVB","url":"https:\/\/www.covb.cat\/es\/","logo":{"@type":"ImageObject","inLanguage":"es","@id":"https:\/\/www.covb.cat\/es\/#\/schema\/logo\/image\/","url":"https:\/\/www.covb.cat\/wp-content\/uploads\/2018\/07\/favicon-covb.png","contentUrl":"https:\/\/www.covb.cat\/wp-content\/uploads\/2018\/07\/favicon-covb.png","width":512,"height":512,"caption":"COVB"},"image":{"@id":"https:\/\/www.covb.cat\/es\/#\/schema\/logo\/image\/"},"sameAs":["https:\/\/www.facebook.com\/COVBcat\/","https:\/\/x.com\/COVBcat","https:\/\/www.youtube.com\/user\/covbcn"]},{"@type":"Person","@id":""}]}},"jetpack_featured_media_url":"https:\/\/www.covb.cat\/wp-content\/uploads\/2022\/02\/perro_rabia.jpg","jetpack_sharing_enabled":true,"_links":{"self":[{"href":"https:\/\/www.covb.cat\/es\/wp-json\/wp\/v2\/posts\/17899","targetHints":{"allow":["GET"]}}],"collection":[{"href":"https:\/\/www.covb.cat\/es\/wp-json\/wp\/v2\/posts"}],"about":[{"href":"https:\/\/www.covb.cat\/es\/wp-json\/wp\/v2\/types\/post"}],"author":[{"embeddable":true,"href":"https:\/\/www.covb.cat\/es\/wp-json\/wp\/v2\/users\/106"}],"replies":[{"embeddable":true,"href":"https:\/\/www.covb.cat\/es\/wp-json\/wp\/v2\/comments?post=17899"}],"version-history":[{"count":0,"href":"https:\/\/www.covb.cat\/es\/wp-json\/wp\/v2\/posts\/17899\/revisions"}],"wp:featuredmedia":[{"embeddable":true,"href":"https:\/\/www.covb.cat\/es\/wp-json\/wp\/v2\/media\/15994"}],"wp:attachment":[{"href":"https:\/\/www.covb.cat\/es\/wp-json\/wp\/v2\/media?parent=17899"}],"wp:term":[{"taxonomy":"category","embeddable":true,"href":"https:\/\/www.covb.cat\/es\/wp-json\/wp\/v2\/categories?post=17899"},{"taxonomy":"post_tag","embeddable":true,"href":"https:\/\/www.covb.cat\/es\/wp-json\/wp\/v2\/tags?post=17899"}],"curies":[{"name":"wp","href":"https:\/\/api.w.org\/{rel}","templated":true}]}}