{"id":17035,"date":"2022-03-07T19:28:05","date_gmt":"2022-03-07T18:28:05","guid":{"rendered":"https:\/\/www.covb.cat\/?p=17035"},"modified":"2022-03-07T19:28:05","modified_gmt":"2022-03-07T18:28:05","slug":"autocar-para-asistir-a-la-manifestacion-de-veterinarios-de-madrid","status":"publish","type":"post","link":"https:\/\/www.covb.cat\/es\/actualitat\/noticies\/general\/autocar-para-asistir-a-la-manifestacion-de-veterinarios-de-madrid\/","title":{"rendered":"Autocar para asistir a la Manifestaci\u00f3n de Veterinarios de Madrid"},"content":{"rendered":"<p>El pr\u00f3ximo d\u00eda 3 de abril est\u00e1 convocada una manifestaci\u00f3n de veterinarios en Madrid, organizada por un grupo de veterinarios, en defensa de la profesi\u00f3n veterinaria. Adjuntamos informaci\u00f3n. Desde el Consell de Col\u00b7legis Veterinaris de Catalunya, se ofrece un autocar para aquellos colegiados que quieran asistir. Para poder realizar las previsiones oportunas, aquellos que quiera asistir, pueden apuntarse en el siguiente <a href=\"https:\/\/docs.google.com\/forms\/d\/e\/1FAIpQLSdYBWZ_71fCSTl9wYI6ZO-YJe05hwLCKY4KrvNeb-ajgN0Row\/viewform?usp=sf_link\">\u00a0enlace<\/a>. De esta manera se sabr\u00e1 cu\u00e1ntos autocares deben poner a su disposici\u00f3n.<\/p>\n<p>Se adjunta tambi\u00e9n el <a href=\"https:\/\/mcusercontent.com\/c131463000c5688473b8b34ba\/files\/6c4ca4e2-4132-69d9-aa05-bb108fba9b66\/manifiestodefensaprofesionveterinaria2022.pdf\">manifesto a favor de la defensa de la profesi\u00f3n veterinaria y<\/a> <u>el <\/u>\u00a0<a href=\"https:\/\/mcusercontent.com\/c131463000c5688473b8b34ba\/files\/99b588e1-7bc7-33f8-ed06-84b6a5287041\/Cartell_manifestaci%C3%B3.pdf\">cartel de la manifestaci\u00f3n<\/a>.<\/p>\n","protected":false},"excerpt":{"rendered":"<p>El pr\u00f3ximo d\u00eda 3 de abril est\u00e1 convocada una manifestaci\u00f3n de veterinarios en Madrid, organizada por un grupo de veterinarios, en defensa de la profesi\u00f3n veterinaria. Adjuntamos informaci\u00f3n. Desde el Consell de Col\u00b7legis Veterinaris de Catalunya, se ofrece un autocar para aquellos colegiados que quieran asistir. Para poder realizar las previsiones oportunas, aquellos que quiera [&hellip;]<\/p>\n","protected":false},"author":106,"featured_media":16950,"comment_status":"closed","ping_status":"closed","sticky":false,"template":"","format":"standard","meta":{"_monsterinsights_skip_tracking":false,"_monsterinsights_sitenote_active":false,"_monsterinsights_sitenote_note":"","_monsterinsights_sitenote_category":0,"_jetpack_memberships_contains_paid_content":false,"footnotes":""},"categories":[17,164],"tags":[],"class_list":["post-17035","post","type-post","status-publish","format-standard","has-post-thumbnail","hentry","category-general","category-profesional"],"yoast_head":"<!-- This site is optimized with the Yoast SEO plugin v27.0 - https:\/\/yoast.com\/product\/yoast-seo-wordpress\/ -->\n<title>Autocar para asistir a la Manifestaci\u00f3n de Veterinarios de Madrid - COVB - Col\u00b7legi Oficial de Veterinaris de Barcelona<\/title>\n<meta name=\"description\" content=\"El pr\u00f3ximo d\u00eda 3 de abril est\u00e1 convocada una manifestaci\u00f3n de veterinarios en Madrid, organizada por un grupo de veterinarios, en defensa de la profesi\u00f3n\" \/>\n<meta name=\"robots\" content=\"index, follow, max-snippet:-1, max-image-preview:large, max-video-preview:-1\" \/>\n<link rel=\"canonical\" href=\"https:\/\/www.covb.cat\/es\/actualitat\/noticies\/general\/autocar-para-asistir-a-la-manifestacion-de-veterinarios-de-madrid\/\" \/>\n<meta property=\"og:locale\" content=\"es_ES\" \/>\n<meta property=\"og:type\" content=\"article\" \/>\n<meta property=\"og:title\" content=\"Autocar para asistir a la Manifestaci\u00f3n de Veterinarios de Madrid - COVB - Col\u00b7legi Oficial de Veterinaris de Barcelona\" \/>\n<meta property=\"og:description\" content=\"El pr\u00f3ximo d\u00eda 3 de abril est\u00e1 convocada una manifestaci\u00f3n de veterinarios en Madrid, organizada por un grupo de veterinarios, en defensa de la profesi\u00f3n\" \/>\n<meta property=\"og:url\" content=\"https:\/\/www.covb.cat\/es\/actualitat\/noticies\/general\/autocar-para-asistir-a-la-manifestacion-de-veterinarios-de-madrid\/\" \/>\n<meta property=\"og:site_name\" content=\"COVB\" \/>\n<meta property=\"article:publisher\" content=\"https:\/\/www.facebook.com\/COVBcat\/\" \/>\n<meta property=\"article:published_time\" content=\"2022-03-07T18:28:05+00:00\" \/>\n<meta property=\"og:image\" content=\"https:\/\/www.covb.cat\/wp-content\/uploads\/2022\/03\/manifestacio.png\" \/>\n\t<meta property=\"og:image:width\" content=\"556\" \/>\n\t<meta property=\"og:image:height\" content=\"367\" \/>\n\t<meta property=\"og:image:type\" content=\"image\/png\" \/>\n<meta name=\"twitter:card\" content=\"summary_large_image\" \/>\n<meta name=\"twitter:creator\" content=\"@COVBcat\" \/>\n<meta name=\"twitter:site\" content=\"@COVBcat\" \/>\n<meta name=\"twitter:label1\" content=\"Escrito por\" \/>\n\t<meta name=\"twitter:data1\" content=\"\" \/>\n\t<meta name=\"twitter:label2\" content=\"Tiempo de lectura\" \/>\n\t<meta name=\"twitter:data2\" content=\"1 minuto\" \/>\n<script type=\"application\/ld+json\" class=\"yoast-schema-graph\">{\"@context\":\"https:\/\/schema.org\",\"@graph\":[{\"@type\":\"Article\",\"@id\":\"https:\/\/www.covb.cat\/es\/actualitat\/noticies\/general\/autocar-para-asistir-a-la-manifestacion-de-veterinarios-de-madrid\/#article\",\"isPartOf\":{\"@id\":\"https:\/\/www.covb.cat\/es\/actualitat\/noticies\/general\/autocar-para-asistir-a-la-manifestacion-de-veterinarios-de-madrid\/\"},\"author\":{\"name\":\"\",\"@id\":\"\"},\"headline\":\"Autocar para asistir a la Manifestaci\u00f3n de Veterinarios de Madrid\",\"datePublished\":\"2022-03-07T18:28:05+00:00\",\"mainEntityOfPage\":{\"@id\":\"https:\/\/www.covb.cat\/es\/actualitat\/noticies\/general\/autocar-para-asistir-a-la-manifestacion-de-veterinarios-de-madrid\/\"},\"wordCount\":115,\"publisher\":{\"@id\":\"https:\/\/www.covb.cat\/es\/#organization\"},\"image\":{\"@id\":\"https:\/\/www.covb.cat\/es\/actualitat\/noticies\/general\/autocar-para-asistir-a-la-manifestacion-de-veterinarios-de-madrid\/#primaryimage\"},\"thumbnailUrl\":\"https:\/\/www.covb.cat\/wp-content\/uploads\/2022\/03\/manifestacio.png\",\"articleSection\":[\"General\",\"Profesi\u00f3n\"],\"inLanguage\":\"es\"},{\"@type\":\"WebPage\",\"@id\":\"https:\/\/www.covb.cat\/es\/actualitat\/noticies\/general\/autocar-para-asistir-a-la-manifestacion-de-veterinarios-de-madrid\/\",\"url\":\"https:\/\/www.covb.cat\/es\/actualitat\/noticies\/general\/autocar-para-asistir-a-la-manifestacion-de-veterinarios-de-madrid\/\",\"name\":\"Autocar para asistir a la Manifestaci\u00f3n de Veterinarios de Madrid - COVB - Col\u00b7legi Oficial de Veterinaris de Barcelona\",\"isPartOf\":{\"@id\":\"https:\/\/www.covb.cat\/es\/#website\"},\"primaryImageOfPage\":{\"@id\":\"https:\/\/www.covb.cat\/es\/actualitat\/noticies\/general\/autocar-para-asistir-a-la-manifestacion-de-veterinarios-de-madrid\/#primaryimage\"},\"image\":{\"@id\":\"https:\/\/www.covb.cat\/es\/actualitat\/noticies\/general\/autocar-para-asistir-a-la-manifestacion-de-veterinarios-de-madrid\/#primaryimage\"},\"thumbnailUrl\":\"https:\/\/www.covb.cat\/wp-content\/uploads\/2022\/03\/manifestacio.png\",\"datePublished\":\"2022-03-07T18:28:05+00:00\",\"description\":\"El pr\u00f3ximo d\u00eda 3 de abril est\u00e1 convocada una manifestaci\u00f3n de veterinarios en Madrid, organizada por un grupo de veterinarios, en defensa de la profesi\u00f3n\",\"breadcrumb\":{\"@id\":\"https:\/\/www.covb.cat\/es\/actualitat\/noticies\/general\/autocar-para-asistir-a-la-manifestacion-de-veterinarios-de-madrid\/#breadcrumb\"},\"inLanguage\":\"es\",\"potentialAction\":[{\"@type\":\"ReadAction\",\"target\":[\"https:\/\/www.covb.cat\/es\/actualitat\/noticies\/general\/autocar-para-asistir-a-la-manifestacion-de-veterinarios-de-madrid\/\"]}]},{\"@type\":\"ImageObject\",\"inLanguage\":\"es\",\"@id\":\"https:\/\/www.covb.cat\/es\/actualitat\/noticies\/general\/autocar-para-asistir-a-la-manifestacion-de-veterinarios-de-madrid\/#primaryimage\",\"url\":\"https:\/\/www.covb.cat\/wp-content\/uploads\/2022\/03\/manifestacio.png\",\"contentUrl\":\"https:\/\/www.covb.cat\/wp-content\/uploads\/2022\/03\/manifestacio.png\",\"width\":556,\"height\":367},{\"@type\":\"BreadcrumbList\",\"@id\":\"https:\/\/www.covb.cat\/es\/actualitat\/noticies\/general\/autocar-para-asistir-a-la-manifestacion-de-veterinarios-de-madrid\/#breadcrumb\",\"itemListElement\":[{\"@type\":\"ListItem\",\"position\":1,\"name\":\"Inici\",\"item\":\"https:\/\/www.covb.cat\/es\/\"},{\"@type\":\"ListItem\",\"position\":2,\"name\":\"Autocar para asistir a la Manifestaci\u00f3n de Veterinarios de Madrid\"}]},{\"@type\":\"WebSite\",\"@id\":\"https:\/\/www.covb.cat\/es\/#website\",\"url\":\"https:\/\/www.covb.cat\/es\/\",\"name\":\"COVB\",\"description\":\"Col\u00b7legi Oficial de Veterinaris de Barcelona\",\"publisher\":{\"@id\":\"https:\/\/www.covb.cat\/es\/#organization\"},\"potentialAction\":[{\"@type\":\"SearchAction\",\"target\":{\"@type\":\"EntryPoint\",\"urlTemplate\":\"https:\/\/www.covb.cat\/es\/?s={search_term_string}\"},\"query-input\":{\"@type\":\"PropertyValueSpecification\",\"valueRequired\":true,\"valueName\":\"search_term_string\"}}],\"inLanguage\":\"es\"},{\"@type\":\"Organization\",\"@id\":\"https:\/\/www.covb.cat\/es\/#organization\",\"name\":\"COVB\",\"url\":\"https:\/\/www.covb.cat\/es\/\",\"logo\":{\"@type\":\"ImageObject\",\"inLanguage\":\"es\",\"@id\":\"https:\/\/www.covb.cat\/es\/#\/schema\/logo\/image\/\",\"url\":\"https:\/\/www.covb.cat\/wp-content\/uploads\/2018\/07\/favicon-covb.png\",\"contentUrl\":\"https:\/\/www.covb.cat\/wp-content\/uploads\/2018\/07\/favicon-covb.png\",\"width\":512,\"height\":512,\"caption\":\"COVB\"},\"image\":{\"@id\":\"https:\/\/www.covb.cat\/es\/#\/schema\/logo\/image\/\"},\"sameAs\":[\"https:\/\/www.facebook.com\/COVBcat\/\",\"https:\/\/x.com\/COVBcat\",\"https:\/\/www.youtube.com\/user\/covbcn\"]},{\"@type\":\"Person\",\"@id\":\"\"}]}<\/script>\n<!-- \/ Yoast SEO plugin. -->","yoast_head_json":{"title":"Autocar para asistir a la Manifestaci\u00f3n de Veterinarios de Madrid - COVB - Col\u00b7legi Oficial de Veterinaris de Barcelona","description":"El pr\u00f3ximo d\u00eda 3 de abril est\u00e1 convocada una manifestaci\u00f3n de veterinarios en Madrid, organizada por un grupo de veterinarios, en defensa de la profesi\u00f3n","robots":{"index":"index","follow":"follow","max-snippet":"max-snippet:-1","max-image-preview":"max-image-preview:large","max-video-preview":"max-video-preview:-1"},"canonical":"https:\/\/www.covb.cat\/es\/actualitat\/noticies\/general\/autocar-para-asistir-a-la-manifestacion-de-veterinarios-de-madrid\/","og_locale":"es_ES","og_type":"article","og_title":"Autocar para asistir a la Manifestaci\u00f3n de Veterinarios de Madrid - COVB - Col\u00b7legi Oficial de Veterinaris de Barcelona","og_description":"El pr\u00f3ximo d\u00eda 3 de abril est\u00e1 convocada una manifestaci\u00f3n de veterinarios en Madrid, organizada por un grupo de veterinarios, en defensa de la profesi\u00f3n","og_url":"https:\/\/www.covb.cat\/es\/actualitat\/noticies\/general\/autocar-para-asistir-a-la-manifestacion-de-veterinarios-de-madrid\/","og_site_name":"COVB","article_publisher":"https:\/\/www.facebook.com\/COVBcat\/","article_published_time":"2022-03-07T18:28:05+00:00","og_image":[{"width":556,"height":367,"url":"https:\/\/www.covb.cat\/wp-content\/uploads\/2022\/03\/manifestacio.png","type":"image\/png"}],"twitter_card":"summary_large_image","twitter_creator":"@COVBcat","twitter_site":"@COVBcat","twitter_misc":{"Escrito por":"","Tiempo de lectura":"1 minuto"},"schema":{"@context":"https:\/\/schema.org","@graph":[{"@type":"Article","@id":"https:\/\/www.covb.cat\/es\/actualitat\/noticies\/general\/autocar-para-asistir-a-la-manifestacion-de-veterinarios-de-madrid\/#article","isPartOf":{"@id":"https:\/\/www.covb.cat\/es\/actualitat\/noticies\/general\/autocar-para-asistir-a-la-manifestacion-de-veterinarios-de-madrid\/"},"author":{"name":"","@id":""},"headline":"Autocar para asistir a la Manifestaci\u00f3n de Veterinarios de Madrid","datePublished":"2022-03-07T18:28:05+00:00","mainEntityOfPage":{"@id":"https:\/\/www.covb.cat\/es\/actualitat\/noticies\/general\/autocar-para-asistir-a-la-manifestacion-de-veterinarios-de-madrid\/"},"wordCount":115,"publisher":{"@id":"https:\/\/www.covb.cat\/es\/#organization"},"image":{"@id":"https:\/\/www.covb.cat\/es\/actualitat\/noticies\/general\/autocar-para-asistir-a-la-manifestacion-de-veterinarios-de-madrid\/#primaryimage"},"thumbnailUrl":"https:\/\/www.covb.cat\/wp-content\/uploads\/2022\/03\/manifestacio.png","articleSection":["General","Profesi\u00f3n"],"inLanguage":"es"},{"@type":"WebPage","@id":"https:\/\/www.covb.cat\/es\/actualitat\/noticies\/general\/autocar-para-asistir-a-la-manifestacion-de-veterinarios-de-madrid\/","url":"https:\/\/www.covb.cat\/es\/actualitat\/noticies\/general\/autocar-para-asistir-a-la-manifestacion-de-veterinarios-de-madrid\/","name":"Autocar para asistir a la Manifestaci\u00f3n de Veterinarios de Madrid - COVB - Col\u00b7legi Oficial de Veterinaris de Barcelona","isPartOf":{"@id":"https:\/\/www.covb.cat\/es\/#website"},"primaryImageOfPage":{"@id":"https:\/\/www.covb.cat\/es\/actualitat\/noticies\/general\/autocar-para-asistir-a-la-manifestacion-de-veterinarios-de-madrid\/#primaryimage"},"image":{"@id":"https:\/\/www.covb.cat\/es\/actualitat\/noticies\/general\/autocar-para-asistir-a-la-manifestacion-de-veterinarios-de-madrid\/#primaryimage"},"thumbnailUrl":"https:\/\/www.covb.cat\/wp-content\/uploads\/2022\/03\/manifestacio.png","datePublished":"2022-03-07T18:28:05+00:00","description":"El pr\u00f3ximo d\u00eda 3 de abril est\u00e1 convocada una manifestaci\u00f3n de veterinarios en Madrid, organizada por un grupo de veterinarios, en defensa de la profesi\u00f3n","breadcrumb":{"@id":"https:\/\/www.covb.cat\/es\/actualitat\/noticies\/general\/autocar-para-asistir-a-la-manifestacion-de-veterinarios-de-madrid\/#breadcrumb"},"inLanguage":"es","potentialAction":[{"@type":"ReadAction","target":["https:\/\/www.covb.cat\/es\/actualitat\/noticies\/general\/autocar-para-asistir-a-la-manifestacion-de-veterinarios-de-madrid\/"]}]},{"@type":"ImageObject","inLanguage":"es","@id":"https:\/\/www.covb.cat\/es\/actualitat\/noticies\/general\/autocar-para-asistir-a-la-manifestacion-de-veterinarios-de-madrid\/#primaryimage","url":"https:\/\/www.covb.cat\/wp-content\/uploads\/2022\/03\/manifestacio.png","contentUrl":"https:\/\/www.covb.cat\/wp-content\/uploads\/2022\/03\/manifestacio.png","width":556,"height":367},{"@type":"BreadcrumbList","@id":"https:\/\/www.covb.cat\/es\/actualitat\/noticies\/general\/autocar-para-asistir-a-la-manifestacion-de-veterinarios-de-madrid\/#breadcrumb","itemListElement":[{"@type":"ListItem","position":1,"name":"Inici","item":"https:\/\/www.covb.cat\/es\/"},{"@type":"ListItem","position":2,"name":"Autocar para asistir a la Manifestaci\u00f3n de Veterinarios de Madrid"}]},{"@type":"WebSite","@id":"https:\/\/www.covb.cat\/es\/#website","url":"https:\/\/www.covb.cat\/es\/","name":"COVB","description":"Col\u00b7legi Oficial de Veterinaris de Barcelona","publisher":{"@id":"https:\/\/www.covb.cat\/es\/#organization"},"potentialAction":[{"@type":"SearchAction","target":{"@type":"EntryPoint","urlTemplate":"https:\/\/www.covb.cat\/es\/?s={search_term_string}"},"query-input":{"@type":"PropertyValueSpecification","valueRequired":true,"valueName":"search_term_string"}}],"inLanguage":"es"},{"@type":"Organization","@id":"https:\/\/www.covb.cat\/es\/#organization","name":"COVB","url":"https:\/\/www.covb.cat\/es\/","logo":{"@type":"ImageObject","inLanguage":"es","@id":"https:\/\/www.covb.cat\/es\/#\/schema\/logo\/image\/","url":"https:\/\/www.covb.cat\/wp-content\/uploads\/2018\/07\/favicon-covb.png","contentUrl":"https:\/\/www.covb.cat\/wp-content\/uploads\/2018\/07\/favicon-covb.png","width":512,"height":512,"caption":"COVB"},"image":{"@id":"https:\/\/www.covb.cat\/es\/#\/schema\/logo\/image\/"},"sameAs":["https:\/\/www.facebook.com\/COVBcat\/","https:\/\/x.com\/COVBcat","https:\/\/www.youtube.com\/user\/covbcn"]},{"@type":"Person","@id":""}]}},"jetpack_featured_media_url":"https:\/\/www.covb.cat\/wp-content\/uploads\/2022\/03\/manifestacio.png","jetpack_sharing_enabled":true,"_links":{"self":[{"href":"https:\/\/www.covb.cat\/es\/wp-json\/wp\/v2\/posts\/17035","targetHints":{"allow":["GET"]}}],"collection":[{"href":"https:\/\/www.covb.cat\/es\/wp-json\/wp\/v2\/posts"}],"about":[{"href":"https:\/\/www.covb.cat\/es\/wp-json\/wp\/v2\/types\/post"}],"author":[{"embeddable":true,"href":"https:\/\/www.covb.cat\/es\/wp-json\/wp\/v2\/users\/106"}],"replies":[{"embeddable":true,"href":"https:\/\/www.covb.cat\/es\/wp-json\/wp\/v2\/comments?post=17035"}],"version-history":[{"count":0,"href":"https:\/\/www.covb.cat\/es\/wp-json\/wp\/v2\/posts\/17035\/revisions"}],"wp:featuredmedia":[{"embeddable":true,"href":"https:\/\/www.covb.cat\/es\/wp-json\/wp\/v2\/media\/16950"}],"wp:attachment":[{"href":"https:\/\/www.covb.cat\/es\/wp-json\/wp\/v2\/media?parent=17035"}],"wp:term":[{"taxonomy":"category","embeddable":true,"href":"https:\/\/www.covb.cat\/es\/wp-json\/wp\/v2\/categories?post=17035"},{"taxonomy":"post_tag","embeddable":true,"href":"https:\/\/www.covb.cat\/es\/wp-json\/wp\/v2\/tags?post=17035"}],"curies":[{"name":"wp","href":"https:\/\/api.w.org\/{rel}","templated":true}]}}