{"id":16378,"date":"2022-02-14T19:42:35","date_gmt":"2022-02-14T18:42:35","guid":{"rendered":"https:\/\/www.covb.cat\/?p=16378"},"modified":"2022-02-14T19:42:35","modified_gmt":"2022-02-14T18:42:35","slug":"sesion-inaugural-del-curso-de-la-academia-de-ciencies-veterinaries-de-catalunya","status":"publish","type":"post","link":"https:\/\/www.covb.cat\/es\/actualitat\/noticies\/general\/sesion-inaugural-del-curso-de-la-academia-de-ciencies-veterinaries-de-catalunya\/","title":{"rendered":"Sesi\u00f3n inaugural del curso de la Acad\u00e8mia de Ci\u00e8ncies Veterin\u00e0ries de Catalunya"},"content":{"rendered":"<p>El 4 de febrero en la sede de la Reial Acad\u00e8mia de Medicina de Catalunya tuvo lugar la Sesi\u00f3n Inaugural del Curso Acad\u00e9mico 2022 de la Acad\u00e8mia de Ci\u00e8ncies Veterin\u00e0ries de Catalunya. \u00a0El Sr. El\u00edas F. Rodr\u00edguez Ferri, catedr\u00e1tico em\u00e9rito de Sanidad Animal de la Universidad de Le\u00f3n y presidente de la Academia de Ciencias Veterinarias de Castilla y Le\u00f3n, imparti\u00f3 la conferencia inaugural con el t\u00edtulo <em>\u201cAnimales en pandemia. An\u00e1lisis y Riesgos\u201d<\/em>. \u00a0A continuaci\u00f3n, el acad\u00e9mico de honor Excm. Sr. Dr. Pere Costa-Batllori fue nombrado presidente de honor de la Acad\u00e8mia.<\/p>\n<p>Ricard Par\u00e9s, presidente del Consell de Col\u00b7legis Veterinaris de Catalunya i vicepresidente del COVB, clausuro el acto.<\/p>\n","protected":false},"excerpt":{"rendered":"<p>El 4 de febrero en la sede de la Reial Acad\u00e8mia de Medicina de Catalunya tuvo lugar la Sesi\u00f3n Inaugural del Curso Acad\u00e9mico 2022 de la Acad\u00e8mia de Ci\u00e8ncies Veterin\u00e0ries de Catalunya. \u00a0El Sr. El\u00edas F. Rodr\u00edguez Ferri, catedr\u00e1tico em\u00e9rito de Sanidad Animal de la Universidad de Le\u00f3n y presidente de la Academia de Ciencias [&hellip;]<\/p>\n","protected":false},"author":106,"featured_media":16376,"comment_status":"closed","ping_status":"closed","sticky":false,"template":"","format":"standard","meta":{"_monsterinsights_skip_tracking":false,"_monsterinsights_sitenote_active":false,"_monsterinsights_sitenote_note":"","_monsterinsights_sitenote_category":0,"_jetpack_memberships_contains_paid_content":false,"footnotes":""},"categories":[138,17],"tags":[],"class_list":["post-16378","post","type-post","status-publish","format-standard","has-post-thumbnail","hentry","category-corporativo","category-general"],"yoast_head":"<!-- This site is optimized with the Yoast SEO plugin v27.0 - https:\/\/yoast.com\/product\/yoast-seo-wordpress\/ -->\n<title>Sesi\u00f3n inaugural del curso de la Acad\u00e8mia de Ci\u00e8ncies Veterin\u00e0ries de Catalunya - COVB - Col\u00b7legi Oficial de Veterinaris de Barcelona<\/title>\n<meta name=\"description\" content=\"El 4 de febrero en la sede de la Reial Acad\u00e8mia de Medicina de Catalunya tuvo lugar la Sesi\u00f3n Inaugural del Curso Acad\u00e9mico 2022 de la Acad\u00e8mia de\" \/>\n<meta name=\"robots\" content=\"index, follow, max-snippet:-1, max-image-preview:large, max-video-preview:-1\" \/>\n<link rel=\"canonical\" href=\"https:\/\/www.covb.cat\/es\/actualitat\/noticies\/general\/sesion-inaugural-del-curso-de-la-academia-de-ciencies-veterinaries-de-catalunya\/\" \/>\n<meta property=\"og:locale\" content=\"es_ES\" \/>\n<meta property=\"og:type\" content=\"article\" \/>\n<meta property=\"og:title\" content=\"Sesi\u00f3n inaugural del curso de la Acad\u00e8mia de Ci\u00e8ncies Veterin\u00e0ries de Catalunya - COVB - Col\u00b7legi Oficial de Veterinaris de Barcelona\" \/>\n<meta property=\"og:description\" content=\"El 4 de febrero en la sede de la Reial Acad\u00e8mia de Medicina de Catalunya tuvo lugar la Sesi\u00f3n Inaugural del Curso Acad\u00e9mico 2022 de la Acad\u00e8mia de\" \/>\n<meta property=\"og:url\" content=\"https:\/\/www.covb.cat\/es\/actualitat\/noticies\/general\/sesion-inaugural-del-curso-de-la-academia-de-ciencies-veterinaries-de-catalunya\/\" \/>\n<meta property=\"og:site_name\" content=\"COVB\" \/>\n<meta property=\"article:publisher\" content=\"https:\/\/www.facebook.com\/COVBcat\/\" \/>\n<meta property=\"article:published_time\" content=\"2022-02-14T18:42:35+00:00\" \/>\n<meta property=\"og:image\" content=\"https:\/\/www.covb.cat\/wp-content\/uploads\/2022\/02\/f1436647-3f4e-4830-00f6-96fbabf31b7c.jpg\" \/>\n\t<meta property=\"og:image:width\" content=\"1024\" \/>\n\t<meta property=\"og:image:height\" content=\"768\" \/>\n\t<meta property=\"og:image:type\" content=\"image\/jpeg\" \/>\n<meta name=\"twitter:card\" content=\"summary_large_image\" \/>\n<meta name=\"twitter:creator\" content=\"@COVBcat\" \/>\n<meta name=\"twitter:site\" content=\"@COVBcat\" \/>\n<meta name=\"twitter:label1\" content=\"Escrito por\" \/>\n\t<meta name=\"twitter:data1\" content=\"\" \/>\n\t<meta name=\"twitter:label2\" content=\"Tiempo de lectura\" \/>\n\t<meta name=\"twitter:data2\" content=\"1 minuto\" \/>\n<script type=\"application\/ld+json\" class=\"yoast-schema-graph\">{\"@context\":\"https:\/\/schema.org\",\"@graph\":[{\"@type\":\"Article\",\"@id\":\"https:\/\/www.covb.cat\/es\/actualitat\/noticies\/general\/sesion-inaugural-del-curso-de-la-academia-de-ciencies-veterinaries-de-catalunya\/#article\",\"isPartOf\":{\"@id\":\"https:\/\/www.covb.cat\/es\/actualitat\/noticies\/general\/sesion-inaugural-del-curso-de-la-academia-de-ciencies-veterinaries-de-catalunya\/\"},\"author\":{\"name\":\"\",\"@id\":\"\"},\"headline\":\"Sesi\u00f3n inaugural del curso de la Acad\u00e8mia de Ci\u00e8ncies Veterin\u00e0ries de Catalunya\",\"datePublished\":\"2022-02-14T18:42:35+00:00\",\"mainEntityOfPage\":{\"@id\":\"https:\/\/www.covb.cat\/es\/actualitat\/noticies\/general\/sesion-inaugural-del-curso-de-la-academia-de-ciencies-veterinaries-de-catalunya\/\"},\"wordCount\":142,\"publisher\":{\"@id\":\"https:\/\/www.covb.cat\/es\/#organization\"},\"image\":{\"@id\":\"https:\/\/www.covb.cat\/es\/actualitat\/noticies\/general\/sesion-inaugural-del-curso-de-la-academia-de-ciencies-veterinaries-de-catalunya\/#primaryimage\"},\"thumbnailUrl\":\"https:\/\/www.covb.cat\/wp-content\/uploads\/2022\/02\/f1436647-3f4e-4830-00f6-96fbabf31b7c.jpg\",\"articleSection\":[\"Corporativo\",\"General\"],\"inLanguage\":\"es\"},{\"@type\":\"WebPage\",\"@id\":\"https:\/\/www.covb.cat\/es\/actualitat\/noticies\/general\/sesion-inaugural-del-curso-de-la-academia-de-ciencies-veterinaries-de-catalunya\/\",\"url\":\"https:\/\/www.covb.cat\/es\/actualitat\/noticies\/general\/sesion-inaugural-del-curso-de-la-academia-de-ciencies-veterinaries-de-catalunya\/\",\"name\":\"Sesi\u00f3n inaugural del curso de la Acad\u00e8mia de Ci\u00e8ncies Veterin\u00e0ries de Catalunya - COVB - Col\u00b7legi Oficial de Veterinaris de Barcelona\",\"isPartOf\":{\"@id\":\"https:\/\/www.covb.cat\/es\/#website\"},\"primaryImageOfPage\":{\"@id\":\"https:\/\/www.covb.cat\/es\/actualitat\/noticies\/general\/sesion-inaugural-del-curso-de-la-academia-de-ciencies-veterinaries-de-catalunya\/#primaryimage\"},\"image\":{\"@id\":\"https:\/\/www.covb.cat\/es\/actualitat\/noticies\/general\/sesion-inaugural-del-curso-de-la-academia-de-ciencies-veterinaries-de-catalunya\/#primaryimage\"},\"thumbnailUrl\":\"https:\/\/www.covb.cat\/wp-content\/uploads\/2022\/02\/f1436647-3f4e-4830-00f6-96fbabf31b7c.jpg\",\"datePublished\":\"2022-02-14T18:42:35+00:00\",\"description\":\"El 4 de febrero en la sede de la Reial Acad\u00e8mia de Medicina de Catalunya tuvo lugar la Sesi\u00f3n Inaugural del Curso Acad\u00e9mico 2022 de la Acad\u00e8mia de\",\"breadcrumb\":{\"@id\":\"https:\/\/www.covb.cat\/es\/actualitat\/noticies\/general\/sesion-inaugural-del-curso-de-la-academia-de-ciencies-veterinaries-de-catalunya\/#breadcrumb\"},\"inLanguage\":\"es\",\"potentialAction\":[{\"@type\":\"ReadAction\",\"target\":[\"https:\/\/www.covb.cat\/es\/actualitat\/noticies\/general\/sesion-inaugural-del-curso-de-la-academia-de-ciencies-veterinaries-de-catalunya\/\"]}]},{\"@type\":\"ImageObject\",\"inLanguage\":\"es\",\"@id\":\"https:\/\/www.covb.cat\/es\/actualitat\/noticies\/general\/sesion-inaugural-del-curso-de-la-academia-de-ciencies-veterinaries-de-catalunya\/#primaryimage\",\"url\":\"https:\/\/www.covb.cat\/wp-content\/uploads\/2022\/02\/f1436647-3f4e-4830-00f6-96fbabf31b7c.jpg\",\"contentUrl\":\"https:\/\/www.covb.cat\/wp-content\/uploads\/2022\/02\/f1436647-3f4e-4830-00f6-96fbabf31b7c.jpg\",\"width\":1024,\"height\":768},{\"@type\":\"BreadcrumbList\",\"@id\":\"https:\/\/www.covb.cat\/es\/actualitat\/noticies\/general\/sesion-inaugural-del-curso-de-la-academia-de-ciencies-veterinaries-de-catalunya\/#breadcrumb\",\"itemListElement\":[{\"@type\":\"ListItem\",\"position\":1,\"name\":\"Inici\",\"item\":\"https:\/\/www.covb.cat\/es\/\"},{\"@type\":\"ListItem\",\"position\":2,\"name\":\"Sesi\u00f3n inaugural del curso de la Acad\u00e8mia de Ci\u00e8ncies Veterin\u00e0ries de Catalunya\"}]},{\"@type\":\"WebSite\",\"@id\":\"https:\/\/www.covb.cat\/es\/#website\",\"url\":\"https:\/\/www.covb.cat\/es\/\",\"name\":\"COVB\",\"description\":\"Col\u00b7legi Oficial de Veterinaris de Barcelona\",\"publisher\":{\"@id\":\"https:\/\/www.covb.cat\/es\/#organization\"},\"potentialAction\":[{\"@type\":\"SearchAction\",\"target\":{\"@type\":\"EntryPoint\",\"urlTemplate\":\"https:\/\/www.covb.cat\/es\/?s={search_term_string}\"},\"query-input\":{\"@type\":\"PropertyValueSpecification\",\"valueRequired\":true,\"valueName\":\"search_term_string\"}}],\"inLanguage\":\"es\"},{\"@type\":\"Organization\",\"@id\":\"https:\/\/www.covb.cat\/es\/#organization\",\"name\":\"COVB\",\"url\":\"https:\/\/www.covb.cat\/es\/\",\"logo\":{\"@type\":\"ImageObject\",\"inLanguage\":\"es\",\"@id\":\"https:\/\/www.covb.cat\/es\/#\/schema\/logo\/image\/\",\"url\":\"https:\/\/www.covb.cat\/wp-content\/uploads\/2018\/07\/favicon-covb.png\",\"contentUrl\":\"https:\/\/www.covb.cat\/wp-content\/uploads\/2018\/07\/favicon-covb.png\",\"width\":512,\"height\":512,\"caption\":\"COVB\"},\"image\":{\"@id\":\"https:\/\/www.covb.cat\/es\/#\/schema\/logo\/image\/\"},\"sameAs\":[\"https:\/\/www.facebook.com\/COVBcat\/\",\"https:\/\/x.com\/COVBcat\",\"https:\/\/www.youtube.com\/user\/covbcn\"]},{\"@type\":\"Person\",\"@id\":\"\"}]}<\/script>\n<!-- \/ Yoast SEO plugin. -->","yoast_head_json":{"title":"Sesi\u00f3n inaugural del curso de la Acad\u00e8mia de Ci\u00e8ncies Veterin\u00e0ries de Catalunya - COVB - Col\u00b7legi Oficial de Veterinaris de Barcelona","description":"El 4 de febrero en la sede de la Reial Acad\u00e8mia de Medicina de Catalunya tuvo lugar la Sesi\u00f3n Inaugural del Curso Acad\u00e9mico 2022 de la Acad\u00e8mia de","robots":{"index":"index","follow":"follow","max-snippet":"max-snippet:-1","max-image-preview":"max-image-preview:large","max-video-preview":"max-video-preview:-1"},"canonical":"https:\/\/www.covb.cat\/es\/actualitat\/noticies\/general\/sesion-inaugural-del-curso-de-la-academia-de-ciencies-veterinaries-de-catalunya\/","og_locale":"es_ES","og_type":"article","og_title":"Sesi\u00f3n inaugural del curso de la Acad\u00e8mia de Ci\u00e8ncies Veterin\u00e0ries de Catalunya - COVB - Col\u00b7legi Oficial de Veterinaris de Barcelona","og_description":"El 4 de febrero en la sede de la Reial Acad\u00e8mia de Medicina de Catalunya tuvo lugar la Sesi\u00f3n Inaugural del Curso Acad\u00e9mico 2022 de la Acad\u00e8mia de","og_url":"https:\/\/www.covb.cat\/es\/actualitat\/noticies\/general\/sesion-inaugural-del-curso-de-la-academia-de-ciencies-veterinaries-de-catalunya\/","og_site_name":"COVB","article_publisher":"https:\/\/www.facebook.com\/COVBcat\/","article_published_time":"2022-02-14T18:42:35+00:00","og_image":[{"width":1024,"height":768,"url":"https:\/\/www.covb.cat\/wp-content\/uploads\/2022\/02\/f1436647-3f4e-4830-00f6-96fbabf31b7c.jpg","type":"image\/jpeg"}],"twitter_card":"summary_large_image","twitter_creator":"@COVBcat","twitter_site":"@COVBcat","twitter_misc":{"Escrito por":"","Tiempo de lectura":"1 minuto"},"schema":{"@context":"https:\/\/schema.org","@graph":[{"@type":"Article","@id":"https:\/\/www.covb.cat\/es\/actualitat\/noticies\/general\/sesion-inaugural-del-curso-de-la-academia-de-ciencies-veterinaries-de-catalunya\/#article","isPartOf":{"@id":"https:\/\/www.covb.cat\/es\/actualitat\/noticies\/general\/sesion-inaugural-del-curso-de-la-academia-de-ciencies-veterinaries-de-catalunya\/"},"author":{"name":"","@id":""},"headline":"Sesi\u00f3n inaugural del curso de la Acad\u00e8mia de Ci\u00e8ncies Veterin\u00e0ries de Catalunya","datePublished":"2022-02-14T18:42:35+00:00","mainEntityOfPage":{"@id":"https:\/\/www.covb.cat\/es\/actualitat\/noticies\/general\/sesion-inaugural-del-curso-de-la-academia-de-ciencies-veterinaries-de-catalunya\/"},"wordCount":142,"publisher":{"@id":"https:\/\/www.covb.cat\/es\/#organization"},"image":{"@id":"https:\/\/www.covb.cat\/es\/actualitat\/noticies\/general\/sesion-inaugural-del-curso-de-la-academia-de-ciencies-veterinaries-de-catalunya\/#primaryimage"},"thumbnailUrl":"https:\/\/www.covb.cat\/wp-content\/uploads\/2022\/02\/f1436647-3f4e-4830-00f6-96fbabf31b7c.jpg","articleSection":["Corporativo","General"],"inLanguage":"es"},{"@type":"WebPage","@id":"https:\/\/www.covb.cat\/es\/actualitat\/noticies\/general\/sesion-inaugural-del-curso-de-la-academia-de-ciencies-veterinaries-de-catalunya\/","url":"https:\/\/www.covb.cat\/es\/actualitat\/noticies\/general\/sesion-inaugural-del-curso-de-la-academia-de-ciencies-veterinaries-de-catalunya\/","name":"Sesi\u00f3n inaugural del curso de la Acad\u00e8mia de Ci\u00e8ncies Veterin\u00e0ries de Catalunya - COVB - Col\u00b7legi Oficial de Veterinaris de Barcelona","isPartOf":{"@id":"https:\/\/www.covb.cat\/es\/#website"},"primaryImageOfPage":{"@id":"https:\/\/www.covb.cat\/es\/actualitat\/noticies\/general\/sesion-inaugural-del-curso-de-la-academia-de-ciencies-veterinaries-de-catalunya\/#primaryimage"},"image":{"@id":"https:\/\/www.covb.cat\/es\/actualitat\/noticies\/general\/sesion-inaugural-del-curso-de-la-academia-de-ciencies-veterinaries-de-catalunya\/#primaryimage"},"thumbnailUrl":"https:\/\/www.covb.cat\/wp-content\/uploads\/2022\/02\/f1436647-3f4e-4830-00f6-96fbabf31b7c.jpg","datePublished":"2022-02-14T18:42:35+00:00","description":"El 4 de febrero en la sede de la Reial Acad\u00e8mia de Medicina de Catalunya tuvo lugar la Sesi\u00f3n Inaugural del Curso Acad\u00e9mico 2022 de la Acad\u00e8mia de","breadcrumb":{"@id":"https:\/\/www.covb.cat\/es\/actualitat\/noticies\/general\/sesion-inaugural-del-curso-de-la-academia-de-ciencies-veterinaries-de-catalunya\/#breadcrumb"},"inLanguage":"es","potentialAction":[{"@type":"ReadAction","target":["https:\/\/www.covb.cat\/es\/actualitat\/noticies\/general\/sesion-inaugural-del-curso-de-la-academia-de-ciencies-veterinaries-de-catalunya\/"]}]},{"@type":"ImageObject","inLanguage":"es","@id":"https:\/\/www.covb.cat\/es\/actualitat\/noticies\/general\/sesion-inaugural-del-curso-de-la-academia-de-ciencies-veterinaries-de-catalunya\/#primaryimage","url":"https:\/\/www.covb.cat\/wp-content\/uploads\/2022\/02\/f1436647-3f4e-4830-00f6-96fbabf31b7c.jpg","contentUrl":"https:\/\/www.covb.cat\/wp-content\/uploads\/2022\/02\/f1436647-3f4e-4830-00f6-96fbabf31b7c.jpg","width":1024,"height":768},{"@type":"BreadcrumbList","@id":"https:\/\/www.covb.cat\/es\/actualitat\/noticies\/general\/sesion-inaugural-del-curso-de-la-academia-de-ciencies-veterinaries-de-catalunya\/#breadcrumb","itemListElement":[{"@type":"ListItem","position":1,"name":"Inici","item":"https:\/\/www.covb.cat\/es\/"},{"@type":"ListItem","position":2,"name":"Sesi\u00f3n inaugural del curso de la Acad\u00e8mia de Ci\u00e8ncies Veterin\u00e0ries de Catalunya"}]},{"@type":"WebSite","@id":"https:\/\/www.covb.cat\/es\/#website","url":"https:\/\/www.covb.cat\/es\/","name":"COVB","description":"Col\u00b7legi Oficial de Veterinaris de Barcelona","publisher":{"@id":"https:\/\/www.covb.cat\/es\/#organization"},"potentialAction":[{"@type":"SearchAction","target":{"@type":"EntryPoint","urlTemplate":"https:\/\/www.covb.cat\/es\/?s={search_term_string}"},"query-input":{"@type":"PropertyValueSpecification","valueRequired":true,"valueName":"search_term_string"}}],"inLanguage":"es"},{"@type":"Organization","@id":"https:\/\/www.covb.cat\/es\/#organization","name":"COVB","url":"https:\/\/www.covb.cat\/es\/","logo":{"@type":"ImageObject","inLanguage":"es","@id":"https:\/\/www.covb.cat\/es\/#\/schema\/logo\/image\/","url":"https:\/\/www.covb.cat\/wp-content\/uploads\/2018\/07\/favicon-covb.png","contentUrl":"https:\/\/www.covb.cat\/wp-content\/uploads\/2018\/07\/favicon-covb.png","width":512,"height":512,"caption":"COVB"},"image":{"@id":"https:\/\/www.covb.cat\/es\/#\/schema\/logo\/image\/"},"sameAs":["https:\/\/www.facebook.com\/COVBcat\/","https:\/\/x.com\/COVBcat","https:\/\/www.youtube.com\/user\/covbcn"]},{"@type":"Person","@id":""}]}},"jetpack_featured_media_url":"https:\/\/www.covb.cat\/wp-content\/uploads\/2022\/02\/f1436647-3f4e-4830-00f6-96fbabf31b7c.jpg","jetpack_sharing_enabled":true,"_links":{"self":[{"href":"https:\/\/www.covb.cat\/es\/wp-json\/wp\/v2\/posts\/16378","targetHints":{"allow":["GET"]}}],"collection":[{"href":"https:\/\/www.covb.cat\/es\/wp-json\/wp\/v2\/posts"}],"about":[{"href":"https:\/\/www.covb.cat\/es\/wp-json\/wp\/v2\/types\/post"}],"author":[{"embeddable":true,"href":"https:\/\/www.covb.cat\/es\/wp-json\/wp\/v2\/users\/106"}],"replies":[{"embeddable":true,"href":"https:\/\/www.covb.cat\/es\/wp-json\/wp\/v2\/comments?post=16378"}],"version-history":[{"count":0,"href":"https:\/\/www.covb.cat\/es\/wp-json\/wp\/v2\/posts\/16378\/revisions"}],"wp:featuredmedia":[{"embeddable":true,"href":"https:\/\/www.covb.cat\/es\/wp-json\/wp\/v2\/media\/16376"}],"wp:attachment":[{"href":"https:\/\/www.covb.cat\/es\/wp-json\/wp\/v2\/media?parent=16378"}],"wp:term":[{"taxonomy":"category","embeddable":true,"href":"https:\/\/www.covb.cat\/es\/wp-json\/wp\/v2\/categories?post=16378"},{"taxonomy":"post_tag","embeddable":true,"href":"https:\/\/www.covb.cat\/es\/wp-json\/wp\/v2\/tags?post=16378"}],"curies":[{"name":"wp","href":"https:\/\/api.w.org\/{rel}","templated":true}]}}