{"id":16079,"date":"2022-02-04T20:22:02","date_gmt":"2022-02-04T19:22:02","guid":{"rendered":"https:\/\/www.covb.cat\/?p=16079"},"modified":"2022-02-04T20:22:18","modified_gmt":"2022-02-04T19:22:18","slug":"bienvenida-al-nuevo-gerente-del-covb-joan-bruguera","status":"publish","type":"post","link":"https:\/\/www.covb.cat\/es\/actualitat\/noticies\/general\/bienvenida-al-nuevo-gerente-del-covb-joan-bruguera\/","title":{"rendered":"Bienvenida al nuevo gerente del COVB: Joan Bruguera"},"content":{"rendered":"<p>El pasado martes se incorpor\u00f3 al COVB su nuevo gerente Joan Bruguera. Esta semana despu\u00e9s de llevar a cabo el traspaso de funciones, ha dejado su cargo voluntariamente Prudenci Irurre, para asumir su nuevo reto profesional en el que le deseamos grandes \u00e9xitos. Aprovechamos para darle las gracias por su dedicaci\u00f3n y el gran trabajo que ha realizado con nosotros.<\/p>\n<p>Damos la bienvenida a Joan Bruguera como nuevo gerente con el convencimiento de que tambi\u00e9n alcanzar\u00e1 grandes \u00e9xitos profesionales con nosotros.<\/p>\n","protected":false},"excerpt":{"rendered":"<p>El pasado martes se incorpor\u00f3 al COVB su nuevo gerente Joan Bruguera. Esta semana despu\u00e9s de llevar a cabo el traspaso de funciones, ha dejado su cargo voluntariamente Prudenci Irurre, para asumir su nuevo reto profesional en el que le deseamos grandes \u00e9xitos. Aprovechamos para darle las gracias por su dedicaci\u00f3n y el gran trabajo [&hellip;]<\/p>\n","protected":false},"author":106,"featured_media":16046,"comment_status":"closed","ping_status":"closed","sticky":false,"template":"","format":"standard","meta":{"_monsterinsights_skip_tracking":false,"_monsterinsights_sitenote_active":false,"_monsterinsights_sitenote_note":"","_monsterinsights_sitenote_category":0,"_jetpack_memberships_contains_paid_content":false,"footnotes":""},"categories":[138,17],"tags":[],"class_list":["post-16079","post","type-post","status-publish","format-standard","has-post-thumbnail","hentry","category-corporativo","category-general"],"yoast_head":"<!-- This site is optimized with the Yoast SEO plugin v27.0 - https:\/\/yoast.com\/product\/yoast-seo-wordpress\/ -->\n<title>Bienvenida al nuevo gerente del COVB: Joan Bruguera - COVB - Col\u00b7legi Oficial de Veterinaris de Barcelona<\/title>\n<meta name=\"description\" content=\"El pasado martes se incorpor\u00f3 al COVB su nuevo gerente Joan Bruguera. Esta semana despu\u00e9s de llevar a cabo el traspaso de funciones, ha dejado su cargo\" \/>\n<meta name=\"robots\" content=\"index, follow, max-snippet:-1, max-image-preview:large, max-video-preview:-1\" \/>\n<link rel=\"canonical\" href=\"https:\/\/www.covb.cat\/es\/actualitat\/noticies\/general\/bienvenida-al-nuevo-gerente-del-covb-joan-bruguera\/\" \/>\n<meta property=\"og:locale\" content=\"es_ES\" \/>\n<meta property=\"og:type\" content=\"article\" \/>\n<meta property=\"og:title\" content=\"Bienvenida al nuevo gerente del COVB: Joan Bruguera - COVB - Col\u00b7legi Oficial de Veterinaris de Barcelona\" \/>\n<meta property=\"og:description\" content=\"El pasado martes se incorpor\u00f3 al COVB su nuevo gerente Joan Bruguera. Esta semana despu\u00e9s de llevar a cabo el traspaso de funciones, ha dejado su cargo\" \/>\n<meta property=\"og:url\" content=\"https:\/\/www.covb.cat\/es\/actualitat\/noticies\/general\/bienvenida-al-nuevo-gerente-del-covb-joan-bruguera\/\" \/>\n<meta property=\"og:site_name\" content=\"COVB\" \/>\n<meta property=\"article:publisher\" content=\"https:\/\/www.facebook.com\/COVBcat\/\" \/>\n<meta property=\"article:published_time\" content=\"2022-02-04T19:22:02+00:00\" \/>\n<meta property=\"article:modified_time\" content=\"2022-02-04T19:22:18+00:00\" \/>\n<meta property=\"og:image\" content=\"https:\/\/www.covb.cat\/wp-content\/uploads\/2022\/02\/eefe1cee-dee1-346d-58a7-f3eee47cf91c.jpg\" \/>\n\t<meta property=\"og:image:width\" content=\"1328\" \/>\n\t<meta property=\"og:image:height\" content=\"747\" \/>\n\t<meta property=\"og:image:type\" content=\"image\/jpeg\" \/>\n<meta name=\"twitter:card\" content=\"summary_large_image\" \/>\n<meta name=\"twitter:creator\" content=\"@COVBcat\" \/>\n<meta name=\"twitter:site\" content=\"@COVBcat\" \/>\n<meta name=\"twitter:label1\" content=\"Escrito por\" \/>\n\t<meta name=\"twitter:data1\" content=\"\" \/>\n<script type=\"application\/ld+json\" class=\"yoast-schema-graph\">{\"@context\":\"https:\/\/schema.org\",\"@graph\":[{\"@type\":\"Article\",\"@id\":\"https:\/\/www.covb.cat\/es\/actualitat\/noticies\/general\/bienvenida-al-nuevo-gerente-del-covb-joan-bruguera\/#article\",\"isPartOf\":{\"@id\":\"https:\/\/www.covb.cat\/es\/actualitat\/noticies\/general\/bienvenida-al-nuevo-gerente-del-covb-joan-bruguera\/\"},\"author\":{\"name\":\"\",\"@id\":\"\"},\"headline\":\"Bienvenida al nuevo gerente del COVB: Joan Bruguera\",\"datePublished\":\"2022-02-04T19:22:02+00:00\",\"dateModified\":\"2022-02-04T19:22:18+00:00\",\"mainEntityOfPage\":{\"@id\":\"https:\/\/www.covb.cat\/es\/actualitat\/noticies\/general\/bienvenida-al-nuevo-gerente-del-covb-joan-bruguera\/\"},\"wordCount\":92,\"publisher\":{\"@id\":\"https:\/\/www.covb.cat\/es\/#organization\"},\"image\":{\"@id\":\"https:\/\/www.covb.cat\/es\/actualitat\/noticies\/general\/bienvenida-al-nuevo-gerente-del-covb-joan-bruguera\/#primaryimage\"},\"thumbnailUrl\":\"https:\/\/www.covb.cat\/wp-content\/uploads\/2022\/02\/eefe1cee-dee1-346d-58a7-f3eee47cf91c.jpg\",\"articleSection\":[\"Corporativo\",\"General\"],\"inLanguage\":\"es\"},{\"@type\":\"WebPage\",\"@id\":\"https:\/\/www.covb.cat\/es\/actualitat\/noticies\/general\/bienvenida-al-nuevo-gerente-del-covb-joan-bruguera\/\",\"url\":\"https:\/\/www.covb.cat\/es\/actualitat\/noticies\/general\/bienvenida-al-nuevo-gerente-del-covb-joan-bruguera\/\",\"name\":\"Bienvenida al nuevo gerente del COVB: Joan Bruguera - COVB - Col\u00b7legi Oficial de Veterinaris de Barcelona\",\"isPartOf\":{\"@id\":\"https:\/\/www.covb.cat\/es\/#website\"},\"primaryImageOfPage\":{\"@id\":\"https:\/\/www.covb.cat\/es\/actualitat\/noticies\/general\/bienvenida-al-nuevo-gerente-del-covb-joan-bruguera\/#primaryimage\"},\"image\":{\"@id\":\"https:\/\/www.covb.cat\/es\/actualitat\/noticies\/general\/bienvenida-al-nuevo-gerente-del-covb-joan-bruguera\/#primaryimage\"},\"thumbnailUrl\":\"https:\/\/www.covb.cat\/wp-content\/uploads\/2022\/02\/eefe1cee-dee1-346d-58a7-f3eee47cf91c.jpg\",\"datePublished\":\"2022-02-04T19:22:02+00:00\",\"dateModified\":\"2022-02-04T19:22:18+00:00\",\"description\":\"El pasado martes se incorpor\u00f3 al COVB su nuevo gerente Joan Bruguera. Esta semana despu\u00e9s de llevar a cabo el traspaso de funciones, ha dejado su cargo\",\"breadcrumb\":{\"@id\":\"https:\/\/www.covb.cat\/es\/actualitat\/noticies\/general\/bienvenida-al-nuevo-gerente-del-covb-joan-bruguera\/#breadcrumb\"},\"inLanguage\":\"es\",\"potentialAction\":[{\"@type\":\"ReadAction\",\"target\":[\"https:\/\/www.covb.cat\/es\/actualitat\/noticies\/general\/bienvenida-al-nuevo-gerente-del-covb-joan-bruguera\/\"]}]},{\"@type\":\"ImageObject\",\"inLanguage\":\"es\",\"@id\":\"https:\/\/www.covb.cat\/es\/actualitat\/noticies\/general\/bienvenida-al-nuevo-gerente-del-covb-joan-bruguera\/#primaryimage\",\"url\":\"https:\/\/www.covb.cat\/wp-content\/uploads\/2022\/02\/eefe1cee-dee1-346d-58a7-f3eee47cf91c.jpg\",\"contentUrl\":\"https:\/\/www.covb.cat\/wp-content\/uploads\/2022\/02\/eefe1cee-dee1-346d-58a7-f3eee47cf91c.jpg\",\"width\":1328,\"height\":747},{\"@type\":\"BreadcrumbList\",\"@id\":\"https:\/\/www.covb.cat\/es\/actualitat\/noticies\/general\/bienvenida-al-nuevo-gerente-del-covb-joan-bruguera\/#breadcrumb\",\"itemListElement\":[{\"@type\":\"ListItem\",\"position\":1,\"name\":\"Inici\",\"item\":\"https:\/\/www.covb.cat\/es\/\"},{\"@type\":\"ListItem\",\"position\":2,\"name\":\"Bienvenida al nuevo gerente del COVB: Joan Bruguera\"}]},{\"@type\":\"WebSite\",\"@id\":\"https:\/\/www.covb.cat\/es\/#website\",\"url\":\"https:\/\/www.covb.cat\/es\/\",\"name\":\"COVB\",\"description\":\"Col\u00b7legi Oficial de Veterinaris de Barcelona\",\"publisher\":{\"@id\":\"https:\/\/www.covb.cat\/es\/#organization\"},\"potentialAction\":[{\"@type\":\"SearchAction\",\"target\":{\"@type\":\"EntryPoint\",\"urlTemplate\":\"https:\/\/www.covb.cat\/es\/?s={search_term_string}\"},\"query-input\":{\"@type\":\"PropertyValueSpecification\",\"valueRequired\":true,\"valueName\":\"search_term_string\"}}],\"inLanguage\":\"es\"},{\"@type\":\"Organization\",\"@id\":\"https:\/\/www.covb.cat\/es\/#organization\",\"name\":\"COVB\",\"url\":\"https:\/\/www.covb.cat\/es\/\",\"logo\":{\"@type\":\"ImageObject\",\"inLanguage\":\"es\",\"@id\":\"https:\/\/www.covb.cat\/es\/#\/schema\/logo\/image\/\",\"url\":\"https:\/\/www.covb.cat\/wp-content\/uploads\/2018\/07\/favicon-covb.png\",\"contentUrl\":\"https:\/\/www.covb.cat\/wp-content\/uploads\/2018\/07\/favicon-covb.png\",\"width\":512,\"height\":512,\"caption\":\"COVB\"},\"image\":{\"@id\":\"https:\/\/www.covb.cat\/es\/#\/schema\/logo\/image\/\"},\"sameAs\":[\"https:\/\/www.facebook.com\/COVBcat\/\",\"https:\/\/x.com\/COVBcat\",\"https:\/\/www.youtube.com\/user\/covbcn\"]},{\"@type\":\"Person\",\"@id\":\"\"}]}<\/script>\n<!-- \/ Yoast SEO plugin. -->","yoast_head_json":{"title":"Bienvenida al nuevo gerente del COVB: Joan Bruguera - COVB - Col\u00b7legi Oficial de Veterinaris de Barcelona","description":"El pasado martes se incorpor\u00f3 al COVB su nuevo gerente Joan Bruguera. Esta semana despu\u00e9s de llevar a cabo el traspaso de funciones, ha dejado su cargo","robots":{"index":"index","follow":"follow","max-snippet":"max-snippet:-1","max-image-preview":"max-image-preview:large","max-video-preview":"max-video-preview:-1"},"canonical":"https:\/\/www.covb.cat\/es\/actualitat\/noticies\/general\/bienvenida-al-nuevo-gerente-del-covb-joan-bruguera\/","og_locale":"es_ES","og_type":"article","og_title":"Bienvenida al nuevo gerente del COVB: Joan Bruguera - COVB - Col\u00b7legi Oficial de Veterinaris de Barcelona","og_description":"El pasado martes se incorpor\u00f3 al COVB su nuevo gerente Joan Bruguera. Esta semana despu\u00e9s de llevar a cabo el traspaso de funciones, ha dejado su cargo","og_url":"https:\/\/www.covb.cat\/es\/actualitat\/noticies\/general\/bienvenida-al-nuevo-gerente-del-covb-joan-bruguera\/","og_site_name":"COVB","article_publisher":"https:\/\/www.facebook.com\/COVBcat\/","article_published_time":"2022-02-04T19:22:02+00:00","article_modified_time":"2022-02-04T19:22:18+00:00","og_image":[{"width":1328,"height":747,"url":"https:\/\/www.covb.cat\/wp-content\/uploads\/2022\/02\/eefe1cee-dee1-346d-58a7-f3eee47cf91c.jpg","type":"image\/jpeg"}],"twitter_card":"summary_large_image","twitter_creator":"@COVBcat","twitter_site":"@COVBcat","twitter_misc":{"Escrito por":""},"schema":{"@context":"https:\/\/schema.org","@graph":[{"@type":"Article","@id":"https:\/\/www.covb.cat\/es\/actualitat\/noticies\/general\/bienvenida-al-nuevo-gerente-del-covb-joan-bruguera\/#article","isPartOf":{"@id":"https:\/\/www.covb.cat\/es\/actualitat\/noticies\/general\/bienvenida-al-nuevo-gerente-del-covb-joan-bruguera\/"},"author":{"name":"","@id":""},"headline":"Bienvenida al nuevo gerente del COVB: Joan Bruguera","datePublished":"2022-02-04T19:22:02+00:00","dateModified":"2022-02-04T19:22:18+00:00","mainEntityOfPage":{"@id":"https:\/\/www.covb.cat\/es\/actualitat\/noticies\/general\/bienvenida-al-nuevo-gerente-del-covb-joan-bruguera\/"},"wordCount":92,"publisher":{"@id":"https:\/\/www.covb.cat\/es\/#organization"},"image":{"@id":"https:\/\/www.covb.cat\/es\/actualitat\/noticies\/general\/bienvenida-al-nuevo-gerente-del-covb-joan-bruguera\/#primaryimage"},"thumbnailUrl":"https:\/\/www.covb.cat\/wp-content\/uploads\/2022\/02\/eefe1cee-dee1-346d-58a7-f3eee47cf91c.jpg","articleSection":["Corporativo","General"],"inLanguage":"es"},{"@type":"WebPage","@id":"https:\/\/www.covb.cat\/es\/actualitat\/noticies\/general\/bienvenida-al-nuevo-gerente-del-covb-joan-bruguera\/","url":"https:\/\/www.covb.cat\/es\/actualitat\/noticies\/general\/bienvenida-al-nuevo-gerente-del-covb-joan-bruguera\/","name":"Bienvenida al nuevo gerente del COVB: Joan Bruguera - COVB - Col\u00b7legi Oficial de Veterinaris de Barcelona","isPartOf":{"@id":"https:\/\/www.covb.cat\/es\/#website"},"primaryImageOfPage":{"@id":"https:\/\/www.covb.cat\/es\/actualitat\/noticies\/general\/bienvenida-al-nuevo-gerente-del-covb-joan-bruguera\/#primaryimage"},"image":{"@id":"https:\/\/www.covb.cat\/es\/actualitat\/noticies\/general\/bienvenida-al-nuevo-gerente-del-covb-joan-bruguera\/#primaryimage"},"thumbnailUrl":"https:\/\/www.covb.cat\/wp-content\/uploads\/2022\/02\/eefe1cee-dee1-346d-58a7-f3eee47cf91c.jpg","datePublished":"2022-02-04T19:22:02+00:00","dateModified":"2022-02-04T19:22:18+00:00","description":"El pasado martes se incorpor\u00f3 al COVB su nuevo gerente Joan Bruguera. Esta semana despu\u00e9s de llevar a cabo el traspaso de funciones, ha dejado su cargo","breadcrumb":{"@id":"https:\/\/www.covb.cat\/es\/actualitat\/noticies\/general\/bienvenida-al-nuevo-gerente-del-covb-joan-bruguera\/#breadcrumb"},"inLanguage":"es","potentialAction":[{"@type":"ReadAction","target":["https:\/\/www.covb.cat\/es\/actualitat\/noticies\/general\/bienvenida-al-nuevo-gerente-del-covb-joan-bruguera\/"]}]},{"@type":"ImageObject","inLanguage":"es","@id":"https:\/\/www.covb.cat\/es\/actualitat\/noticies\/general\/bienvenida-al-nuevo-gerente-del-covb-joan-bruguera\/#primaryimage","url":"https:\/\/www.covb.cat\/wp-content\/uploads\/2022\/02\/eefe1cee-dee1-346d-58a7-f3eee47cf91c.jpg","contentUrl":"https:\/\/www.covb.cat\/wp-content\/uploads\/2022\/02\/eefe1cee-dee1-346d-58a7-f3eee47cf91c.jpg","width":1328,"height":747},{"@type":"BreadcrumbList","@id":"https:\/\/www.covb.cat\/es\/actualitat\/noticies\/general\/bienvenida-al-nuevo-gerente-del-covb-joan-bruguera\/#breadcrumb","itemListElement":[{"@type":"ListItem","position":1,"name":"Inici","item":"https:\/\/www.covb.cat\/es\/"},{"@type":"ListItem","position":2,"name":"Bienvenida al nuevo gerente del COVB: Joan Bruguera"}]},{"@type":"WebSite","@id":"https:\/\/www.covb.cat\/es\/#website","url":"https:\/\/www.covb.cat\/es\/","name":"COVB","description":"Col\u00b7legi Oficial de Veterinaris de Barcelona","publisher":{"@id":"https:\/\/www.covb.cat\/es\/#organization"},"potentialAction":[{"@type":"SearchAction","target":{"@type":"EntryPoint","urlTemplate":"https:\/\/www.covb.cat\/es\/?s={search_term_string}"},"query-input":{"@type":"PropertyValueSpecification","valueRequired":true,"valueName":"search_term_string"}}],"inLanguage":"es"},{"@type":"Organization","@id":"https:\/\/www.covb.cat\/es\/#organization","name":"COVB","url":"https:\/\/www.covb.cat\/es\/","logo":{"@type":"ImageObject","inLanguage":"es","@id":"https:\/\/www.covb.cat\/es\/#\/schema\/logo\/image\/","url":"https:\/\/www.covb.cat\/wp-content\/uploads\/2018\/07\/favicon-covb.png","contentUrl":"https:\/\/www.covb.cat\/wp-content\/uploads\/2018\/07\/favicon-covb.png","width":512,"height":512,"caption":"COVB"},"image":{"@id":"https:\/\/www.covb.cat\/es\/#\/schema\/logo\/image\/"},"sameAs":["https:\/\/www.facebook.com\/COVBcat\/","https:\/\/x.com\/COVBcat","https:\/\/www.youtube.com\/user\/covbcn"]},{"@type":"Person","@id":""}]}},"jetpack_featured_media_url":"https:\/\/www.covb.cat\/wp-content\/uploads\/2022\/02\/eefe1cee-dee1-346d-58a7-f3eee47cf91c.jpg","jetpack_sharing_enabled":true,"_links":{"self":[{"href":"https:\/\/www.covb.cat\/es\/wp-json\/wp\/v2\/posts\/16079","targetHints":{"allow":["GET"]}}],"collection":[{"href":"https:\/\/www.covb.cat\/es\/wp-json\/wp\/v2\/posts"}],"about":[{"href":"https:\/\/www.covb.cat\/es\/wp-json\/wp\/v2\/types\/post"}],"author":[{"embeddable":true,"href":"https:\/\/www.covb.cat\/es\/wp-json\/wp\/v2\/users\/106"}],"replies":[{"embeddable":true,"href":"https:\/\/www.covb.cat\/es\/wp-json\/wp\/v2\/comments?post=16079"}],"version-history":[{"count":0,"href":"https:\/\/www.covb.cat\/es\/wp-json\/wp\/v2\/posts\/16079\/revisions"}],"wp:featuredmedia":[{"embeddable":true,"href":"https:\/\/www.covb.cat\/es\/wp-json\/wp\/v2\/media\/16046"}],"wp:attachment":[{"href":"https:\/\/www.covb.cat\/es\/wp-json\/wp\/v2\/media?parent=16079"}],"wp:term":[{"taxonomy":"category","embeddable":true,"href":"https:\/\/www.covb.cat\/es\/wp-json\/wp\/v2\/categories?post=16079"},{"taxonomy":"post_tag","embeddable":true,"href":"https:\/\/www.covb.cat\/es\/wp-json\/wp\/v2\/tags?post=16079"}],"curies":[{"name":"wp","href":"https:\/\/api.w.org\/{rel}","templated":true}]}}