{"id":15390,"date":"2022-01-14T15:26:22","date_gmt":"2022-01-14T14:26:22","guid":{"rendered":"https:\/\/www.covb.cat\/?p=15390"},"modified":"2022-01-14T15:26:22","modified_gmt":"2022-01-14T14:26:22","slug":"webseminar-bienestar-en-porcino-el-fin-de-la-era-de-las-jaulas","status":"publish","type":"post","link":"https:\/\/www.covb.cat\/es\/actualitat\/noticies\/general\/webseminar-bienestar-en-porcino-el-fin-de-la-era-de-las-jaulas\/","title":{"rendered":"Webseminar: Bienestar en porcino, el fin de la era de las jaulas"},"content":{"rendered":"<p>Este semanario del Consejo General de Colegios Veterinarios de Espa\u00f1a revisa la legislaci\u00f3n en materia de bienestar animal de la UE que actualmente est\u00e1 bajo revisi\u00f3n, tanto los 2 reglamentos (transporte y sacrificio), como las espec\u00edficas, en el caso del porcino, la Directiva 120\/2008, en el marco de la estrategia europea <em>\u00abDel Campo a la Mesa\u00bb<\/em>. Paralelamente, ha surgido una iniciativa ciudadana sobre el fin de la era de las jaulas que ha superado los m\u00ednimos exigidos y, por tanto, ha sido atendida. La respuesta tanto del Parlamento, como de la Comisi\u00f3n ha sido acogerla positivamente por lo que tarde o temprano deber\u00e1n cambiar las normativas que afectan a las especies dom\u00e9sticas que actualmente se producen en jaulas.<\/p>\n<p>El curso analiza c\u00f3mo afectan todos estos cambios al porcino y los sistemas alternativos que se est\u00e1n estudiando sobre partos sueltos y c\u00f3mo puede afectar tanto al bienestar de la cerda como a supervivencia de los lechones.<\/p>\n<p><strong>Ponente:<\/strong> Miguel \u00c1ngel Higuera, veterinario. Des de 2011 es el director de la Asociaci\u00f3n Nacional de Productores de Ganado Porcino, representa al sector porcino espa\u00f1ol en diferentes grupos de expertos de la UE. Es presidente del grupo de trabajo de Salud y Bienestar Animal del Copa Cogeca y vicepresidente del grupo de Carne de Porcino.<\/p>\n<p><strong><br \/>\nFecha y hora:<\/strong> 20 de enero 2022, a las 14.30 horas (13:30 en Canarias)<\/p>\n<p><strong>Duraci\u00f3n: <\/strong>90 minutos<\/p>\n<p><strong>Precio:<\/strong> gratuito<\/p>\n<p><strong>Programa:\u00a0<a href=\"https:\/\/mcusercontent.com\/c131463000c5688473b8b34ba\/files\/3b10ceed-c94a-793f-ebfa-d7d1ed31fe4d\/WB_Ficha_Seminario_Bienestar_en_porcino_el_fin_de_la_era_de_las_jaulas.pdf\" target=\"_blank\" rel=\"noopener\">Descargar<\/a><\/strong><\/p>\n<p><strong><a href=\"https:\/\/colvetcampus.es\/Bienestar-en-porcino-el-fin-de-la-era-de-las-jaulas_es_6_52.html\" target=\"_blank\" rel=\"noopener\">M\u00e1s informaci\u00f3n<\/a><\/strong><\/p>\n","protected":false},"excerpt":{"rendered":"<p>Este semanario del Consejo General de Colegios Veterinarios de Espa\u00f1a revisa la legislaci\u00f3n en materia de bienestar animal de la UE que actualmente est\u00e1 bajo revisi\u00f3n, tanto los 2 reglamentos (transporte y sacrificio), como las espec\u00edficas, en el caso del porcino, la Directiva 120\/2008, en el marco de la estrategia europea \u00abDel Campo a la [&hellip;]<\/p>\n","protected":false},"author":106,"featured_media":15388,"comment_status":"closed","ping_status":"closed","sticky":false,"template":"","format":"standard","meta":{"_monsterinsights_skip_tracking":false,"_monsterinsights_sitenote_active":false,"_monsterinsights_sitenote_note":"","_monsterinsights_sitenote_category":0,"_jetpack_memberships_contains_paid_content":false,"footnotes":""},"categories":[17],"tags":[],"class_list":["post-15390","post","type-post","status-publish","format-standard","has-post-thumbnail","hentry","category-general"],"yoast_head":"<!-- This site is optimized with the Yoast SEO plugin v27.0 - https:\/\/yoast.com\/product\/yoast-seo-wordpress\/ -->\n<title>Webseminar: Bienestar en porcino, el fin de la era de las jaulas - COVB - Col\u00b7legi Oficial de Veterinaris de Barcelona<\/title>\n<meta name=\"description\" content=\"Este semanario del Consejo General de Colegios Veterinarios de Espa\u00f1a revisa la legislaci\u00f3n en materia de bienestar animal de la UE que actualmente est\u00e1\" \/>\n<meta name=\"robots\" content=\"index, follow, max-snippet:-1, max-image-preview:large, max-video-preview:-1\" \/>\n<link rel=\"canonical\" href=\"https:\/\/www.covb.cat\/es\/actualitat\/noticies\/general\/webseminar-bienestar-en-porcino-el-fin-de-la-era-de-las-jaulas\/\" \/>\n<meta property=\"og:locale\" content=\"es_ES\" \/>\n<meta property=\"og:type\" content=\"article\" \/>\n<meta property=\"og:title\" content=\"Webseminar: Bienestar en porcino, el fin de la era de las jaulas - COVB - Col\u00b7legi Oficial de Veterinaris de Barcelona\" \/>\n<meta property=\"og:description\" content=\"Este semanario del Consejo General de Colegios Veterinarios de Espa\u00f1a revisa la legislaci\u00f3n en materia de bienestar animal de la UE que actualmente est\u00e1\" \/>\n<meta property=\"og:url\" content=\"https:\/\/www.covb.cat\/es\/actualitat\/noticies\/general\/webseminar-bienestar-en-porcino-el-fin-de-la-era-de-las-jaulas\/\" \/>\n<meta property=\"og:site_name\" content=\"COVB\" \/>\n<meta property=\"article:publisher\" content=\"https:\/\/www.facebook.com\/COVBcat\/\" \/>\n<meta property=\"article:published_time\" content=\"2022-01-14T14:26:22+00:00\" \/>\n<meta property=\"og:image\" content=\"https:\/\/www.covb.cat\/wp-content\/uploads\/2022\/01\/WB_Ficha_Seminario_Bienestar_en_porcino_el_fin_de_la_era_de_las_jaulas.jpg\" \/>\n\t<meta property=\"og:image:width\" content=\"846\" \/>\n\t<meta property=\"og:image:height\" content=\"846\" \/>\n\t<meta property=\"og:image:type\" content=\"image\/jpeg\" \/>\n<meta name=\"twitter:card\" content=\"summary_large_image\" \/>\n<meta name=\"twitter:creator\" content=\"@COVBcat\" \/>\n<meta name=\"twitter:site\" content=\"@COVBcat\" \/>\n<meta name=\"twitter:label1\" content=\"Escrito por\" \/>\n\t<meta name=\"twitter:data1\" content=\"\" \/>\n\t<meta name=\"twitter:label2\" content=\"Tiempo de lectura\" \/>\n\t<meta name=\"twitter:data2\" content=\"1 minuto\" \/>\n<script type=\"application\/ld+json\" class=\"yoast-schema-graph\">{\"@context\":\"https:\/\/schema.org\",\"@graph\":[{\"@type\":\"Article\",\"@id\":\"https:\/\/www.covb.cat\/es\/actualitat\/noticies\/general\/webseminar-bienestar-en-porcino-el-fin-de-la-era-de-las-jaulas\/#article\",\"isPartOf\":{\"@id\":\"https:\/\/www.covb.cat\/es\/actualitat\/noticies\/general\/webseminar-bienestar-en-porcino-el-fin-de-la-era-de-las-jaulas\/\"},\"author\":{\"name\":\"\",\"@id\":\"\"},\"headline\":\"Webseminar: Bienestar en porcino, el fin de la era de las jaulas\",\"datePublished\":\"2022-01-14T14:26:22+00:00\",\"mainEntityOfPage\":{\"@id\":\"https:\/\/www.covb.cat\/es\/actualitat\/noticies\/general\/webseminar-bienestar-en-porcino-el-fin-de-la-era-de-las-jaulas\/\"},\"wordCount\":253,\"publisher\":{\"@id\":\"https:\/\/www.covb.cat\/es\/#organization\"},\"image\":{\"@id\":\"https:\/\/www.covb.cat\/es\/actualitat\/noticies\/general\/webseminar-bienestar-en-porcino-el-fin-de-la-era-de-las-jaulas\/#primaryimage\"},\"thumbnailUrl\":\"https:\/\/www.covb.cat\/wp-content\/uploads\/2022\/01\/WB_Ficha_Seminario_Bienestar_en_porcino_el_fin_de_la_era_de_las_jaulas.jpg\",\"articleSection\":[\"General\"],\"inLanguage\":\"es\"},{\"@type\":\"WebPage\",\"@id\":\"https:\/\/www.covb.cat\/es\/actualitat\/noticies\/general\/webseminar-bienestar-en-porcino-el-fin-de-la-era-de-las-jaulas\/\",\"url\":\"https:\/\/www.covb.cat\/es\/actualitat\/noticies\/general\/webseminar-bienestar-en-porcino-el-fin-de-la-era-de-las-jaulas\/\",\"name\":\"Webseminar: Bienestar en porcino, el fin de la era de las jaulas - COVB - Col\u00b7legi Oficial de Veterinaris de Barcelona\",\"isPartOf\":{\"@id\":\"https:\/\/www.covb.cat\/es\/#website\"},\"primaryImageOfPage\":{\"@id\":\"https:\/\/www.covb.cat\/es\/actualitat\/noticies\/general\/webseminar-bienestar-en-porcino-el-fin-de-la-era-de-las-jaulas\/#primaryimage\"},\"image\":{\"@id\":\"https:\/\/www.covb.cat\/es\/actualitat\/noticies\/general\/webseminar-bienestar-en-porcino-el-fin-de-la-era-de-las-jaulas\/#primaryimage\"},\"thumbnailUrl\":\"https:\/\/www.covb.cat\/wp-content\/uploads\/2022\/01\/WB_Ficha_Seminario_Bienestar_en_porcino_el_fin_de_la_era_de_las_jaulas.jpg\",\"datePublished\":\"2022-01-14T14:26:22+00:00\",\"description\":\"Este semanario del Consejo General de Colegios Veterinarios de Espa\u00f1a revisa la legislaci\u00f3n en materia de bienestar animal de la UE que actualmente est\u00e1\",\"breadcrumb\":{\"@id\":\"https:\/\/www.covb.cat\/es\/actualitat\/noticies\/general\/webseminar-bienestar-en-porcino-el-fin-de-la-era-de-las-jaulas\/#breadcrumb\"},\"inLanguage\":\"es\",\"potentialAction\":[{\"@type\":\"ReadAction\",\"target\":[\"https:\/\/www.covb.cat\/es\/actualitat\/noticies\/general\/webseminar-bienestar-en-porcino-el-fin-de-la-era-de-las-jaulas\/\"]}]},{\"@type\":\"ImageObject\",\"inLanguage\":\"es\",\"@id\":\"https:\/\/www.covb.cat\/es\/actualitat\/noticies\/general\/webseminar-bienestar-en-porcino-el-fin-de-la-era-de-las-jaulas\/#primaryimage\",\"url\":\"https:\/\/www.covb.cat\/wp-content\/uploads\/2022\/01\/WB_Ficha_Seminario_Bienestar_en_porcino_el_fin_de_la_era_de_las_jaulas.jpg\",\"contentUrl\":\"https:\/\/www.covb.cat\/wp-content\/uploads\/2022\/01\/WB_Ficha_Seminario_Bienestar_en_porcino_el_fin_de_la_era_de_las_jaulas.jpg\",\"width\":846,\"height\":846},{\"@type\":\"BreadcrumbList\",\"@id\":\"https:\/\/www.covb.cat\/es\/actualitat\/noticies\/general\/webseminar-bienestar-en-porcino-el-fin-de-la-era-de-las-jaulas\/#breadcrumb\",\"itemListElement\":[{\"@type\":\"ListItem\",\"position\":1,\"name\":\"Inici\",\"item\":\"https:\/\/www.covb.cat\/es\/\"},{\"@type\":\"ListItem\",\"position\":2,\"name\":\"Webseminar: Bienestar en porcino, el fin de la era de las jaulas\"}]},{\"@type\":\"WebSite\",\"@id\":\"https:\/\/www.covb.cat\/es\/#website\",\"url\":\"https:\/\/www.covb.cat\/es\/\",\"name\":\"COVB\",\"description\":\"Col\u00b7legi Oficial de Veterinaris de Barcelona\",\"publisher\":{\"@id\":\"https:\/\/www.covb.cat\/es\/#organization\"},\"potentialAction\":[{\"@type\":\"SearchAction\",\"target\":{\"@type\":\"EntryPoint\",\"urlTemplate\":\"https:\/\/www.covb.cat\/es\/?s={search_term_string}\"},\"query-input\":{\"@type\":\"PropertyValueSpecification\",\"valueRequired\":true,\"valueName\":\"search_term_string\"}}],\"inLanguage\":\"es\"},{\"@type\":\"Organization\",\"@id\":\"https:\/\/www.covb.cat\/es\/#organization\",\"name\":\"COVB\",\"url\":\"https:\/\/www.covb.cat\/es\/\",\"logo\":{\"@type\":\"ImageObject\",\"inLanguage\":\"es\",\"@id\":\"https:\/\/www.covb.cat\/es\/#\/schema\/logo\/image\/\",\"url\":\"https:\/\/www.covb.cat\/wp-content\/uploads\/2018\/07\/favicon-covb.png\",\"contentUrl\":\"https:\/\/www.covb.cat\/wp-content\/uploads\/2018\/07\/favicon-covb.png\",\"width\":512,\"height\":512,\"caption\":\"COVB\"},\"image\":{\"@id\":\"https:\/\/www.covb.cat\/es\/#\/schema\/logo\/image\/\"},\"sameAs\":[\"https:\/\/www.facebook.com\/COVBcat\/\",\"https:\/\/x.com\/COVBcat\",\"https:\/\/www.youtube.com\/user\/covbcn\"]},{\"@type\":\"Person\",\"@id\":\"\"}]}<\/script>\n<!-- \/ Yoast SEO plugin. -->","yoast_head_json":{"title":"Webseminar: Bienestar en porcino, el fin de la era de las jaulas - COVB - Col\u00b7legi Oficial de Veterinaris de Barcelona","description":"Este semanario del Consejo General de Colegios Veterinarios de Espa\u00f1a revisa la legislaci\u00f3n en materia de bienestar animal de la UE que actualmente est\u00e1","robots":{"index":"index","follow":"follow","max-snippet":"max-snippet:-1","max-image-preview":"max-image-preview:large","max-video-preview":"max-video-preview:-1"},"canonical":"https:\/\/www.covb.cat\/es\/actualitat\/noticies\/general\/webseminar-bienestar-en-porcino-el-fin-de-la-era-de-las-jaulas\/","og_locale":"es_ES","og_type":"article","og_title":"Webseminar: Bienestar en porcino, el fin de la era de las jaulas - COVB - Col\u00b7legi Oficial de Veterinaris de Barcelona","og_description":"Este semanario del Consejo General de Colegios Veterinarios de Espa\u00f1a revisa la legislaci\u00f3n en materia de bienestar animal de la UE que actualmente est\u00e1","og_url":"https:\/\/www.covb.cat\/es\/actualitat\/noticies\/general\/webseminar-bienestar-en-porcino-el-fin-de-la-era-de-las-jaulas\/","og_site_name":"COVB","article_publisher":"https:\/\/www.facebook.com\/COVBcat\/","article_published_time":"2022-01-14T14:26:22+00:00","og_image":[{"width":846,"height":846,"url":"https:\/\/www.covb.cat\/wp-content\/uploads\/2022\/01\/WB_Ficha_Seminario_Bienestar_en_porcino_el_fin_de_la_era_de_las_jaulas.jpg","type":"image\/jpeg"}],"twitter_card":"summary_large_image","twitter_creator":"@COVBcat","twitter_site":"@COVBcat","twitter_misc":{"Escrito por":"","Tiempo de lectura":"1 minuto"},"schema":{"@context":"https:\/\/schema.org","@graph":[{"@type":"Article","@id":"https:\/\/www.covb.cat\/es\/actualitat\/noticies\/general\/webseminar-bienestar-en-porcino-el-fin-de-la-era-de-las-jaulas\/#article","isPartOf":{"@id":"https:\/\/www.covb.cat\/es\/actualitat\/noticies\/general\/webseminar-bienestar-en-porcino-el-fin-de-la-era-de-las-jaulas\/"},"author":{"name":"","@id":""},"headline":"Webseminar: Bienestar en porcino, el fin de la era de las jaulas","datePublished":"2022-01-14T14:26:22+00:00","mainEntityOfPage":{"@id":"https:\/\/www.covb.cat\/es\/actualitat\/noticies\/general\/webseminar-bienestar-en-porcino-el-fin-de-la-era-de-las-jaulas\/"},"wordCount":253,"publisher":{"@id":"https:\/\/www.covb.cat\/es\/#organization"},"image":{"@id":"https:\/\/www.covb.cat\/es\/actualitat\/noticies\/general\/webseminar-bienestar-en-porcino-el-fin-de-la-era-de-las-jaulas\/#primaryimage"},"thumbnailUrl":"https:\/\/www.covb.cat\/wp-content\/uploads\/2022\/01\/WB_Ficha_Seminario_Bienestar_en_porcino_el_fin_de_la_era_de_las_jaulas.jpg","articleSection":["General"],"inLanguage":"es"},{"@type":"WebPage","@id":"https:\/\/www.covb.cat\/es\/actualitat\/noticies\/general\/webseminar-bienestar-en-porcino-el-fin-de-la-era-de-las-jaulas\/","url":"https:\/\/www.covb.cat\/es\/actualitat\/noticies\/general\/webseminar-bienestar-en-porcino-el-fin-de-la-era-de-las-jaulas\/","name":"Webseminar: Bienestar en porcino, el fin de la era de las jaulas - COVB - Col\u00b7legi Oficial de Veterinaris de Barcelona","isPartOf":{"@id":"https:\/\/www.covb.cat\/es\/#website"},"primaryImageOfPage":{"@id":"https:\/\/www.covb.cat\/es\/actualitat\/noticies\/general\/webseminar-bienestar-en-porcino-el-fin-de-la-era-de-las-jaulas\/#primaryimage"},"image":{"@id":"https:\/\/www.covb.cat\/es\/actualitat\/noticies\/general\/webseminar-bienestar-en-porcino-el-fin-de-la-era-de-las-jaulas\/#primaryimage"},"thumbnailUrl":"https:\/\/www.covb.cat\/wp-content\/uploads\/2022\/01\/WB_Ficha_Seminario_Bienestar_en_porcino_el_fin_de_la_era_de_las_jaulas.jpg","datePublished":"2022-01-14T14:26:22+00:00","description":"Este semanario del Consejo General de Colegios Veterinarios de Espa\u00f1a revisa la legislaci\u00f3n en materia de bienestar animal de la UE que actualmente est\u00e1","breadcrumb":{"@id":"https:\/\/www.covb.cat\/es\/actualitat\/noticies\/general\/webseminar-bienestar-en-porcino-el-fin-de-la-era-de-las-jaulas\/#breadcrumb"},"inLanguage":"es","potentialAction":[{"@type":"ReadAction","target":["https:\/\/www.covb.cat\/es\/actualitat\/noticies\/general\/webseminar-bienestar-en-porcino-el-fin-de-la-era-de-las-jaulas\/"]}]},{"@type":"ImageObject","inLanguage":"es","@id":"https:\/\/www.covb.cat\/es\/actualitat\/noticies\/general\/webseminar-bienestar-en-porcino-el-fin-de-la-era-de-las-jaulas\/#primaryimage","url":"https:\/\/www.covb.cat\/wp-content\/uploads\/2022\/01\/WB_Ficha_Seminario_Bienestar_en_porcino_el_fin_de_la_era_de_las_jaulas.jpg","contentUrl":"https:\/\/www.covb.cat\/wp-content\/uploads\/2022\/01\/WB_Ficha_Seminario_Bienestar_en_porcino_el_fin_de_la_era_de_las_jaulas.jpg","width":846,"height":846},{"@type":"BreadcrumbList","@id":"https:\/\/www.covb.cat\/es\/actualitat\/noticies\/general\/webseminar-bienestar-en-porcino-el-fin-de-la-era-de-las-jaulas\/#breadcrumb","itemListElement":[{"@type":"ListItem","position":1,"name":"Inici","item":"https:\/\/www.covb.cat\/es\/"},{"@type":"ListItem","position":2,"name":"Webseminar: Bienestar en porcino, el fin de la era de las jaulas"}]},{"@type":"WebSite","@id":"https:\/\/www.covb.cat\/es\/#website","url":"https:\/\/www.covb.cat\/es\/","name":"COVB","description":"Col\u00b7legi Oficial de Veterinaris de Barcelona","publisher":{"@id":"https:\/\/www.covb.cat\/es\/#organization"},"potentialAction":[{"@type":"SearchAction","target":{"@type":"EntryPoint","urlTemplate":"https:\/\/www.covb.cat\/es\/?s={search_term_string}"},"query-input":{"@type":"PropertyValueSpecification","valueRequired":true,"valueName":"search_term_string"}}],"inLanguage":"es"},{"@type":"Organization","@id":"https:\/\/www.covb.cat\/es\/#organization","name":"COVB","url":"https:\/\/www.covb.cat\/es\/","logo":{"@type":"ImageObject","inLanguage":"es","@id":"https:\/\/www.covb.cat\/es\/#\/schema\/logo\/image\/","url":"https:\/\/www.covb.cat\/wp-content\/uploads\/2018\/07\/favicon-covb.png","contentUrl":"https:\/\/www.covb.cat\/wp-content\/uploads\/2018\/07\/favicon-covb.png","width":512,"height":512,"caption":"COVB"},"image":{"@id":"https:\/\/www.covb.cat\/es\/#\/schema\/logo\/image\/"},"sameAs":["https:\/\/www.facebook.com\/COVBcat\/","https:\/\/x.com\/COVBcat","https:\/\/www.youtube.com\/user\/covbcn"]},{"@type":"Person","@id":""}]}},"jetpack_featured_media_url":"https:\/\/www.covb.cat\/wp-content\/uploads\/2022\/01\/WB_Ficha_Seminario_Bienestar_en_porcino_el_fin_de_la_era_de_las_jaulas.jpg","jetpack_sharing_enabled":true,"_links":{"self":[{"href":"https:\/\/www.covb.cat\/es\/wp-json\/wp\/v2\/posts\/15390","targetHints":{"allow":["GET"]}}],"collection":[{"href":"https:\/\/www.covb.cat\/es\/wp-json\/wp\/v2\/posts"}],"about":[{"href":"https:\/\/www.covb.cat\/es\/wp-json\/wp\/v2\/types\/post"}],"author":[{"embeddable":true,"href":"https:\/\/www.covb.cat\/es\/wp-json\/wp\/v2\/users\/106"}],"replies":[{"embeddable":true,"href":"https:\/\/www.covb.cat\/es\/wp-json\/wp\/v2\/comments?post=15390"}],"version-history":[{"count":0,"href":"https:\/\/www.covb.cat\/es\/wp-json\/wp\/v2\/posts\/15390\/revisions"}],"wp:featuredmedia":[{"embeddable":true,"href":"https:\/\/www.covb.cat\/es\/wp-json\/wp\/v2\/media\/15388"}],"wp:attachment":[{"href":"https:\/\/www.covb.cat\/es\/wp-json\/wp\/v2\/media?parent=15390"}],"wp:term":[{"taxonomy":"category","embeddable":true,"href":"https:\/\/www.covb.cat\/es\/wp-json\/wp\/v2\/categories?post=15390"},{"taxonomy":"post_tag","embeddable":true,"href":"https:\/\/www.covb.cat\/es\/wp-json\/wp\/v2\/tags?post=15390"}],"curies":[{"name":"wp","href":"https:\/\/api.w.org\/{rel}","templated":true}]}}