{"id":14239,"date":"2021-12-03T15:22:27","date_gmt":"2021-12-03T14:22:27","guid":{"rendered":"https:\/\/www.covb.cat\/?p=14239"},"modified":"2021-12-03T15:22:27","modified_gmt":"2021-12-03T14:22:27","slug":"webseminar-debilidad-del-tercio-posterior-no-todo-es-traumatologia","status":"publish","type":"post","link":"https:\/\/www.covb.cat\/es\/actualitat\/noticies\/general\/webseminar-debilidad-del-tercio-posterior-no-todo-es-traumatologia\/","title":{"rendered":"Webseminar: Debilidad del tercio posterior: no todo es traumatolog\u00eda"},"content":{"rendered":"<p>El 15 de diciembre a las 14.30 horas, el Consejo General de Colegios Veterinarios de Espa\u00f1a organiza un seminario online sobre las alteraciones de la marcha referidas al tercio posterior.<\/p>\n<p>Con el t\u00edtulo <em>\u201cDebilidad del tercio posterior: no todo es traumatolog\u00eda\u201d<\/em> la charla repasar\u00e1 c\u00f3mo afrontar estos casos para conseguir un diagn\u00f3stico preciso, revisando ejemplos de los casos m\u00e1s frecuentes, as\u00ed como otros que, por no serlo tanto, pueden quedar fuera del diagn\u00f3stico diferencial.<\/p>\n<p>Impartir\u00e1 la formaci\u00f3n Ram\u00f3n Sever, Licenciado en Veterinaria por la Universidad de Zaragoza en julio de 1987. Traumat\u00f3logo y Neurocirujano del Hospital Veterinario de la Universidad de Zaragoza desde su creaci\u00f3n en 2003. Profesor Asociado de Cirug\u00eda (Traumatolog\u00eda y Neurocirug\u00eda) y Diagnostico por la imagen en la FVZ desde 1999.<\/p>\n<p>La formaci\u00f3n es gratuita. Los colegiados y colegiadas que quieran inscribirse pueden hacerlos a trav\u00e9s de <a href=\"https:\/\/colvetcampus.es\/Debilidad-del-tercio-posterior-No-todo-es-traumatologia_es_6_49.html\">este enlace<\/a>.<\/p>\n<p><a href=\"https:\/\/mcusercontent.com\/c131463000c5688473b8b34ba\/files\/b94fb721-6c24-8bea-ded5-638fadb00697\/PY100587_Ficha_WS_RSever_Traumatologia_OCV.pdf\">Programa<\/a><\/p>\n","protected":false},"excerpt":{"rendered":"<p>El 15 de diciembre a las 14.30 horas, el Consejo General de Colegios Veterinarios de Espa\u00f1a organiza un seminario online sobre las alteraciones de la marcha referidas al tercio posterior. Con el t\u00edtulo \u201cDebilidad del tercio posterior: no todo es traumatolog\u00eda\u201d la charla repasar\u00e1 c\u00f3mo afrontar estos casos para conseguir un diagn\u00f3stico preciso, revisando ejemplos [&hellip;]<\/p>\n","protected":false},"author":106,"featured_media":14237,"comment_status":"closed","ping_status":"closed","sticky":false,"template":"","format":"standard","meta":{"_monsterinsights_skip_tracking":false,"_monsterinsights_sitenote_active":false,"_monsterinsights_sitenote_note":"","_monsterinsights_sitenote_category":0,"_jetpack_memberships_contains_paid_content":false,"footnotes":""},"categories":[17],"tags":[],"class_list":["post-14239","post","type-post","status-publish","format-standard","has-post-thumbnail","hentry","category-general"],"yoast_head":"<!-- This site is optimized with the Yoast SEO plugin v27.0 - https:\/\/yoast.com\/product\/yoast-seo-wordpress\/ -->\n<title>Webseminar: Debilidad del tercio posterior: no todo es traumatolog\u00eda - COVB - Col\u00b7legi Oficial de Veterinaris de Barcelona<\/title>\n<meta name=\"description\" content=\"El 15 de diciembre a las 14.30 horas, el Consejo General de Colegios Veterinarios de Espa\u00f1a organiza un seminario online sobre las alteraciones de la\" \/>\n<meta name=\"robots\" content=\"index, follow, max-snippet:-1, max-image-preview:large, max-video-preview:-1\" \/>\n<link rel=\"canonical\" href=\"https:\/\/www.covb.cat\/es\/actualitat\/noticies\/general\/webseminar-debilidad-del-tercio-posterior-no-todo-es-traumatologia\/\" \/>\n<meta property=\"og:locale\" content=\"es_ES\" \/>\n<meta property=\"og:type\" content=\"article\" \/>\n<meta property=\"og:title\" content=\"Webseminar: Debilidad del tercio posterior: no todo es traumatolog\u00eda - COVB - Col\u00b7legi Oficial de Veterinaris de Barcelona\" \/>\n<meta property=\"og:description\" content=\"El 15 de diciembre a las 14.30 horas, el Consejo General de Colegios Veterinarios de Espa\u00f1a organiza un seminario online sobre las alteraciones de la\" \/>\n<meta property=\"og:url\" content=\"https:\/\/www.covb.cat\/es\/actualitat\/noticies\/general\/webseminar-debilidad-del-tercio-posterior-no-todo-es-traumatologia\/\" \/>\n<meta property=\"og:site_name\" content=\"COVB\" \/>\n<meta property=\"article:publisher\" content=\"https:\/\/www.facebook.com\/COVBcat\/\" \/>\n<meta property=\"article:published_time\" content=\"2021-12-03T14:22:27+00:00\" \/>\n<meta property=\"og:image\" content=\"https:\/\/www.covb.cat\/wp-content\/uploads\/2021\/12\/PY100587_Ficha_WS_RSever_Traumatologia_OCV-1.jpg\" \/>\n\t<meta property=\"og:image:width\" content=\"1322\" \/>\n\t<meta property=\"og:image:height\" content=\"1116\" \/>\n\t<meta property=\"og:image:type\" content=\"image\/jpeg\" \/>\n<meta name=\"twitter:card\" content=\"summary_large_image\" \/>\n<meta name=\"twitter:creator\" content=\"@COVBcat\" \/>\n<meta name=\"twitter:site\" content=\"@COVBcat\" \/>\n<meta name=\"twitter:label1\" content=\"Escrito por\" \/>\n\t<meta name=\"twitter:data1\" content=\"\" \/>\n\t<meta name=\"twitter:label2\" content=\"Tiempo de lectura\" \/>\n\t<meta name=\"twitter:data2\" content=\"1 minuto\" \/>\n<script type=\"application\/ld+json\" class=\"yoast-schema-graph\">{\"@context\":\"https:\/\/schema.org\",\"@graph\":[{\"@type\":\"Article\",\"@id\":\"https:\/\/www.covb.cat\/es\/actualitat\/noticies\/general\/webseminar-debilidad-del-tercio-posterior-no-todo-es-traumatologia\/#article\",\"isPartOf\":{\"@id\":\"https:\/\/www.covb.cat\/es\/actualitat\/noticies\/general\/webseminar-debilidad-del-tercio-posterior-no-todo-es-traumatologia\/\"},\"author\":{\"name\":\"\",\"@id\":\"\"},\"headline\":\"Webseminar: Debilidad del tercio posterior: no todo es traumatolog\u00eda\",\"datePublished\":\"2021-12-03T14:22:27+00:00\",\"mainEntityOfPage\":{\"@id\":\"https:\/\/www.covb.cat\/es\/actualitat\/noticies\/general\/webseminar-debilidad-del-tercio-posterior-no-todo-es-traumatologia\/\"},\"wordCount\":164,\"publisher\":{\"@id\":\"https:\/\/www.covb.cat\/es\/#organization\"},\"image\":{\"@id\":\"https:\/\/www.covb.cat\/es\/actualitat\/noticies\/general\/webseminar-debilidad-del-tercio-posterior-no-todo-es-traumatologia\/#primaryimage\"},\"thumbnailUrl\":\"https:\/\/www.covb.cat\/wp-content\/uploads\/2021\/12\/PY100587_Ficha_WS_RSever_Traumatologia_OCV-1.jpg\",\"articleSection\":[\"General\"],\"inLanguage\":\"es\"},{\"@type\":\"WebPage\",\"@id\":\"https:\/\/www.covb.cat\/es\/actualitat\/noticies\/general\/webseminar-debilidad-del-tercio-posterior-no-todo-es-traumatologia\/\",\"url\":\"https:\/\/www.covb.cat\/es\/actualitat\/noticies\/general\/webseminar-debilidad-del-tercio-posterior-no-todo-es-traumatologia\/\",\"name\":\"Webseminar: Debilidad del tercio posterior: no todo es traumatolog\u00eda - COVB - Col\u00b7legi Oficial de Veterinaris de Barcelona\",\"isPartOf\":{\"@id\":\"https:\/\/www.covb.cat\/es\/#website\"},\"primaryImageOfPage\":{\"@id\":\"https:\/\/www.covb.cat\/es\/actualitat\/noticies\/general\/webseminar-debilidad-del-tercio-posterior-no-todo-es-traumatologia\/#primaryimage\"},\"image\":{\"@id\":\"https:\/\/www.covb.cat\/es\/actualitat\/noticies\/general\/webseminar-debilidad-del-tercio-posterior-no-todo-es-traumatologia\/#primaryimage\"},\"thumbnailUrl\":\"https:\/\/www.covb.cat\/wp-content\/uploads\/2021\/12\/PY100587_Ficha_WS_RSever_Traumatologia_OCV-1.jpg\",\"datePublished\":\"2021-12-03T14:22:27+00:00\",\"description\":\"El 15 de diciembre a las 14.30 horas, el Consejo General de Colegios Veterinarios de Espa\u00f1a organiza un seminario online sobre las alteraciones de la\",\"breadcrumb\":{\"@id\":\"https:\/\/www.covb.cat\/es\/actualitat\/noticies\/general\/webseminar-debilidad-del-tercio-posterior-no-todo-es-traumatologia\/#breadcrumb\"},\"inLanguage\":\"es\",\"potentialAction\":[{\"@type\":\"ReadAction\",\"target\":[\"https:\/\/www.covb.cat\/es\/actualitat\/noticies\/general\/webseminar-debilidad-del-tercio-posterior-no-todo-es-traumatologia\/\"]}]},{\"@type\":\"ImageObject\",\"inLanguage\":\"es\",\"@id\":\"https:\/\/www.covb.cat\/es\/actualitat\/noticies\/general\/webseminar-debilidad-del-tercio-posterior-no-todo-es-traumatologia\/#primaryimage\",\"url\":\"https:\/\/www.covb.cat\/wp-content\/uploads\/2021\/12\/PY100587_Ficha_WS_RSever_Traumatologia_OCV-1.jpg\",\"contentUrl\":\"https:\/\/www.covb.cat\/wp-content\/uploads\/2021\/12\/PY100587_Ficha_WS_RSever_Traumatologia_OCV-1.jpg\",\"width\":1322,\"height\":1116},{\"@type\":\"BreadcrumbList\",\"@id\":\"https:\/\/www.covb.cat\/es\/actualitat\/noticies\/general\/webseminar-debilidad-del-tercio-posterior-no-todo-es-traumatologia\/#breadcrumb\",\"itemListElement\":[{\"@type\":\"ListItem\",\"position\":1,\"name\":\"Inici\",\"item\":\"https:\/\/www.covb.cat\/es\/\"},{\"@type\":\"ListItem\",\"position\":2,\"name\":\"Webseminar: Debilidad del tercio posterior: no todo es traumatolog\u00eda\"}]},{\"@type\":\"WebSite\",\"@id\":\"https:\/\/www.covb.cat\/es\/#website\",\"url\":\"https:\/\/www.covb.cat\/es\/\",\"name\":\"COVB\",\"description\":\"Col\u00b7legi Oficial de Veterinaris de Barcelona\",\"publisher\":{\"@id\":\"https:\/\/www.covb.cat\/es\/#organization\"},\"potentialAction\":[{\"@type\":\"SearchAction\",\"target\":{\"@type\":\"EntryPoint\",\"urlTemplate\":\"https:\/\/www.covb.cat\/es\/?s={search_term_string}\"},\"query-input\":{\"@type\":\"PropertyValueSpecification\",\"valueRequired\":true,\"valueName\":\"search_term_string\"}}],\"inLanguage\":\"es\"},{\"@type\":\"Organization\",\"@id\":\"https:\/\/www.covb.cat\/es\/#organization\",\"name\":\"COVB\",\"url\":\"https:\/\/www.covb.cat\/es\/\",\"logo\":{\"@type\":\"ImageObject\",\"inLanguage\":\"es\",\"@id\":\"https:\/\/www.covb.cat\/es\/#\/schema\/logo\/image\/\",\"url\":\"https:\/\/www.covb.cat\/wp-content\/uploads\/2018\/07\/favicon-covb.png\",\"contentUrl\":\"https:\/\/www.covb.cat\/wp-content\/uploads\/2018\/07\/favicon-covb.png\",\"width\":512,\"height\":512,\"caption\":\"COVB\"},\"image\":{\"@id\":\"https:\/\/www.covb.cat\/es\/#\/schema\/logo\/image\/\"},\"sameAs\":[\"https:\/\/www.facebook.com\/COVBcat\/\",\"https:\/\/x.com\/COVBcat\",\"https:\/\/www.youtube.com\/user\/covbcn\"]},{\"@type\":\"Person\",\"@id\":\"\"}]}<\/script>\n<!-- \/ Yoast SEO plugin. -->","yoast_head_json":{"title":"Webseminar: Debilidad del tercio posterior: no todo es traumatolog\u00eda - COVB - Col\u00b7legi Oficial de Veterinaris de Barcelona","description":"El 15 de diciembre a las 14.30 horas, el Consejo General de Colegios Veterinarios de Espa\u00f1a organiza un seminario online sobre las alteraciones de la","robots":{"index":"index","follow":"follow","max-snippet":"max-snippet:-1","max-image-preview":"max-image-preview:large","max-video-preview":"max-video-preview:-1"},"canonical":"https:\/\/www.covb.cat\/es\/actualitat\/noticies\/general\/webseminar-debilidad-del-tercio-posterior-no-todo-es-traumatologia\/","og_locale":"es_ES","og_type":"article","og_title":"Webseminar: Debilidad del tercio posterior: no todo es traumatolog\u00eda - COVB - Col\u00b7legi Oficial de Veterinaris de Barcelona","og_description":"El 15 de diciembre a las 14.30 horas, el Consejo General de Colegios Veterinarios de Espa\u00f1a organiza un seminario online sobre las alteraciones de la","og_url":"https:\/\/www.covb.cat\/es\/actualitat\/noticies\/general\/webseminar-debilidad-del-tercio-posterior-no-todo-es-traumatologia\/","og_site_name":"COVB","article_publisher":"https:\/\/www.facebook.com\/COVBcat\/","article_published_time":"2021-12-03T14:22:27+00:00","og_image":[{"width":1322,"height":1116,"url":"https:\/\/www.covb.cat\/wp-content\/uploads\/2021\/12\/PY100587_Ficha_WS_RSever_Traumatologia_OCV-1.jpg","type":"image\/jpeg"}],"twitter_card":"summary_large_image","twitter_creator":"@COVBcat","twitter_site":"@COVBcat","twitter_misc":{"Escrito por":"","Tiempo de lectura":"1 minuto"},"schema":{"@context":"https:\/\/schema.org","@graph":[{"@type":"Article","@id":"https:\/\/www.covb.cat\/es\/actualitat\/noticies\/general\/webseminar-debilidad-del-tercio-posterior-no-todo-es-traumatologia\/#article","isPartOf":{"@id":"https:\/\/www.covb.cat\/es\/actualitat\/noticies\/general\/webseminar-debilidad-del-tercio-posterior-no-todo-es-traumatologia\/"},"author":{"name":"","@id":""},"headline":"Webseminar: Debilidad del tercio posterior: no todo es traumatolog\u00eda","datePublished":"2021-12-03T14:22:27+00:00","mainEntityOfPage":{"@id":"https:\/\/www.covb.cat\/es\/actualitat\/noticies\/general\/webseminar-debilidad-del-tercio-posterior-no-todo-es-traumatologia\/"},"wordCount":164,"publisher":{"@id":"https:\/\/www.covb.cat\/es\/#organization"},"image":{"@id":"https:\/\/www.covb.cat\/es\/actualitat\/noticies\/general\/webseminar-debilidad-del-tercio-posterior-no-todo-es-traumatologia\/#primaryimage"},"thumbnailUrl":"https:\/\/www.covb.cat\/wp-content\/uploads\/2021\/12\/PY100587_Ficha_WS_RSever_Traumatologia_OCV-1.jpg","articleSection":["General"],"inLanguage":"es"},{"@type":"WebPage","@id":"https:\/\/www.covb.cat\/es\/actualitat\/noticies\/general\/webseminar-debilidad-del-tercio-posterior-no-todo-es-traumatologia\/","url":"https:\/\/www.covb.cat\/es\/actualitat\/noticies\/general\/webseminar-debilidad-del-tercio-posterior-no-todo-es-traumatologia\/","name":"Webseminar: Debilidad del tercio posterior: no todo es traumatolog\u00eda - COVB - Col\u00b7legi Oficial de Veterinaris de Barcelona","isPartOf":{"@id":"https:\/\/www.covb.cat\/es\/#website"},"primaryImageOfPage":{"@id":"https:\/\/www.covb.cat\/es\/actualitat\/noticies\/general\/webseminar-debilidad-del-tercio-posterior-no-todo-es-traumatologia\/#primaryimage"},"image":{"@id":"https:\/\/www.covb.cat\/es\/actualitat\/noticies\/general\/webseminar-debilidad-del-tercio-posterior-no-todo-es-traumatologia\/#primaryimage"},"thumbnailUrl":"https:\/\/www.covb.cat\/wp-content\/uploads\/2021\/12\/PY100587_Ficha_WS_RSever_Traumatologia_OCV-1.jpg","datePublished":"2021-12-03T14:22:27+00:00","description":"El 15 de diciembre a las 14.30 horas, el Consejo General de Colegios Veterinarios de Espa\u00f1a organiza un seminario online sobre las alteraciones de la","breadcrumb":{"@id":"https:\/\/www.covb.cat\/es\/actualitat\/noticies\/general\/webseminar-debilidad-del-tercio-posterior-no-todo-es-traumatologia\/#breadcrumb"},"inLanguage":"es","potentialAction":[{"@type":"ReadAction","target":["https:\/\/www.covb.cat\/es\/actualitat\/noticies\/general\/webseminar-debilidad-del-tercio-posterior-no-todo-es-traumatologia\/"]}]},{"@type":"ImageObject","inLanguage":"es","@id":"https:\/\/www.covb.cat\/es\/actualitat\/noticies\/general\/webseminar-debilidad-del-tercio-posterior-no-todo-es-traumatologia\/#primaryimage","url":"https:\/\/www.covb.cat\/wp-content\/uploads\/2021\/12\/PY100587_Ficha_WS_RSever_Traumatologia_OCV-1.jpg","contentUrl":"https:\/\/www.covb.cat\/wp-content\/uploads\/2021\/12\/PY100587_Ficha_WS_RSever_Traumatologia_OCV-1.jpg","width":1322,"height":1116},{"@type":"BreadcrumbList","@id":"https:\/\/www.covb.cat\/es\/actualitat\/noticies\/general\/webseminar-debilidad-del-tercio-posterior-no-todo-es-traumatologia\/#breadcrumb","itemListElement":[{"@type":"ListItem","position":1,"name":"Inici","item":"https:\/\/www.covb.cat\/es\/"},{"@type":"ListItem","position":2,"name":"Webseminar: Debilidad del tercio posterior: no todo es traumatolog\u00eda"}]},{"@type":"WebSite","@id":"https:\/\/www.covb.cat\/es\/#website","url":"https:\/\/www.covb.cat\/es\/","name":"COVB","description":"Col\u00b7legi Oficial de Veterinaris de Barcelona","publisher":{"@id":"https:\/\/www.covb.cat\/es\/#organization"},"potentialAction":[{"@type":"SearchAction","target":{"@type":"EntryPoint","urlTemplate":"https:\/\/www.covb.cat\/es\/?s={search_term_string}"},"query-input":{"@type":"PropertyValueSpecification","valueRequired":true,"valueName":"search_term_string"}}],"inLanguage":"es"},{"@type":"Organization","@id":"https:\/\/www.covb.cat\/es\/#organization","name":"COVB","url":"https:\/\/www.covb.cat\/es\/","logo":{"@type":"ImageObject","inLanguage":"es","@id":"https:\/\/www.covb.cat\/es\/#\/schema\/logo\/image\/","url":"https:\/\/www.covb.cat\/wp-content\/uploads\/2018\/07\/favicon-covb.png","contentUrl":"https:\/\/www.covb.cat\/wp-content\/uploads\/2018\/07\/favicon-covb.png","width":512,"height":512,"caption":"COVB"},"image":{"@id":"https:\/\/www.covb.cat\/es\/#\/schema\/logo\/image\/"},"sameAs":["https:\/\/www.facebook.com\/COVBcat\/","https:\/\/x.com\/COVBcat","https:\/\/www.youtube.com\/user\/covbcn"]},{"@type":"Person","@id":""}]}},"jetpack_featured_media_url":"https:\/\/www.covb.cat\/wp-content\/uploads\/2021\/12\/PY100587_Ficha_WS_RSever_Traumatologia_OCV-1.jpg","jetpack_sharing_enabled":true,"_links":{"self":[{"href":"https:\/\/www.covb.cat\/es\/wp-json\/wp\/v2\/posts\/14239","targetHints":{"allow":["GET"]}}],"collection":[{"href":"https:\/\/www.covb.cat\/es\/wp-json\/wp\/v2\/posts"}],"about":[{"href":"https:\/\/www.covb.cat\/es\/wp-json\/wp\/v2\/types\/post"}],"author":[{"embeddable":true,"href":"https:\/\/www.covb.cat\/es\/wp-json\/wp\/v2\/users\/106"}],"replies":[{"embeddable":true,"href":"https:\/\/www.covb.cat\/es\/wp-json\/wp\/v2\/comments?post=14239"}],"version-history":[{"count":0,"href":"https:\/\/www.covb.cat\/es\/wp-json\/wp\/v2\/posts\/14239\/revisions"}],"wp:featuredmedia":[{"embeddable":true,"href":"https:\/\/www.covb.cat\/es\/wp-json\/wp\/v2\/media\/14237"}],"wp:attachment":[{"href":"https:\/\/www.covb.cat\/es\/wp-json\/wp\/v2\/media?parent=14239"}],"wp:term":[{"taxonomy":"category","embeddable":true,"href":"https:\/\/www.covb.cat\/es\/wp-json\/wp\/v2\/categories?post=14239"},{"taxonomy":"post_tag","embeddable":true,"href":"https:\/\/www.covb.cat\/es\/wp-json\/wp\/v2\/tags?post=14239"}],"curies":[{"name":"wp","href":"https:\/\/api.w.org\/{rel}","templated":true}]}}