{"id":13585,"date":"2021-11-12T16:31:53","date_gmt":"2021-11-12T15:31:53","guid":{"rendered":"https:\/\/www.covb.cat\/?p=13585"},"modified":"2021-11-12T16:31:53","modified_gmt":"2021-11-12T15:31:53","slug":"como-presentar-la-declaracion-de-tenencia-de-especies-catalogadas-como-invasores","status":"publish","type":"post","link":"https:\/\/www.covb.cat\/es\/actualitat\/noticies\/general\/como-presentar-la-declaracion-de-tenencia-de-especies-catalogadas-como-invasores\/","title":{"rendered":"C\u00f3mo presentar la declaraci\u00f3n de tenencia de especies catalogadas como invasores"},"content":{"rendered":"<p>Como ya os informamos en este enews, la Generalitat de Catalunya ha abierto un plazo de tiempo para que los particulares declaren la tenencia de especies catalogades como invasores.<\/p>\n<p>El Servei d\u2019Informaci\u00f3 Ambiental del Departament de Pol\u00edtiques Ambientals i Medi natural ha preparado una serie de materiales divulgativos relacionados con la declaraci\u00f3n de tenencia de especies invasoras, que os pueden ser \u00fatiles:<\/p>\n<p>1.- <strong>El acceso al tr\u00e1mite<\/strong> espec\u00edfico para hacer la declaraci\u00f3n de tenencia de especies catalogades como invasores, figura en el apartado de la web: <a href=\"https:\/\/eur03.safelinks.protection.outlook.com\/?url=http%3A%2F%2Fmediambient.gencat.cat%2Fca%2F05_ambits_dactuacio%2Fpatrimoni_natural%2Fespecies_exotiques_invasores%2Ftinenca_sp_invasores%2F&amp;data=04%7C01%7Cfrancesc.manas%40gencat.cat%7C7e3269623c994d50cf3508d99e9d014d%7C3b9427dcd30e43bc8c06ff7253676fec%7C1%7C0%7C637715219422200479%7CUnknown%7CTWFpbGZsb3d8eyJWIjoiMC4wLjAwMDAiLCJQIjoiV2luMzIiLCJBTiI6Ik1haWwiLCJXVCI6Mn0%3D%7C1000&amp;sdata=tlmqpPBwCaldjvEackRIxTtYK6jxesg7HvOtULzDoQ0%3D&amp;reserved=0\">http:\/\/mediambient.gencat.cat\/ca\/05_ambits_dactuacio\/patrimoni_natural\/especies_exotiques_invasores\/tinenca_sp_invasores\/<\/a><\/p>\n<p>2.- <strong>Preguntas frecuentes: <\/strong>\u00a0Un apartado espec\u00edfico en la web y en el <a href=\"https:\/\/mcusercontent.com\/c131463000c5688473b8b34ba\/files\/90f388d7-1787-6c81-8a0c-611820a2d360\/Preguntes_invasores.doc\" target=\"_blank\" rel=\"noopener\">word adjunto<\/a> con una serie de preguntas frecuentes en las cl\u00ednicas veterinarias.<\/p>\n<p><a href=\"http:\/\/mediambient.gencat.cat\/ca\/detalls\/Articles\/exotiques-invasores\" target=\"_blank\" rel=\"noopener\">http:\/\/mediambient.gencat.cat\/ca\/detalls\/Articles\/exotiques-invasores<\/a><\/p>\n<p>3.- <a href=\"https:\/\/mcusercontent.com\/c131463000c5688473b8b34ba\/files\/80a59c26-4117-c46d-1023-94aa4943a93b\/infografia_declaracio_especies_invasores_particulars.pdf\" target=\"_blank\" rel=\"noopener\"><strong>Infograf\u00eda informativa <\/strong><\/a>que os adjuntamos y que tambi\u00e9n encontrar\u00e9is en la web.<\/p>\n<p>Para cualquier duda pod\u00e9is contactar con <a href=\"mailto:especiesinvasores.tes@gencat.cat\">especiesinvasores.tes@gencat.cat<\/a><\/p>\n","protected":false},"excerpt":{"rendered":"<p>Como ya os informamos en este enews, la Generalitat de Catalunya ha abierto un plazo de tiempo para que los particulares declaren la tenencia de especies catalogades como invasores. El Servei d\u2019Informaci\u00f3 Ambiental del Departament de Pol\u00edtiques Ambientals i Medi natural ha preparado una serie de materiales divulgativos relacionados con la declaraci\u00f3n de tenencia de [&hellip;]<\/p>\n","protected":false},"author":106,"featured_media":13583,"comment_status":"closed","ping_status":"closed","sticky":false,"template":"","format":"standard","meta":{"_monsterinsights_skip_tracking":false,"_monsterinsights_sitenote_active":false,"_monsterinsights_sitenote_note":"","_monsterinsights_sitenote_category":0,"_jetpack_memberships_contains_paid_content":false,"footnotes":""},"categories":[17,164],"tags":[],"class_list":["post-13585","post","type-post","status-publish","format-standard","has-post-thumbnail","hentry","category-general","category-profesional"],"yoast_head":"<!-- This site is optimized with the Yoast SEO plugin v27.0 - https:\/\/yoast.com\/product\/yoast-seo-wordpress\/ -->\n<title>C\u00f3mo presentar la declaraci\u00f3n de tenencia de especies catalogadas como invasores - COVB - Col\u00b7legi Oficial de Veterinaris de Barcelona<\/title>\n<meta name=\"description\" content=\"Como ya os informamos en este enews, la Generalitat de Catalunya ha abierto un plazo de tiempo para que los particulares declaren la tenencia de especies\" \/>\n<meta name=\"robots\" content=\"index, follow, max-snippet:-1, max-image-preview:large, max-video-preview:-1\" \/>\n<link rel=\"canonical\" href=\"https:\/\/www.covb.cat\/es\/actualitat\/noticies\/general\/como-presentar-la-declaracion-de-tenencia-de-especies-catalogadas-como-invasores\/\" \/>\n<meta property=\"og:locale\" content=\"es_ES\" \/>\n<meta property=\"og:type\" content=\"article\" \/>\n<meta property=\"og:title\" content=\"C\u00f3mo presentar la declaraci\u00f3n de tenencia de especies catalogadas como invasores - COVB - Col\u00b7legi Oficial de Veterinaris de Barcelona\" \/>\n<meta property=\"og:description\" content=\"Como ya os informamos en este enews, la Generalitat de Catalunya ha abierto un plazo de tiempo para que los particulares declaren la tenencia de especies\" \/>\n<meta property=\"og:url\" content=\"https:\/\/www.covb.cat\/es\/actualitat\/noticies\/general\/como-presentar-la-declaracion-de-tenencia-de-especies-catalogadas-como-invasores\/\" \/>\n<meta property=\"og:site_name\" content=\"COVB\" \/>\n<meta property=\"article:publisher\" content=\"https:\/\/www.facebook.com\/COVBcat\/\" \/>\n<meta property=\"article:published_time\" content=\"2021-11-12T15:31:53+00:00\" \/>\n<meta property=\"og:image\" content=\"https:\/\/www.covb.cat\/wp-content\/uploads\/2021\/11\/a8a4fe87-e684-a9f8-45a6-39967cb89eaa.png\" \/>\n\t<meta property=\"og:image:width\" content=\"1200\" \/>\n\t<meta property=\"og:image:height\" content=\"675\" \/>\n\t<meta property=\"og:image:type\" content=\"image\/png\" \/>\n<meta name=\"twitter:card\" content=\"summary_large_image\" \/>\n<meta name=\"twitter:creator\" content=\"@COVBcat\" \/>\n<meta name=\"twitter:site\" content=\"@COVBcat\" \/>\n<meta name=\"twitter:label1\" content=\"Escrito por\" \/>\n\t<meta name=\"twitter:data1\" content=\"\" \/>\n\t<meta name=\"twitter:label2\" content=\"Tiempo de lectura\" \/>\n\t<meta name=\"twitter:data2\" content=\"1 minuto\" \/>\n<script type=\"application\/ld+json\" class=\"yoast-schema-graph\">{\"@context\":\"https:\/\/schema.org\",\"@graph\":[{\"@type\":\"Article\",\"@id\":\"https:\/\/www.covb.cat\/es\/actualitat\/noticies\/general\/como-presentar-la-declaracion-de-tenencia-de-especies-catalogadas-como-invasores\/#article\",\"isPartOf\":{\"@id\":\"https:\/\/www.covb.cat\/es\/actualitat\/noticies\/general\/como-presentar-la-declaracion-de-tenencia-de-especies-catalogadas-como-invasores\/\"},\"author\":{\"name\":\"\",\"@id\":\"\"},\"headline\":\"C\u00f3mo presentar la declaraci\u00f3n de tenencia de especies catalogadas como invasores\",\"datePublished\":\"2021-11-12T15:31:53+00:00\",\"mainEntityOfPage\":{\"@id\":\"https:\/\/www.covb.cat\/es\/actualitat\/noticies\/general\/como-presentar-la-declaracion-de-tenencia-de-especies-catalogadas-como-invasores\/\"},\"wordCount\":181,\"publisher\":{\"@id\":\"https:\/\/www.covb.cat\/es\/#organization\"},\"image\":{\"@id\":\"https:\/\/www.covb.cat\/es\/actualitat\/noticies\/general\/como-presentar-la-declaracion-de-tenencia-de-especies-catalogadas-como-invasores\/#primaryimage\"},\"thumbnailUrl\":\"https:\/\/www.covb.cat\/wp-content\/uploads\/2021\/11\/a8a4fe87-e684-a9f8-45a6-39967cb89eaa.png\",\"articleSection\":[\"General\",\"Profesi\u00f3n\"],\"inLanguage\":\"es\"},{\"@type\":\"WebPage\",\"@id\":\"https:\/\/www.covb.cat\/es\/actualitat\/noticies\/general\/como-presentar-la-declaracion-de-tenencia-de-especies-catalogadas-como-invasores\/\",\"url\":\"https:\/\/www.covb.cat\/es\/actualitat\/noticies\/general\/como-presentar-la-declaracion-de-tenencia-de-especies-catalogadas-como-invasores\/\",\"name\":\"C\u00f3mo presentar la declaraci\u00f3n de tenencia de especies catalogadas como invasores - COVB - Col\u00b7legi Oficial de Veterinaris de Barcelona\",\"isPartOf\":{\"@id\":\"https:\/\/www.covb.cat\/es\/#website\"},\"primaryImageOfPage\":{\"@id\":\"https:\/\/www.covb.cat\/es\/actualitat\/noticies\/general\/como-presentar-la-declaracion-de-tenencia-de-especies-catalogadas-como-invasores\/#primaryimage\"},\"image\":{\"@id\":\"https:\/\/www.covb.cat\/es\/actualitat\/noticies\/general\/como-presentar-la-declaracion-de-tenencia-de-especies-catalogadas-como-invasores\/#primaryimage\"},\"thumbnailUrl\":\"https:\/\/www.covb.cat\/wp-content\/uploads\/2021\/11\/a8a4fe87-e684-a9f8-45a6-39967cb89eaa.png\",\"datePublished\":\"2021-11-12T15:31:53+00:00\",\"description\":\"Como ya os informamos en este enews, la Generalitat de Catalunya ha abierto un plazo de tiempo para que los particulares declaren la tenencia de especies\",\"breadcrumb\":{\"@id\":\"https:\/\/www.covb.cat\/es\/actualitat\/noticies\/general\/como-presentar-la-declaracion-de-tenencia-de-especies-catalogadas-como-invasores\/#breadcrumb\"},\"inLanguage\":\"es\",\"potentialAction\":[{\"@type\":\"ReadAction\",\"target\":[\"https:\/\/www.covb.cat\/es\/actualitat\/noticies\/general\/como-presentar-la-declaracion-de-tenencia-de-especies-catalogadas-como-invasores\/\"]}]},{\"@type\":\"ImageObject\",\"inLanguage\":\"es\",\"@id\":\"https:\/\/www.covb.cat\/es\/actualitat\/noticies\/general\/como-presentar-la-declaracion-de-tenencia-de-especies-catalogadas-como-invasores\/#primaryimage\",\"url\":\"https:\/\/www.covb.cat\/wp-content\/uploads\/2021\/11\/a8a4fe87-e684-a9f8-45a6-39967cb89eaa.png\",\"contentUrl\":\"https:\/\/www.covb.cat\/wp-content\/uploads\/2021\/11\/a8a4fe87-e684-a9f8-45a6-39967cb89eaa.png\",\"width\":1200,\"height\":675},{\"@type\":\"BreadcrumbList\",\"@id\":\"https:\/\/www.covb.cat\/es\/actualitat\/noticies\/general\/como-presentar-la-declaracion-de-tenencia-de-especies-catalogadas-como-invasores\/#breadcrumb\",\"itemListElement\":[{\"@type\":\"ListItem\",\"position\":1,\"name\":\"Inici\",\"item\":\"https:\/\/www.covb.cat\/es\/\"},{\"@type\":\"ListItem\",\"position\":2,\"name\":\"C\u00f3mo presentar la declaraci\u00f3n de tenencia de especies catalogadas como invasores\"}]},{\"@type\":\"WebSite\",\"@id\":\"https:\/\/www.covb.cat\/es\/#website\",\"url\":\"https:\/\/www.covb.cat\/es\/\",\"name\":\"COVB\",\"description\":\"Col\u00b7legi Oficial de Veterinaris de Barcelona\",\"publisher\":{\"@id\":\"https:\/\/www.covb.cat\/es\/#organization\"},\"potentialAction\":[{\"@type\":\"SearchAction\",\"target\":{\"@type\":\"EntryPoint\",\"urlTemplate\":\"https:\/\/www.covb.cat\/es\/?s={search_term_string}\"},\"query-input\":{\"@type\":\"PropertyValueSpecification\",\"valueRequired\":true,\"valueName\":\"search_term_string\"}}],\"inLanguage\":\"es\"},{\"@type\":\"Organization\",\"@id\":\"https:\/\/www.covb.cat\/es\/#organization\",\"name\":\"COVB\",\"url\":\"https:\/\/www.covb.cat\/es\/\",\"logo\":{\"@type\":\"ImageObject\",\"inLanguage\":\"es\",\"@id\":\"https:\/\/www.covb.cat\/es\/#\/schema\/logo\/image\/\",\"url\":\"https:\/\/www.covb.cat\/wp-content\/uploads\/2018\/07\/favicon-covb.png\",\"contentUrl\":\"https:\/\/www.covb.cat\/wp-content\/uploads\/2018\/07\/favicon-covb.png\",\"width\":512,\"height\":512,\"caption\":\"COVB\"},\"image\":{\"@id\":\"https:\/\/www.covb.cat\/es\/#\/schema\/logo\/image\/\"},\"sameAs\":[\"https:\/\/www.facebook.com\/COVBcat\/\",\"https:\/\/x.com\/COVBcat\",\"https:\/\/www.youtube.com\/user\/covbcn\"]},{\"@type\":\"Person\",\"@id\":\"\"}]}<\/script>\n<!-- \/ Yoast SEO plugin. -->","yoast_head_json":{"title":"C\u00f3mo presentar la declaraci\u00f3n de tenencia de especies catalogadas como invasores - COVB - Col\u00b7legi Oficial de Veterinaris de Barcelona","description":"Como ya os informamos en este enews, la Generalitat de Catalunya ha abierto un plazo de tiempo para que los particulares declaren la tenencia de especies","robots":{"index":"index","follow":"follow","max-snippet":"max-snippet:-1","max-image-preview":"max-image-preview:large","max-video-preview":"max-video-preview:-1"},"canonical":"https:\/\/www.covb.cat\/es\/actualitat\/noticies\/general\/como-presentar-la-declaracion-de-tenencia-de-especies-catalogadas-como-invasores\/","og_locale":"es_ES","og_type":"article","og_title":"C\u00f3mo presentar la declaraci\u00f3n de tenencia de especies catalogadas como invasores - COVB - Col\u00b7legi Oficial de Veterinaris de Barcelona","og_description":"Como ya os informamos en este enews, la Generalitat de Catalunya ha abierto un plazo de tiempo para que los particulares declaren la tenencia de especies","og_url":"https:\/\/www.covb.cat\/es\/actualitat\/noticies\/general\/como-presentar-la-declaracion-de-tenencia-de-especies-catalogadas-como-invasores\/","og_site_name":"COVB","article_publisher":"https:\/\/www.facebook.com\/COVBcat\/","article_published_time":"2021-11-12T15:31:53+00:00","og_image":[{"width":1200,"height":675,"url":"https:\/\/www.covb.cat\/wp-content\/uploads\/2021\/11\/a8a4fe87-e684-a9f8-45a6-39967cb89eaa.png","type":"image\/png"}],"twitter_card":"summary_large_image","twitter_creator":"@COVBcat","twitter_site":"@COVBcat","twitter_misc":{"Escrito por":"","Tiempo de lectura":"1 minuto"},"schema":{"@context":"https:\/\/schema.org","@graph":[{"@type":"Article","@id":"https:\/\/www.covb.cat\/es\/actualitat\/noticies\/general\/como-presentar-la-declaracion-de-tenencia-de-especies-catalogadas-como-invasores\/#article","isPartOf":{"@id":"https:\/\/www.covb.cat\/es\/actualitat\/noticies\/general\/como-presentar-la-declaracion-de-tenencia-de-especies-catalogadas-como-invasores\/"},"author":{"name":"","@id":""},"headline":"C\u00f3mo presentar la declaraci\u00f3n de tenencia de especies catalogadas como invasores","datePublished":"2021-11-12T15:31:53+00:00","mainEntityOfPage":{"@id":"https:\/\/www.covb.cat\/es\/actualitat\/noticies\/general\/como-presentar-la-declaracion-de-tenencia-de-especies-catalogadas-como-invasores\/"},"wordCount":181,"publisher":{"@id":"https:\/\/www.covb.cat\/es\/#organization"},"image":{"@id":"https:\/\/www.covb.cat\/es\/actualitat\/noticies\/general\/como-presentar-la-declaracion-de-tenencia-de-especies-catalogadas-como-invasores\/#primaryimage"},"thumbnailUrl":"https:\/\/www.covb.cat\/wp-content\/uploads\/2021\/11\/a8a4fe87-e684-a9f8-45a6-39967cb89eaa.png","articleSection":["General","Profesi\u00f3n"],"inLanguage":"es"},{"@type":"WebPage","@id":"https:\/\/www.covb.cat\/es\/actualitat\/noticies\/general\/como-presentar-la-declaracion-de-tenencia-de-especies-catalogadas-como-invasores\/","url":"https:\/\/www.covb.cat\/es\/actualitat\/noticies\/general\/como-presentar-la-declaracion-de-tenencia-de-especies-catalogadas-como-invasores\/","name":"C\u00f3mo presentar la declaraci\u00f3n de tenencia de especies catalogadas como invasores - COVB - Col\u00b7legi Oficial de Veterinaris de Barcelona","isPartOf":{"@id":"https:\/\/www.covb.cat\/es\/#website"},"primaryImageOfPage":{"@id":"https:\/\/www.covb.cat\/es\/actualitat\/noticies\/general\/como-presentar-la-declaracion-de-tenencia-de-especies-catalogadas-como-invasores\/#primaryimage"},"image":{"@id":"https:\/\/www.covb.cat\/es\/actualitat\/noticies\/general\/como-presentar-la-declaracion-de-tenencia-de-especies-catalogadas-como-invasores\/#primaryimage"},"thumbnailUrl":"https:\/\/www.covb.cat\/wp-content\/uploads\/2021\/11\/a8a4fe87-e684-a9f8-45a6-39967cb89eaa.png","datePublished":"2021-11-12T15:31:53+00:00","description":"Como ya os informamos en este enews, la Generalitat de Catalunya ha abierto un plazo de tiempo para que los particulares declaren la tenencia de especies","breadcrumb":{"@id":"https:\/\/www.covb.cat\/es\/actualitat\/noticies\/general\/como-presentar-la-declaracion-de-tenencia-de-especies-catalogadas-como-invasores\/#breadcrumb"},"inLanguage":"es","potentialAction":[{"@type":"ReadAction","target":["https:\/\/www.covb.cat\/es\/actualitat\/noticies\/general\/como-presentar-la-declaracion-de-tenencia-de-especies-catalogadas-como-invasores\/"]}]},{"@type":"ImageObject","inLanguage":"es","@id":"https:\/\/www.covb.cat\/es\/actualitat\/noticies\/general\/como-presentar-la-declaracion-de-tenencia-de-especies-catalogadas-como-invasores\/#primaryimage","url":"https:\/\/www.covb.cat\/wp-content\/uploads\/2021\/11\/a8a4fe87-e684-a9f8-45a6-39967cb89eaa.png","contentUrl":"https:\/\/www.covb.cat\/wp-content\/uploads\/2021\/11\/a8a4fe87-e684-a9f8-45a6-39967cb89eaa.png","width":1200,"height":675},{"@type":"BreadcrumbList","@id":"https:\/\/www.covb.cat\/es\/actualitat\/noticies\/general\/como-presentar-la-declaracion-de-tenencia-de-especies-catalogadas-como-invasores\/#breadcrumb","itemListElement":[{"@type":"ListItem","position":1,"name":"Inici","item":"https:\/\/www.covb.cat\/es\/"},{"@type":"ListItem","position":2,"name":"C\u00f3mo presentar la declaraci\u00f3n de tenencia de especies catalogadas como invasores"}]},{"@type":"WebSite","@id":"https:\/\/www.covb.cat\/es\/#website","url":"https:\/\/www.covb.cat\/es\/","name":"COVB","description":"Col\u00b7legi Oficial de Veterinaris de Barcelona","publisher":{"@id":"https:\/\/www.covb.cat\/es\/#organization"},"potentialAction":[{"@type":"SearchAction","target":{"@type":"EntryPoint","urlTemplate":"https:\/\/www.covb.cat\/es\/?s={search_term_string}"},"query-input":{"@type":"PropertyValueSpecification","valueRequired":true,"valueName":"search_term_string"}}],"inLanguage":"es"},{"@type":"Organization","@id":"https:\/\/www.covb.cat\/es\/#organization","name":"COVB","url":"https:\/\/www.covb.cat\/es\/","logo":{"@type":"ImageObject","inLanguage":"es","@id":"https:\/\/www.covb.cat\/es\/#\/schema\/logo\/image\/","url":"https:\/\/www.covb.cat\/wp-content\/uploads\/2018\/07\/favicon-covb.png","contentUrl":"https:\/\/www.covb.cat\/wp-content\/uploads\/2018\/07\/favicon-covb.png","width":512,"height":512,"caption":"COVB"},"image":{"@id":"https:\/\/www.covb.cat\/es\/#\/schema\/logo\/image\/"},"sameAs":["https:\/\/www.facebook.com\/COVBcat\/","https:\/\/x.com\/COVBcat","https:\/\/www.youtube.com\/user\/covbcn"]},{"@type":"Person","@id":""}]}},"jetpack_featured_media_url":"https:\/\/www.covb.cat\/wp-content\/uploads\/2021\/11\/a8a4fe87-e684-a9f8-45a6-39967cb89eaa.png","jetpack_sharing_enabled":true,"_links":{"self":[{"href":"https:\/\/www.covb.cat\/es\/wp-json\/wp\/v2\/posts\/13585","targetHints":{"allow":["GET"]}}],"collection":[{"href":"https:\/\/www.covb.cat\/es\/wp-json\/wp\/v2\/posts"}],"about":[{"href":"https:\/\/www.covb.cat\/es\/wp-json\/wp\/v2\/types\/post"}],"author":[{"embeddable":true,"href":"https:\/\/www.covb.cat\/es\/wp-json\/wp\/v2\/users\/106"}],"replies":[{"embeddable":true,"href":"https:\/\/www.covb.cat\/es\/wp-json\/wp\/v2\/comments?post=13585"}],"version-history":[{"count":0,"href":"https:\/\/www.covb.cat\/es\/wp-json\/wp\/v2\/posts\/13585\/revisions"}],"wp:featuredmedia":[{"embeddable":true,"href":"https:\/\/www.covb.cat\/es\/wp-json\/wp\/v2\/media\/13583"}],"wp:attachment":[{"href":"https:\/\/www.covb.cat\/es\/wp-json\/wp\/v2\/media?parent=13585"}],"wp:term":[{"taxonomy":"category","embeddable":true,"href":"https:\/\/www.covb.cat\/es\/wp-json\/wp\/v2\/categories?post=13585"},{"taxonomy":"post_tag","embeddable":true,"href":"https:\/\/www.covb.cat\/es\/wp-json\/wp\/v2\/tags?post=13585"}],"curies":[{"name":"wp","href":"https:\/\/api.w.org\/{rel}","templated":true}]}}