{"id":13325,"date":"2021-11-05T15:33:25","date_gmt":"2021-11-05T14:33:25","guid":{"rendered":"https:\/\/www.covb.cat\/?p=13325"},"modified":"2021-11-05T15:33:25","modified_gmt":"2021-11-05T14:33:25","slug":"jornada-tecnica-en-linea-recursos-per-la-gestio-economica-duna-finca-agroramadera-dovi-de-carn-ecologica","status":"publish","type":"post","link":"https:\/\/www.covb.cat\/es\/actualitat\/noticies\/general\/jornada-tecnica-en-linea-recursos-per-la-gestio-economica-duna-finca-agroramadera-dovi-de-carn-ecologica\/","title":{"rendered":"Jornada t\u00e9cnica en l\u00ednea: Recursos per la gesti\u00f3 econ\u00f2mica d\u2019una finca agroramadera d\u2019ov\u00ed de carn ecol\u00f2gica"},"content":{"rendered":"<p>Organizado por el Departament d\u2019Acci\u00f3 Clim\u00e0tica, Alimentaci\u00f3 i Agenda Rural, el 25 de noviembre tendr\u00e1 lugar esta formaci\u00f3n sobre gesti\u00f3n econ\u00f3mica en una finca de ovino de carne ecol\u00f3gica. El objetivo pr\u00e1ctico de la jornada es dar a conocer herramientas y metodolog\u00edas para tener una visi\u00f3n clara y real de la actividad agroganadera y por lo tanto de los costes de explotaci\u00f3n.<\/p>\n<p>A pesar de que esta jornada se centra en el sector ovino de carne ecol\u00f3gica, puede ser extrapolable a otras actividades agroganaderas.<\/p>\n<p>Todas las ponencias est\u00e1n a cargo del Sr. Jordi Maynegre Santaul\u00e0ria, ingeniero agr\u00f3nomo, t\u00e9cnico de Gestrum Integral SLP y profesor asociado del Departament de Ci\u00e8ncia Animal de la Universitat de Lleida.<\/p>\n<p>Inscripciones a trav\u00e9s de RuralCat: <a href=\"https:\/\/ruralcat.gencat.cat\/web\/guest\/transferencia\/preinscripcio-jornada-tecnica?p_auth=2HXYtZqr&amp;p_p_id=JornadesPATT_WAR_jornadesPATT100SNAPSHOT&amp;p_p_lifecycle=1&amp;p_p_state=normal&amp;p_p_mode=view&amp;p_p_col_id=column-1&amp;p_p_col_pos=1&amp;p_p_col_count=2&amp;_JornadesPATT_WAR_jornadesPATT100SNAPSHOT_idJornada=4042967&amp;_JornadesPATT_WAR_jornadesPATT100SNAPSHOT_cmd=subscribeJornada\">Inscripcions<\/a><\/p>\n<p>M\u00e1s informaci\u00f3n en el <a href=\"https:\/\/mcusercontent.com\/c131463000c5688473b8b34ba\/files\/7f6252c9-a813-f58f-3194-edc121d4971a\/En_l%C3%ADnia_251121_210706.pdf\" target=\"_blank\" rel=\"noopener\">documento adjunto<\/a>.<\/p>\n","protected":false},"excerpt":{"rendered":"<p>Organizado por el Departament d\u2019Acci\u00f3 Clim\u00e0tica, Alimentaci\u00f3 i Agenda Rural, el 25 de noviembre tendr\u00e1 lugar esta formaci\u00f3n sobre gesti\u00f3n econ\u00f3mica en una finca de ovino de carne ecol\u00f3gica. El objetivo pr\u00e1ctico de la jornada es dar a conocer herramientas y metodolog\u00edas para tener una visi\u00f3n clara y real de la actividad agroganadera y por [&hellip;]<\/p>\n","protected":false},"author":106,"featured_media":13323,"comment_status":"closed","ping_status":"closed","sticky":false,"template":"","format":"standard","meta":{"_monsterinsights_skip_tracking":false,"_monsterinsights_sitenote_active":false,"_monsterinsights_sitenote_note":"","_monsterinsights_sitenote_category":0,"_jetpack_memberships_contains_paid_content":false,"footnotes":""},"categories":[17],"tags":[],"class_list":["post-13325","post","type-post","status-publish","format-standard","has-post-thumbnail","hentry","category-general"],"yoast_head":"<!-- This site is optimized with the Yoast SEO plugin v27.0 - https:\/\/yoast.com\/product\/yoast-seo-wordpress\/ -->\n<title>Jornada t\u00e9cnica en l\u00ednea: Recursos per la gesti\u00f3 econ\u00f2mica d\u2019una finca agroramadera d\u2019ov\u00ed de carn ecol\u00f2gica - COVB - Col\u00b7legi Oficial de Veterinaris de Barcelona<\/title>\n<meta name=\"description\" content=\"Organizado por el Departament d\u2019Acci\u00f3 Clim\u00e0tica, Alimentaci\u00f3 i Agenda Rural, el 25 de noviembre tendr\u00e1 lugar esta formaci\u00f3n sobre gesti\u00f3n econ\u00f3mica en una\" \/>\n<meta name=\"robots\" content=\"index, follow, max-snippet:-1, max-image-preview:large, max-video-preview:-1\" \/>\n<link rel=\"canonical\" href=\"https:\/\/www.covb.cat\/es\/actualitat\/noticies\/general\/jornada-tecnica-en-linea-recursos-per-la-gestio-economica-duna-finca-agroramadera-dovi-de-carn-ecologica\/\" \/>\n<meta property=\"og:locale\" content=\"es_ES\" \/>\n<meta property=\"og:type\" content=\"article\" \/>\n<meta property=\"og:title\" content=\"Jornada t\u00e9cnica en l\u00ednea: Recursos per la gesti\u00f3 econ\u00f2mica d\u2019una finca agroramadera d\u2019ov\u00ed de carn ecol\u00f2gica - COVB - Col\u00b7legi Oficial de Veterinaris de Barcelona\" \/>\n<meta property=\"og:description\" content=\"Organizado por el Departament d\u2019Acci\u00f3 Clim\u00e0tica, Alimentaci\u00f3 i Agenda Rural, el 25 de noviembre tendr\u00e1 lugar esta formaci\u00f3n sobre gesti\u00f3n econ\u00f3mica en una\" \/>\n<meta property=\"og:url\" content=\"https:\/\/www.covb.cat\/es\/actualitat\/noticies\/general\/jornada-tecnica-en-linea-recursos-per-la-gestio-economica-duna-finca-agroramadera-dovi-de-carn-ecologica\/\" \/>\n<meta property=\"og:site_name\" content=\"COVB\" \/>\n<meta property=\"article:publisher\" content=\"https:\/\/www.facebook.com\/COVBcat\/\" \/>\n<meta property=\"article:published_time\" content=\"2021-11-05T14:33:25+00:00\" \/>\n<meta property=\"og:image\" content=\"https:\/\/www.covb.cat\/wp-content\/uploads\/2021\/11\/finca_ramadera.png\" \/>\n\t<meta property=\"og:image:width\" content=\"559\" \/>\n\t<meta property=\"og:image:height\" content=\"404\" \/>\n\t<meta property=\"og:image:type\" content=\"image\/png\" \/>\n<meta name=\"twitter:card\" content=\"summary_large_image\" \/>\n<meta name=\"twitter:creator\" content=\"@COVBcat\" \/>\n<meta name=\"twitter:site\" content=\"@COVBcat\" \/>\n<meta name=\"twitter:label1\" content=\"Escrito por\" \/>\n\t<meta name=\"twitter:data1\" content=\"\" \/>\n\t<meta name=\"twitter:label2\" content=\"Tiempo de lectura\" \/>\n\t<meta name=\"twitter:data2\" content=\"1 minuto\" \/>\n<script type=\"application\/ld+json\" class=\"yoast-schema-graph\">{\"@context\":\"https:\/\/schema.org\",\"@graph\":[{\"@type\":\"Article\",\"@id\":\"https:\/\/www.covb.cat\/es\/actualitat\/noticies\/general\/jornada-tecnica-en-linea-recursos-per-la-gestio-economica-duna-finca-agroramadera-dovi-de-carn-ecologica\/#article\",\"isPartOf\":{\"@id\":\"https:\/\/www.covb.cat\/es\/actualitat\/noticies\/general\/jornada-tecnica-en-linea-recursos-per-la-gestio-economica-duna-finca-agroramadera-dovi-de-carn-ecologica\/\"},\"author\":{\"name\":\"\",\"@id\":\"\"},\"headline\":\"Jornada t\u00e9cnica en l\u00ednea: Recursos per la gesti\u00f3 econ\u00f2mica d\u2019una finca agroramadera d\u2019ov\u00ed de carn ecol\u00f2gica\",\"datePublished\":\"2021-11-05T14:33:25+00:00\",\"mainEntityOfPage\":{\"@id\":\"https:\/\/www.covb.cat\/es\/actualitat\/noticies\/general\/jornada-tecnica-en-linea-recursos-per-la-gestio-economica-duna-finca-agroramadera-dovi-de-carn-ecologica\/\"},\"wordCount\":167,\"publisher\":{\"@id\":\"https:\/\/www.covb.cat\/es\/#organization\"},\"image\":{\"@id\":\"https:\/\/www.covb.cat\/es\/actualitat\/noticies\/general\/jornada-tecnica-en-linea-recursos-per-la-gestio-economica-duna-finca-agroramadera-dovi-de-carn-ecologica\/#primaryimage\"},\"thumbnailUrl\":\"https:\/\/www.covb.cat\/wp-content\/uploads\/2021\/11\/finca_ramadera.png\",\"articleSection\":[\"General\"],\"inLanguage\":\"es\"},{\"@type\":\"WebPage\",\"@id\":\"https:\/\/www.covb.cat\/es\/actualitat\/noticies\/general\/jornada-tecnica-en-linea-recursos-per-la-gestio-economica-duna-finca-agroramadera-dovi-de-carn-ecologica\/\",\"url\":\"https:\/\/www.covb.cat\/es\/actualitat\/noticies\/general\/jornada-tecnica-en-linea-recursos-per-la-gestio-economica-duna-finca-agroramadera-dovi-de-carn-ecologica\/\",\"name\":\"Jornada t\u00e9cnica en l\u00ednea: Recursos per la gesti\u00f3 econ\u00f2mica d\u2019una finca agroramadera d\u2019ov\u00ed de carn ecol\u00f2gica - COVB - Col\u00b7legi Oficial de Veterinaris de Barcelona\",\"isPartOf\":{\"@id\":\"https:\/\/www.covb.cat\/es\/#website\"},\"primaryImageOfPage\":{\"@id\":\"https:\/\/www.covb.cat\/es\/actualitat\/noticies\/general\/jornada-tecnica-en-linea-recursos-per-la-gestio-economica-duna-finca-agroramadera-dovi-de-carn-ecologica\/#primaryimage\"},\"image\":{\"@id\":\"https:\/\/www.covb.cat\/es\/actualitat\/noticies\/general\/jornada-tecnica-en-linea-recursos-per-la-gestio-economica-duna-finca-agroramadera-dovi-de-carn-ecologica\/#primaryimage\"},\"thumbnailUrl\":\"https:\/\/www.covb.cat\/wp-content\/uploads\/2021\/11\/finca_ramadera.png\",\"datePublished\":\"2021-11-05T14:33:25+00:00\",\"description\":\"Organizado por el Departament d\u2019Acci\u00f3 Clim\u00e0tica, Alimentaci\u00f3 i Agenda Rural, el 25 de noviembre tendr\u00e1 lugar esta formaci\u00f3n sobre gesti\u00f3n econ\u00f3mica en una\",\"breadcrumb\":{\"@id\":\"https:\/\/www.covb.cat\/es\/actualitat\/noticies\/general\/jornada-tecnica-en-linea-recursos-per-la-gestio-economica-duna-finca-agroramadera-dovi-de-carn-ecologica\/#breadcrumb\"},\"inLanguage\":\"es\",\"potentialAction\":[{\"@type\":\"ReadAction\",\"target\":[\"https:\/\/www.covb.cat\/es\/actualitat\/noticies\/general\/jornada-tecnica-en-linea-recursos-per-la-gestio-economica-duna-finca-agroramadera-dovi-de-carn-ecologica\/\"]}]},{\"@type\":\"ImageObject\",\"inLanguage\":\"es\",\"@id\":\"https:\/\/www.covb.cat\/es\/actualitat\/noticies\/general\/jornada-tecnica-en-linea-recursos-per-la-gestio-economica-duna-finca-agroramadera-dovi-de-carn-ecologica\/#primaryimage\",\"url\":\"https:\/\/www.covb.cat\/wp-content\/uploads\/2021\/11\/finca_ramadera.png\",\"contentUrl\":\"https:\/\/www.covb.cat\/wp-content\/uploads\/2021\/11\/finca_ramadera.png\",\"width\":559,\"height\":404},{\"@type\":\"BreadcrumbList\",\"@id\":\"https:\/\/www.covb.cat\/es\/actualitat\/noticies\/general\/jornada-tecnica-en-linea-recursos-per-la-gestio-economica-duna-finca-agroramadera-dovi-de-carn-ecologica\/#breadcrumb\",\"itemListElement\":[{\"@type\":\"ListItem\",\"position\":1,\"name\":\"Inici\",\"item\":\"https:\/\/www.covb.cat\/es\/\"},{\"@type\":\"ListItem\",\"position\":2,\"name\":\"Jornada t\u00e9cnica en l\u00ednea: Recursos per la gesti\u00f3 econ\u00f2mica d\u2019una finca agroramadera d\u2019ov\u00ed de carn ecol\u00f2gica\"}]},{\"@type\":\"WebSite\",\"@id\":\"https:\/\/www.covb.cat\/es\/#website\",\"url\":\"https:\/\/www.covb.cat\/es\/\",\"name\":\"COVB\",\"description\":\"Col\u00b7legi Oficial de Veterinaris de Barcelona\",\"publisher\":{\"@id\":\"https:\/\/www.covb.cat\/es\/#organization\"},\"potentialAction\":[{\"@type\":\"SearchAction\",\"target\":{\"@type\":\"EntryPoint\",\"urlTemplate\":\"https:\/\/www.covb.cat\/es\/?s={search_term_string}\"},\"query-input\":{\"@type\":\"PropertyValueSpecification\",\"valueRequired\":true,\"valueName\":\"search_term_string\"}}],\"inLanguage\":\"es\"},{\"@type\":\"Organization\",\"@id\":\"https:\/\/www.covb.cat\/es\/#organization\",\"name\":\"COVB\",\"url\":\"https:\/\/www.covb.cat\/es\/\",\"logo\":{\"@type\":\"ImageObject\",\"inLanguage\":\"es\",\"@id\":\"https:\/\/www.covb.cat\/es\/#\/schema\/logo\/image\/\",\"url\":\"https:\/\/www.covb.cat\/wp-content\/uploads\/2018\/07\/favicon-covb.png\",\"contentUrl\":\"https:\/\/www.covb.cat\/wp-content\/uploads\/2018\/07\/favicon-covb.png\",\"width\":512,\"height\":512,\"caption\":\"COVB\"},\"image\":{\"@id\":\"https:\/\/www.covb.cat\/es\/#\/schema\/logo\/image\/\"},\"sameAs\":[\"https:\/\/www.facebook.com\/COVBcat\/\",\"https:\/\/x.com\/COVBcat\",\"https:\/\/www.youtube.com\/user\/covbcn\"]},{\"@type\":\"Person\",\"@id\":\"\"}]}<\/script>\n<!-- \/ Yoast SEO plugin. -->","yoast_head_json":{"title":"Jornada t\u00e9cnica en l\u00ednea: Recursos per la gesti\u00f3 econ\u00f2mica d\u2019una finca agroramadera d\u2019ov\u00ed de carn ecol\u00f2gica - COVB - Col\u00b7legi Oficial de Veterinaris de Barcelona","description":"Organizado por el Departament d\u2019Acci\u00f3 Clim\u00e0tica, Alimentaci\u00f3 i Agenda Rural, el 25 de noviembre tendr\u00e1 lugar esta formaci\u00f3n sobre gesti\u00f3n econ\u00f3mica en una","robots":{"index":"index","follow":"follow","max-snippet":"max-snippet:-1","max-image-preview":"max-image-preview:large","max-video-preview":"max-video-preview:-1"},"canonical":"https:\/\/www.covb.cat\/es\/actualitat\/noticies\/general\/jornada-tecnica-en-linea-recursos-per-la-gestio-economica-duna-finca-agroramadera-dovi-de-carn-ecologica\/","og_locale":"es_ES","og_type":"article","og_title":"Jornada t\u00e9cnica en l\u00ednea: Recursos per la gesti\u00f3 econ\u00f2mica d\u2019una finca agroramadera d\u2019ov\u00ed de carn ecol\u00f2gica - COVB - Col\u00b7legi Oficial de Veterinaris de Barcelona","og_description":"Organizado por el Departament d\u2019Acci\u00f3 Clim\u00e0tica, Alimentaci\u00f3 i Agenda Rural, el 25 de noviembre tendr\u00e1 lugar esta formaci\u00f3n sobre gesti\u00f3n econ\u00f3mica en una","og_url":"https:\/\/www.covb.cat\/es\/actualitat\/noticies\/general\/jornada-tecnica-en-linea-recursos-per-la-gestio-economica-duna-finca-agroramadera-dovi-de-carn-ecologica\/","og_site_name":"COVB","article_publisher":"https:\/\/www.facebook.com\/COVBcat\/","article_published_time":"2021-11-05T14:33:25+00:00","og_image":[{"width":559,"height":404,"url":"https:\/\/www.covb.cat\/wp-content\/uploads\/2021\/11\/finca_ramadera.png","type":"image\/png"}],"twitter_card":"summary_large_image","twitter_creator":"@COVBcat","twitter_site":"@COVBcat","twitter_misc":{"Escrito por":"","Tiempo de lectura":"1 minuto"},"schema":{"@context":"https:\/\/schema.org","@graph":[{"@type":"Article","@id":"https:\/\/www.covb.cat\/es\/actualitat\/noticies\/general\/jornada-tecnica-en-linea-recursos-per-la-gestio-economica-duna-finca-agroramadera-dovi-de-carn-ecologica\/#article","isPartOf":{"@id":"https:\/\/www.covb.cat\/es\/actualitat\/noticies\/general\/jornada-tecnica-en-linea-recursos-per-la-gestio-economica-duna-finca-agroramadera-dovi-de-carn-ecologica\/"},"author":{"name":"","@id":""},"headline":"Jornada t\u00e9cnica en l\u00ednea: Recursos per la gesti\u00f3 econ\u00f2mica d\u2019una finca agroramadera d\u2019ov\u00ed de carn ecol\u00f2gica","datePublished":"2021-11-05T14:33:25+00:00","mainEntityOfPage":{"@id":"https:\/\/www.covb.cat\/es\/actualitat\/noticies\/general\/jornada-tecnica-en-linea-recursos-per-la-gestio-economica-duna-finca-agroramadera-dovi-de-carn-ecologica\/"},"wordCount":167,"publisher":{"@id":"https:\/\/www.covb.cat\/es\/#organization"},"image":{"@id":"https:\/\/www.covb.cat\/es\/actualitat\/noticies\/general\/jornada-tecnica-en-linea-recursos-per-la-gestio-economica-duna-finca-agroramadera-dovi-de-carn-ecologica\/#primaryimage"},"thumbnailUrl":"https:\/\/www.covb.cat\/wp-content\/uploads\/2021\/11\/finca_ramadera.png","articleSection":["General"],"inLanguage":"es"},{"@type":"WebPage","@id":"https:\/\/www.covb.cat\/es\/actualitat\/noticies\/general\/jornada-tecnica-en-linea-recursos-per-la-gestio-economica-duna-finca-agroramadera-dovi-de-carn-ecologica\/","url":"https:\/\/www.covb.cat\/es\/actualitat\/noticies\/general\/jornada-tecnica-en-linea-recursos-per-la-gestio-economica-duna-finca-agroramadera-dovi-de-carn-ecologica\/","name":"Jornada t\u00e9cnica en l\u00ednea: Recursos per la gesti\u00f3 econ\u00f2mica d\u2019una finca agroramadera d\u2019ov\u00ed de carn ecol\u00f2gica - COVB - Col\u00b7legi Oficial de Veterinaris de Barcelona","isPartOf":{"@id":"https:\/\/www.covb.cat\/es\/#website"},"primaryImageOfPage":{"@id":"https:\/\/www.covb.cat\/es\/actualitat\/noticies\/general\/jornada-tecnica-en-linea-recursos-per-la-gestio-economica-duna-finca-agroramadera-dovi-de-carn-ecologica\/#primaryimage"},"image":{"@id":"https:\/\/www.covb.cat\/es\/actualitat\/noticies\/general\/jornada-tecnica-en-linea-recursos-per-la-gestio-economica-duna-finca-agroramadera-dovi-de-carn-ecologica\/#primaryimage"},"thumbnailUrl":"https:\/\/www.covb.cat\/wp-content\/uploads\/2021\/11\/finca_ramadera.png","datePublished":"2021-11-05T14:33:25+00:00","description":"Organizado por el Departament d\u2019Acci\u00f3 Clim\u00e0tica, Alimentaci\u00f3 i Agenda Rural, el 25 de noviembre tendr\u00e1 lugar esta formaci\u00f3n sobre gesti\u00f3n econ\u00f3mica en una","breadcrumb":{"@id":"https:\/\/www.covb.cat\/es\/actualitat\/noticies\/general\/jornada-tecnica-en-linea-recursos-per-la-gestio-economica-duna-finca-agroramadera-dovi-de-carn-ecologica\/#breadcrumb"},"inLanguage":"es","potentialAction":[{"@type":"ReadAction","target":["https:\/\/www.covb.cat\/es\/actualitat\/noticies\/general\/jornada-tecnica-en-linea-recursos-per-la-gestio-economica-duna-finca-agroramadera-dovi-de-carn-ecologica\/"]}]},{"@type":"ImageObject","inLanguage":"es","@id":"https:\/\/www.covb.cat\/es\/actualitat\/noticies\/general\/jornada-tecnica-en-linea-recursos-per-la-gestio-economica-duna-finca-agroramadera-dovi-de-carn-ecologica\/#primaryimage","url":"https:\/\/www.covb.cat\/wp-content\/uploads\/2021\/11\/finca_ramadera.png","contentUrl":"https:\/\/www.covb.cat\/wp-content\/uploads\/2021\/11\/finca_ramadera.png","width":559,"height":404},{"@type":"BreadcrumbList","@id":"https:\/\/www.covb.cat\/es\/actualitat\/noticies\/general\/jornada-tecnica-en-linea-recursos-per-la-gestio-economica-duna-finca-agroramadera-dovi-de-carn-ecologica\/#breadcrumb","itemListElement":[{"@type":"ListItem","position":1,"name":"Inici","item":"https:\/\/www.covb.cat\/es\/"},{"@type":"ListItem","position":2,"name":"Jornada t\u00e9cnica en l\u00ednea: Recursos per la gesti\u00f3 econ\u00f2mica d\u2019una finca agroramadera d\u2019ov\u00ed de carn ecol\u00f2gica"}]},{"@type":"WebSite","@id":"https:\/\/www.covb.cat\/es\/#website","url":"https:\/\/www.covb.cat\/es\/","name":"COVB","description":"Col\u00b7legi Oficial de Veterinaris de Barcelona","publisher":{"@id":"https:\/\/www.covb.cat\/es\/#organization"},"potentialAction":[{"@type":"SearchAction","target":{"@type":"EntryPoint","urlTemplate":"https:\/\/www.covb.cat\/es\/?s={search_term_string}"},"query-input":{"@type":"PropertyValueSpecification","valueRequired":true,"valueName":"search_term_string"}}],"inLanguage":"es"},{"@type":"Organization","@id":"https:\/\/www.covb.cat\/es\/#organization","name":"COVB","url":"https:\/\/www.covb.cat\/es\/","logo":{"@type":"ImageObject","inLanguage":"es","@id":"https:\/\/www.covb.cat\/es\/#\/schema\/logo\/image\/","url":"https:\/\/www.covb.cat\/wp-content\/uploads\/2018\/07\/favicon-covb.png","contentUrl":"https:\/\/www.covb.cat\/wp-content\/uploads\/2018\/07\/favicon-covb.png","width":512,"height":512,"caption":"COVB"},"image":{"@id":"https:\/\/www.covb.cat\/es\/#\/schema\/logo\/image\/"},"sameAs":["https:\/\/www.facebook.com\/COVBcat\/","https:\/\/x.com\/COVBcat","https:\/\/www.youtube.com\/user\/covbcn"]},{"@type":"Person","@id":""}]}},"jetpack_featured_media_url":"https:\/\/www.covb.cat\/wp-content\/uploads\/2021\/11\/finca_ramadera.png","jetpack_sharing_enabled":true,"_links":{"self":[{"href":"https:\/\/www.covb.cat\/es\/wp-json\/wp\/v2\/posts\/13325","targetHints":{"allow":["GET"]}}],"collection":[{"href":"https:\/\/www.covb.cat\/es\/wp-json\/wp\/v2\/posts"}],"about":[{"href":"https:\/\/www.covb.cat\/es\/wp-json\/wp\/v2\/types\/post"}],"author":[{"embeddable":true,"href":"https:\/\/www.covb.cat\/es\/wp-json\/wp\/v2\/users\/106"}],"replies":[{"embeddable":true,"href":"https:\/\/www.covb.cat\/es\/wp-json\/wp\/v2\/comments?post=13325"}],"version-history":[{"count":0,"href":"https:\/\/www.covb.cat\/es\/wp-json\/wp\/v2\/posts\/13325\/revisions"}],"wp:featuredmedia":[{"embeddable":true,"href":"https:\/\/www.covb.cat\/es\/wp-json\/wp\/v2\/media\/13323"}],"wp:attachment":[{"href":"https:\/\/www.covb.cat\/es\/wp-json\/wp\/v2\/media?parent=13325"}],"wp:term":[{"taxonomy":"category","embeddable":true,"href":"https:\/\/www.covb.cat\/es\/wp-json\/wp\/v2\/categories?post=13325"},{"taxonomy":"post_tag","embeddable":true,"href":"https:\/\/www.covb.cat\/es\/wp-json\/wp\/v2\/tags?post=13325"}],"curies":[{"name":"wp","href":"https:\/\/api.w.org\/{rel}","templated":true}]}}