{"id":13155,"date":"2021-10-29T15:53:00","date_gmt":"2021-10-29T13:53:00","guid":{"rendered":"https:\/\/www.covb.cat\/?p=13155"},"modified":"2021-10-29T15:53:00","modified_gmt":"2021-10-29T13:53:00","slug":"el-covb-se-reune-con-sandra-guaita-diputada-del-psc","status":"publish","type":"post","link":"https:\/\/www.covb.cat\/es\/actualitat\/noticies\/general\/el-covb-se-reune-con-sandra-guaita-diputada-del-psc\/","title":{"rendered":"El COVB se re\u00fane con Sandra Guaita, diputada del PSC"},"content":{"rendered":"<p>La semana pasada el vicepresidente del COVB, Ricard Par\u00e9s, se reuni\u00f3 con Sandra Guaita, diputada y secretaria nacional de Ciencia del Partit dels Socialistes de Catalunya y responsable de los temas relacionados con veterinaria, bienestar y protecci\u00f3n animal.<\/p>\n<p>Este encuentro surgi\u00f3 a ra\u00edz de la publicaci\u00f3n en El Peri\u00f3dico de Catalunya de un art\u00edculo de opini\u00f3n sobre el anteproyecto de Ley de Protecci\u00f3n y Derechos de los Animales firmado por Ricard Par\u00e9s y Ramon Ced\u00f3 como presidente y vicepresidente respectivamente del Consell de Col\u00b7legis Veterinaris de Catalunya. Durante la reuni\u00f3n se comentaron las l\u00edneas generales del anteproyecto de ley, y Ricard Par\u00e9s explic\u00f3 a la diputada el trabajo que el COVB realiza en algunos de los temas que regula el anteproyecto como la tenencia responsable de animales de compa\u00f1\u00eda, la gesti\u00f3n de las colonias felinas o la identificaci\u00f3n electr\u00f3nica a trav\u00e9s del AIAC, un archivo creado y gestionado por los veterinarios y que cada a\u00f1o permite localizar a cerca de 3.500 animales perdidos.<\/p>\n<p>El COVB se ha marcado el objetivo de reunirse con diferentes representantes pol\u00edticos para dar a conocer la labor de los veterinarios y que as\u00ed, est\u00e9 bien considerada en la futura Ley.<\/p>\n","protected":false},"excerpt":{"rendered":"<p>La semana pasada el vicepresidente del COVB, Ricard Par\u00e9s, se reuni\u00f3 con Sandra Guaita, diputada y secretaria nacional de Ciencia del Partit dels Socialistes de Catalunya y responsable de los temas relacionados con veterinaria, bienestar y protecci\u00f3n animal. Este encuentro surgi\u00f3 a ra\u00edz de la publicaci\u00f3n en El Peri\u00f3dico de Catalunya de un art\u00edculo de [&hellip;]<\/p>\n","protected":false},"author":106,"featured_media":13153,"comment_status":"closed","ping_status":"closed","sticky":false,"template":"","format":"standard","meta":{"_monsterinsights_skip_tracking":false,"_monsterinsights_sitenote_active":false,"_monsterinsights_sitenote_note":"","_monsterinsights_sitenote_category":0,"_jetpack_memberships_contains_paid_content":false,"footnotes":""},"categories":[138,17],"tags":[],"class_list":["post-13155","post","type-post","status-publish","format-standard","has-post-thumbnail","hentry","category-corporativo","category-general"],"yoast_head":"<!-- This site is optimized with the Yoast SEO plugin v27.0 - https:\/\/yoast.com\/product\/yoast-seo-wordpress\/ -->\n<title>El COVB se re\u00fane con Sandra Guaita, diputada del PSC - COVB - Col\u00b7legi Oficial de Veterinaris de Barcelona<\/title>\n<meta name=\"description\" content=\"La semana pasada el vicepresidente del COVB, Ricard Par\u00e9s, se reuni\u00f3 con Sandra Guaita, diputada y secretaria nacional de Ciencia del Partit dels\" \/>\n<meta name=\"robots\" content=\"index, follow, max-snippet:-1, max-image-preview:large, max-video-preview:-1\" \/>\n<link rel=\"canonical\" href=\"https:\/\/www.covb.cat\/es\/actualitat\/noticies\/general\/el-covb-se-reune-con-sandra-guaita-diputada-del-psc\/\" \/>\n<meta property=\"og:locale\" content=\"es_ES\" \/>\n<meta property=\"og:type\" content=\"article\" \/>\n<meta property=\"og:title\" content=\"El COVB se re\u00fane con Sandra Guaita, diputada del PSC - COVB - Col\u00b7legi Oficial de Veterinaris de Barcelona\" \/>\n<meta property=\"og:description\" content=\"La semana pasada el vicepresidente del COVB, Ricard Par\u00e9s, se reuni\u00f3 con Sandra Guaita, diputada y secretaria nacional de Ciencia del Partit dels\" \/>\n<meta property=\"og:url\" content=\"https:\/\/www.covb.cat\/es\/actualitat\/noticies\/general\/el-covb-se-reune-con-sandra-guaita-diputada-del-psc\/\" \/>\n<meta property=\"og:site_name\" content=\"COVB\" \/>\n<meta property=\"article:publisher\" content=\"https:\/\/www.facebook.com\/COVBcat\/\" \/>\n<meta property=\"article:published_time\" content=\"2021-10-29T13:53:00+00:00\" \/>\n<meta property=\"og:image\" content=\"https:\/\/www.covb.cat\/wp-content\/uploads\/2021\/10\/Fotografia-Reunio-COVB-Sandra-Guaita-diputada-del-PSC.jpg\" \/>\n\t<meta property=\"og:image:width\" content=\"1444\" \/>\n\t<meta property=\"og:image:height\" content=\"2048\" \/>\n\t<meta property=\"og:image:type\" content=\"image\/jpeg\" \/>\n<meta name=\"twitter:card\" content=\"summary_large_image\" \/>\n<meta name=\"twitter:creator\" content=\"@COVBcat\" \/>\n<meta name=\"twitter:site\" content=\"@COVBcat\" \/>\n<meta name=\"twitter:label1\" content=\"Escrito por\" \/>\n\t<meta name=\"twitter:data1\" content=\"\" \/>\n\t<meta name=\"twitter:label2\" content=\"Tiempo de lectura\" \/>\n\t<meta name=\"twitter:data2\" content=\"1 minuto\" \/>\n<script type=\"application\/ld+json\" class=\"yoast-schema-graph\">{\"@context\":\"https:\/\/schema.org\",\"@graph\":[{\"@type\":\"Article\",\"@id\":\"https:\/\/www.covb.cat\/es\/actualitat\/noticies\/general\/el-covb-se-reune-con-sandra-guaita-diputada-del-psc\/#article\",\"isPartOf\":{\"@id\":\"https:\/\/www.covb.cat\/es\/actualitat\/noticies\/general\/el-covb-se-reune-con-sandra-guaita-diputada-del-psc\/\"},\"author\":{\"name\":\"\",\"@id\":\"\"},\"headline\":\"El COVB se re\u00fane con Sandra Guaita, diputada del PSC\",\"datePublished\":\"2021-10-29T13:53:00+00:00\",\"mainEntityOfPage\":{\"@id\":\"https:\/\/www.covb.cat\/es\/actualitat\/noticies\/general\/el-covb-se-reune-con-sandra-guaita-diputada-del-psc\/\"},\"wordCount\":225,\"publisher\":{\"@id\":\"https:\/\/www.covb.cat\/es\/#organization\"},\"image\":{\"@id\":\"https:\/\/www.covb.cat\/es\/actualitat\/noticies\/general\/el-covb-se-reune-con-sandra-guaita-diputada-del-psc\/#primaryimage\"},\"thumbnailUrl\":\"https:\/\/www.covb.cat\/wp-content\/uploads\/2021\/10\/Fotografia-Reunio-COVB-Sandra-Guaita-diputada-del-PSC.jpg\",\"articleSection\":[\"Corporativo\",\"General\"],\"inLanguage\":\"es\"},{\"@type\":\"WebPage\",\"@id\":\"https:\/\/www.covb.cat\/es\/actualitat\/noticies\/general\/el-covb-se-reune-con-sandra-guaita-diputada-del-psc\/\",\"url\":\"https:\/\/www.covb.cat\/es\/actualitat\/noticies\/general\/el-covb-se-reune-con-sandra-guaita-diputada-del-psc\/\",\"name\":\"El COVB se re\u00fane con Sandra Guaita, diputada del PSC - COVB - Col\u00b7legi Oficial de Veterinaris de Barcelona\",\"isPartOf\":{\"@id\":\"https:\/\/www.covb.cat\/es\/#website\"},\"primaryImageOfPage\":{\"@id\":\"https:\/\/www.covb.cat\/es\/actualitat\/noticies\/general\/el-covb-se-reune-con-sandra-guaita-diputada-del-psc\/#primaryimage\"},\"image\":{\"@id\":\"https:\/\/www.covb.cat\/es\/actualitat\/noticies\/general\/el-covb-se-reune-con-sandra-guaita-diputada-del-psc\/#primaryimage\"},\"thumbnailUrl\":\"https:\/\/www.covb.cat\/wp-content\/uploads\/2021\/10\/Fotografia-Reunio-COVB-Sandra-Guaita-diputada-del-PSC.jpg\",\"datePublished\":\"2021-10-29T13:53:00+00:00\",\"description\":\"La semana pasada el vicepresidente del COVB, Ricard Par\u00e9s, se reuni\u00f3 con Sandra Guaita, diputada y secretaria nacional de Ciencia del Partit dels\",\"breadcrumb\":{\"@id\":\"https:\/\/www.covb.cat\/es\/actualitat\/noticies\/general\/el-covb-se-reune-con-sandra-guaita-diputada-del-psc\/#breadcrumb\"},\"inLanguage\":\"es\",\"potentialAction\":[{\"@type\":\"ReadAction\",\"target\":[\"https:\/\/www.covb.cat\/es\/actualitat\/noticies\/general\/el-covb-se-reune-con-sandra-guaita-diputada-del-psc\/\"]}]},{\"@type\":\"ImageObject\",\"inLanguage\":\"es\",\"@id\":\"https:\/\/www.covb.cat\/es\/actualitat\/noticies\/general\/el-covb-se-reune-con-sandra-guaita-diputada-del-psc\/#primaryimage\",\"url\":\"https:\/\/www.covb.cat\/wp-content\/uploads\/2021\/10\/Fotografia-Reunio-COVB-Sandra-Guaita-diputada-del-PSC.jpg\",\"contentUrl\":\"https:\/\/www.covb.cat\/wp-content\/uploads\/2021\/10\/Fotografia-Reunio-COVB-Sandra-Guaita-diputada-del-PSC.jpg\",\"width\":1444,\"height\":2048},{\"@type\":\"BreadcrumbList\",\"@id\":\"https:\/\/www.covb.cat\/es\/actualitat\/noticies\/general\/el-covb-se-reune-con-sandra-guaita-diputada-del-psc\/#breadcrumb\",\"itemListElement\":[{\"@type\":\"ListItem\",\"position\":1,\"name\":\"Inici\",\"item\":\"https:\/\/www.covb.cat\/es\/\"},{\"@type\":\"ListItem\",\"position\":2,\"name\":\"El COVB se re\u00fane con Sandra Guaita, diputada del PSC\"}]},{\"@type\":\"WebSite\",\"@id\":\"https:\/\/www.covb.cat\/es\/#website\",\"url\":\"https:\/\/www.covb.cat\/es\/\",\"name\":\"COVB\",\"description\":\"Col\u00b7legi Oficial de Veterinaris de Barcelona\",\"publisher\":{\"@id\":\"https:\/\/www.covb.cat\/es\/#organization\"},\"potentialAction\":[{\"@type\":\"SearchAction\",\"target\":{\"@type\":\"EntryPoint\",\"urlTemplate\":\"https:\/\/www.covb.cat\/es\/?s={search_term_string}\"},\"query-input\":{\"@type\":\"PropertyValueSpecification\",\"valueRequired\":true,\"valueName\":\"search_term_string\"}}],\"inLanguage\":\"es\"},{\"@type\":\"Organization\",\"@id\":\"https:\/\/www.covb.cat\/es\/#organization\",\"name\":\"COVB\",\"url\":\"https:\/\/www.covb.cat\/es\/\",\"logo\":{\"@type\":\"ImageObject\",\"inLanguage\":\"es\",\"@id\":\"https:\/\/www.covb.cat\/es\/#\/schema\/logo\/image\/\",\"url\":\"https:\/\/www.covb.cat\/wp-content\/uploads\/2018\/07\/favicon-covb.png\",\"contentUrl\":\"https:\/\/www.covb.cat\/wp-content\/uploads\/2018\/07\/favicon-covb.png\",\"width\":512,\"height\":512,\"caption\":\"COVB\"},\"image\":{\"@id\":\"https:\/\/www.covb.cat\/es\/#\/schema\/logo\/image\/\"},\"sameAs\":[\"https:\/\/www.facebook.com\/COVBcat\/\",\"https:\/\/x.com\/COVBcat\",\"https:\/\/www.youtube.com\/user\/covbcn\"]},{\"@type\":\"Person\",\"@id\":\"\"}]}<\/script>\n<!-- \/ Yoast SEO plugin. -->","yoast_head_json":{"title":"El COVB se re\u00fane con Sandra Guaita, diputada del PSC - COVB - Col\u00b7legi Oficial de Veterinaris de Barcelona","description":"La semana pasada el vicepresidente del COVB, Ricard Par\u00e9s, se reuni\u00f3 con Sandra Guaita, diputada y secretaria nacional de Ciencia del Partit dels","robots":{"index":"index","follow":"follow","max-snippet":"max-snippet:-1","max-image-preview":"max-image-preview:large","max-video-preview":"max-video-preview:-1"},"canonical":"https:\/\/www.covb.cat\/es\/actualitat\/noticies\/general\/el-covb-se-reune-con-sandra-guaita-diputada-del-psc\/","og_locale":"es_ES","og_type":"article","og_title":"El COVB se re\u00fane con Sandra Guaita, diputada del PSC - COVB - Col\u00b7legi Oficial de Veterinaris de Barcelona","og_description":"La semana pasada el vicepresidente del COVB, Ricard Par\u00e9s, se reuni\u00f3 con Sandra Guaita, diputada y secretaria nacional de Ciencia del Partit dels","og_url":"https:\/\/www.covb.cat\/es\/actualitat\/noticies\/general\/el-covb-se-reune-con-sandra-guaita-diputada-del-psc\/","og_site_name":"COVB","article_publisher":"https:\/\/www.facebook.com\/COVBcat\/","article_published_time":"2021-10-29T13:53:00+00:00","og_image":[{"width":1444,"height":2048,"url":"https:\/\/www.covb.cat\/wp-content\/uploads\/2021\/10\/Fotografia-Reunio-COVB-Sandra-Guaita-diputada-del-PSC.jpg","type":"image\/jpeg"}],"twitter_card":"summary_large_image","twitter_creator":"@COVBcat","twitter_site":"@COVBcat","twitter_misc":{"Escrito por":"","Tiempo de lectura":"1 minuto"},"schema":{"@context":"https:\/\/schema.org","@graph":[{"@type":"Article","@id":"https:\/\/www.covb.cat\/es\/actualitat\/noticies\/general\/el-covb-se-reune-con-sandra-guaita-diputada-del-psc\/#article","isPartOf":{"@id":"https:\/\/www.covb.cat\/es\/actualitat\/noticies\/general\/el-covb-se-reune-con-sandra-guaita-diputada-del-psc\/"},"author":{"name":"","@id":""},"headline":"El COVB se re\u00fane con Sandra Guaita, diputada del PSC","datePublished":"2021-10-29T13:53:00+00:00","mainEntityOfPage":{"@id":"https:\/\/www.covb.cat\/es\/actualitat\/noticies\/general\/el-covb-se-reune-con-sandra-guaita-diputada-del-psc\/"},"wordCount":225,"publisher":{"@id":"https:\/\/www.covb.cat\/es\/#organization"},"image":{"@id":"https:\/\/www.covb.cat\/es\/actualitat\/noticies\/general\/el-covb-se-reune-con-sandra-guaita-diputada-del-psc\/#primaryimage"},"thumbnailUrl":"https:\/\/www.covb.cat\/wp-content\/uploads\/2021\/10\/Fotografia-Reunio-COVB-Sandra-Guaita-diputada-del-PSC.jpg","articleSection":["Corporativo","General"],"inLanguage":"es"},{"@type":"WebPage","@id":"https:\/\/www.covb.cat\/es\/actualitat\/noticies\/general\/el-covb-se-reune-con-sandra-guaita-diputada-del-psc\/","url":"https:\/\/www.covb.cat\/es\/actualitat\/noticies\/general\/el-covb-se-reune-con-sandra-guaita-diputada-del-psc\/","name":"El COVB se re\u00fane con Sandra Guaita, diputada del PSC - COVB - Col\u00b7legi Oficial de Veterinaris de Barcelona","isPartOf":{"@id":"https:\/\/www.covb.cat\/es\/#website"},"primaryImageOfPage":{"@id":"https:\/\/www.covb.cat\/es\/actualitat\/noticies\/general\/el-covb-se-reune-con-sandra-guaita-diputada-del-psc\/#primaryimage"},"image":{"@id":"https:\/\/www.covb.cat\/es\/actualitat\/noticies\/general\/el-covb-se-reune-con-sandra-guaita-diputada-del-psc\/#primaryimage"},"thumbnailUrl":"https:\/\/www.covb.cat\/wp-content\/uploads\/2021\/10\/Fotografia-Reunio-COVB-Sandra-Guaita-diputada-del-PSC.jpg","datePublished":"2021-10-29T13:53:00+00:00","description":"La semana pasada el vicepresidente del COVB, Ricard Par\u00e9s, se reuni\u00f3 con Sandra Guaita, diputada y secretaria nacional de Ciencia del Partit dels","breadcrumb":{"@id":"https:\/\/www.covb.cat\/es\/actualitat\/noticies\/general\/el-covb-se-reune-con-sandra-guaita-diputada-del-psc\/#breadcrumb"},"inLanguage":"es","potentialAction":[{"@type":"ReadAction","target":["https:\/\/www.covb.cat\/es\/actualitat\/noticies\/general\/el-covb-se-reune-con-sandra-guaita-diputada-del-psc\/"]}]},{"@type":"ImageObject","inLanguage":"es","@id":"https:\/\/www.covb.cat\/es\/actualitat\/noticies\/general\/el-covb-se-reune-con-sandra-guaita-diputada-del-psc\/#primaryimage","url":"https:\/\/www.covb.cat\/wp-content\/uploads\/2021\/10\/Fotografia-Reunio-COVB-Sandra-Guaita-diputada-del-PSC.jpg","contentUrl":"https:\/\/www.covb.cat\/wp-content\/uploads\/2021\/10\/Fotografia-Reunio-COVB-Sandra-Guaita-diputada-del-PSC.jpg","width":1444,"height":2048},{"@type":"BreadcrumbList","@id":"https:\/\/www.covb.cat\/es\/actualitat\/noticies\/general\/el-covb-se-reune-con-sandra-guaita-diputada-del-psc\/#breadcrumb","itemListElement":[{"@type":"ListItem","position":1,"name":"Inici","item":"https:\/\/www.covb.cat\/es\/"},{"@type":"ListItem","position":2,"name":"El COVB se re\u00fane con Sandra Guaita, diputada del PSC"}]},{"@type":"WebSite","@id":"https:\/\/www.covb.cat\/es\/#website","url":"https:\/\/www.covb.cat\/es\/","name":"COVB","description":"Col\u00b7legi Oficial de Veterinaris de Barcelona","publisher":{"@id":"https:\/\/www.covb.cat\/es\/#organization"},"potentialAction":[{"@type":"SearchAction","target":{"@type":"EntryPoint","urlTemplate":"https:\/\/www.covb.cat\/es\/?s={search_term_string}"},"query-input":{"@type":"PropertyValueSpecification","valueRequired":true,"valueName":"search_term_string"}}],"inLanguage":"es"},{"@type":"Organization","@id":"https:\/\/www.covb.cat\/es\/#organization","name":"COVB","url":"https:\/\/www.covb.cat\/es\/","logo":{"@type":"ImageObject","inLanguage":"es","@id":"https:\/\/www.covb.cat\/es\/#\/schema\/logo\/image\/","url":"https:\/\/www.covb.cat\/wp-content\/uploads\/2018\/07\/favicon-covb.png","contentUrl":"https:\/\/www.covb.cat\/wp-content\/uploads\/2018\/07\/favicon-covb.png","width":512,"height":512,"caption":"COVB"},"image":{"@id":"https:\/\/www.covb.cat\/es\/#\/schema\/logo\/image\/"},"sameAs":["https:\/\/www.facebook.com\/COVBcat\/","https:\/\/x.com\/COVBcat","https:\/\/www.youtube.com\/user\/covbcn"]},{"@type":"Person","@id":""}]}},"jetpack_featured_media_url":"https:\/\/www.covb.cat\/wp-content\/uploads\/2021\/10\/Fotografia-Reunio-COVB-Sandra-Guaita-diputada-del-PSC.jpg","jetpack_sharing_enabled":true,"_links":{"self":[{"href":"https:\/\/www.covb.cat\/es\/wp-json\/wp\/v2\/posts\/13155","targetHints":{"allow":["GET"]}}],"collection":[{"href":"https:\/\/www.covb.cat\/es\/wp-json\/wp\/v2\/posts"}],"about":[{"href":"https:\/\/www.covb.cat\/es\/wp-json\/wp\/v2\/types\/post"}],"author":[{"embeddable":true,"href":"https:\/\/www.covb.cat\/es\/wp-json\/wp\/v2\/users\/106"}],"replies":[{"embeddable":true,"href":"https:\/\/www.covb.cat\/es\/wp-json\/wp\/v2\/comments?post=13155"}],"version-history":[{"count":0,"href":"https:\/\/www.covb.cat\/es\/wp-json\/wp\/v2\/posts\/13155\/revisions"}],"wp:featuredmedia":[{"embeddable":true,"href":"https:\/\/www.covb.cat\/es\/wp-json\/wp\/v2\/media\/13153"}],"wp:attachment":[{"href":"https:\/\/www.covb.cat\/es\/wp-json\/wp\/v2\/media?parent=13155"}],"wp:term":[{"taxonomy":"category","embeddable":true,"href":"https:\/\/www.covb.cat\/es\/wp-json\/wp\/v2\/categories?post=13155"},{"taxonomy":"post_tag","embeddable":true,"href":"https:\/\/www.covb.cat\/es\/wp-json\/wp\/v2\/tags?post=13155"}],"curies":[{"name":"wp","href":"https:\/\/api.w.org\/{rel}","templated":true}]}}