{"id":12733,"date":"2021-10-18T16:28:35","date_gmt":"2021-10-18T14:28:35","guid":{"rendered":"https:\/\/www.covb.cat\/?p=12733"},"modified":"2021-10-18T16:28:35","modified_gmt":"2021-10-18T14:28:35","slug":"curso-en-linea-actualizacion-de-los-metodos-de-lucha-contra-la-vespa-velutina","status":"publish","type":"post","link":"https:\/\/www.covb.cat\/es\/actualitat\/noticies\/general\/curso-en-linea-actualizacion-de-los-metodos-de-lucha-contra-la-vespa-velutina\/","title":{"rendered":"Curso en l\u00ednea: \u00abActualizaci\u00f3n de los m\u00e9todos de lucha contra la Vespa velutina\u00bb"},"content":{"rendered":"<p>El marte 19 de octubre de 12:30h a 14:15h se organiza en el marco del <strong>Pla Anual de Transfer\u00e8ncia Tecnol\u00f2gica (<\/strong>PATT) una nueva actividad en l\u00ednea sobre la lucha contra la avispa velutina.<\/p>\n<p>La avispa velutina es una especie invasora que supone un problema con tres caras: la medioambiental por la competitividad con las especies aut\u00f3ctonas, la de salud p\u00fablica por las picadas, y la que hace referencia a la producci\u00f3n ap\u00edcola.<\/p>\n<p>En esta sesi\u00f3n se valorar\u00e1n los diferentes sistemas empleados en la lucha contra esta avispa y se describir\u00e1n los principales h\u00e1bitats donde se encuentra.<\/p>\n<p>Si quer\u00e9is asistir, pod\u00e9is \u00a0<a href=\"https:\/\/ruralcat.gencat.cat\/web\/guest\/transferencia\/preinscripcio-jornada-tecnica?p_auth=um6zOMQ4&amp;p_p_id=JornadesPATT_WAR_jornadesPATT100SNAPSHOT&amp;p_p_lifecycle=1&amp;p_p_state=normal&amp;p_p_mode=view&amp;p_p_col_id=column-1&amp;p_p_col_pos=2&amp;p_p_col_count=3&amp;cmd=subscribeJornada&amp;idJornada=4042914\">inscribiros <\/a>\u00a0a trav\u00e9s del portal RuralCat.<\/p>\n<p><a href=\"https:\/\/mcusercontent.com\/c131463000c5688473b8b34ba\/files\/b2053af6-5ef0-9e2e-ca61-b3cd11aa3f53\/Jornada_Vespa_Velutina.pdf\">Programa de la Jornada<\/a><\/p>\n","protected":false},"excerpt":{"rendered":"<p>El marte 19 de octubre de 12:30h a 14:15h se organiza en el marco del Pla Anual de Transfer\u00e8ncia Tecnol\u00f2gica (PATT) una nueva actividad en l\u00ednea sobre la lucha contra la avispa velutina. La avispa velutina es una especie invasora que supone un problema con tres caras: la medioambiental por la competitividad con las especies [&hellip;]<\/p>\n","protected":false},"author":106,"featured_media":12668,"comment_status":"closed","ping_status":"closed","sticky":false,"template":"","format":"standard","meta":{"_monsterinsights_skip_tracking":false,"_monsterinsights_sitenote_active":false,"_monsterinsights_sitenote_note":"","_monsterinsights_sitenote_category":0,"_jetpack_memberships_contains_paid_content":false,"footnotes":""},"categories":[17],"tags":[],"class_list":["post-12733","post","type-post","status-publish","format-standard","has-post-thumbnail","hentry","category-general"],"yoast_head":"<!-- This site is optimized with the Yoast SEO plugin v27.0 - https:\/\/yoast.com\/product\/yoast-seo-wordpress\/ -->\n<title>Curso en l\u00ednea: &quot;Actualizaci\u00f3n de los m\u00e9todos de lucha contra la Vespa velutina&quot; - COVB - Col\u00b7legi Oficial de Veterinaris de Barcelona<\/title>\n<meta name=\"description\" content=\"El marte 19 de octubre de 12:30h a 14:15h se organiza en el marco del Pla Anual de Transfer\u00e8ncia Tecnol\u00f2gica (PATT) una nueva actividad en l\u00ednea sobre la\" \/>\n<meta name=\"robots\" content=\"index, follow, max-snippet:-1, max-image-preview:large, max-video-preview:-1\" \/>\n<link rel=\"canonical\" href=\"https:\/\/www.covb.cat\/es\/actualitat\/noticies\/general\/curso-en-linea-actualizacion-de-los-metodos-de-lucha-contra-la-vespa-velutina\/\" \/>\n<meta property=\"og:locale\" content=\"es_ES\" \/>\n<meta property=\"og:type\" content=\"article\" \/>\n<meta property=\"og:title\" content=\"Curso en l\u00ednea: &quot;Actualizaci\u00f3n de los m\u00e9todos de lucha contra la Vespa velutina&quot; - COVB - Col\u00b7legi Oficial de Veterinaris de Barcelona\" \/>\n<meta property=\"og:description\" content=\"El marte 19 de octubre de 12:30h a 14:15h se organiza en el marco del Pla Anual de Transfer\u00e8ncia Tecnol\u00f2gica (PATT) una nueva actividad en l\u00ednea sobre la\" \/>\n<meta property=\"og:url\" content=\"https:\/\/www.covb.cat\/es\/actualitat\/noticies\/general\/curso-en-linea-actualizacion-de-los-metodos-de-lucha-contra-la-vespa-velutina\/\" \/>\n<meta property=\"og:site_name\" content=\"COVB\" \/>\n<meta property=\"article:publisher\" content=\"https:\/\/www.facebook.com\/COVBcat\/\" \/>\n<meta property=\"article:published_time\" content=\"2021-10-18T14:28:35+00:00\" \/>\n<meta property=\"og:image\" content=\"https:\/\/www.covb.cat\/wp-content\/uploads\/2021\/10\/vespavelutina.png\" \/>\n\t<meta property=\"og:image:width\" content=\"502\" \/>\n\t<meta property=\"og:image:height\" content=\"339\" \/>\n\t<meta property=\"og:image:type\" content=\"image\/png\" \/>\n<meta name=\"twitter:card\" content=\"summary_large_image\" \/>\n<meta name=\"twitter:creator\" content=\"@COVBcat\" \/>\n<meta name=\"twitter:site\" content=\"@COVBcat\" \/>\n<meta name=\"twitter:label1\" content=\"Escrito por\" \/>\n\t<meta name=\"twitter:data1\" content=\"\" \/>\n\t<meta name=\"twitter:label2\" content=\"Tiempo de lectura\" \/>\n\t<meta name=\"twitter:data2\" content=\"1 minuto\" \/>\n<script type=\"application\/ld+json\" class=\"yoast-schema-graph\">{\"@context\":\"https:\/\/schema.org\",\"@graph\":[{\"@type\":\"Article\",\"@id\":\"https:\/\/www.covb.cat\/es\/actualitat\/noticies\/general\/curso-en-linea-actualizacion-de-los-metodos-de-lucha-contra-la-vespa-velutina\/#article\",\"isPartOf\":{\"@id\":\"https:\/\/www.covb.cat\/es\/actualitat\/noticies\/general\/curso-en-linea-actualizacion-de-los-metodos-de-lucha-contra-la-vespa-velutina\/\"},\"author\":{\"name\":\"\",\"@id\":\"\"},\"headline\":\"Curso en l\u00ednea: \u00abActualizaci\u00f3n de los m\u00e9todos de lucha contra la Vespa velutina\u00bb\",\"datePublished\":\"2021-10-18T14:28:35+00:00\",\"mainEntityOfPage\":{\"@id\":\"https:\/\/www.covb.cat\/es\/actualitat\/noticies\/general\/curso-en-linea-actualizacion-de-los-metodos-de-lucha-contra-la-vespa-velutina\/\"},\"wordCount\":139,\"publisher\":{\"@id\":\"https:\/\/www.covb.cat\/es\/#organization\"},\"image\":{\"@id\":\"https:\/\/www.covb.cat\/es\/actualitat\/noticies\/general\/curso-en-linea-actualizacion-de-los-metodos-de-lucha-contra-la-vespa-velutina\/#primaryimage\"},\"thumbnailUrl\":\"https:\/\/www.covb.cat\/wp-content\/uploads\/2021\/10\/vespavelutina.png\",\"articleSection\":[\"General\"],\"inLanguage\":\"es\"},{\"@type\":\"WebPage\",\"@id\":\"https:\/\/www.covb.cat\/es\/actualitat\/noticies\/general\/curso-en-linea-actualizacion-de-los-metodos-de-lucha-contra-la-vespa-velutina\/\",\"url\":\"https:\/\/www.covb.cat\/es\/actualitat\/noticies\/general\/curso-en-linea-actualizacion-de-los-metodos-de-lucha-contra-la-vespa-velutina\/\",\"name\":\"Curso en l\u00ednea: \\\"Actualizaci\u00f3n de los m\u00e9todos de lucha contra la Vespa velutina\\\" - COVB - Col\u00b7legi Oficial de Veterinaris de Barcelona\",\"isPartOf\":{\"@id\":\"https:\/\/www.covb.cat\/es\/#website\"},\"primaryImageOfPage\":{\"@id\":\"https:\/\/www.covb.cat\/es\/actualitat\/noticies\/general\/curso-en-linea-actualizacion-de-los-metodos-de-lucha-contra-la-vespa-velutina\/#primaryimage\"},\"image\":{\"@id\":\"https:\/\/www.covb.cat\/es\/actualitat\/noticies\/general\/curso-en-linea-actualizacion-de-los-metodos-de-lucha-contra-la-vespa-velutina\/#primaryimage\"},\"thumbnailUrl\":\"https:\/\/www.covb.cat\/wp-content\/uploads\/2021\/10\/vespavelutina.png\",\"datePublished\":\"2021-10-18T14:28:35+00:00\",\"description\":\"El marte 19 de octubre de 12:30h a 14:15h se organiza en el marco del Pla Anual de Transfer\u00e8ncia Tecnol\u00f2gica (PATT) una nueva actividad en l\u00ednea sobre la\",\"breadcrumb\":{\"@id\":\"https:\/\/www.covb.cat\/es\/actualitat\/noticies\/general\/curso-en-linea-actualizacion-de-los-metodos-de-lucha-contra-la-vespa-velutina\/#breadcrumb\"},\"inLanguage\":\"es\",\"potentialAction\":[{\"@type\":\"ReadAction\",\"target\":[\"https:\/\/www.covb.cat\/es\/actualitat\/noticies\/general\/curso-en-linea-actualizacion-de-los-metodos-de-lucha-contra-la-vespa-velutina\/\"]}]},{\"@type\":\"ImageObject\",\"inLanguage\":\"es\",\"@id\":\"https:\/\/www.covb.cat\/es\/actualitat\/noticies\/general\/curso-en-linea-actualizacion-de-los-metodos-de-lucha-contra-la-vespa-velutina\/#primaryimage\",\"url\":\"https:\/\/www.covb.cat\/wp-content\/uploads\/2021\/10\/vespavelutina.png\",\"contentUrl\":\"https:\/\/www.covb.cat\/wp-content\/uploads\/2021\/10\/vespavelutina.png\",\"width\":502,\"height\":339},{\"@type\":\"BreadcrumbList\",\"@id\":\"https:\/\/www.covb.cat\/es\/actualitat\/noticies\/general\/curso-en-linea-actualizacion-de-los-metodos-de-lucha-contra-la-vespa-velutina\/#breadcrumb\",\"itemListElement\":[{\"@type\":\"ListItem\",\"position\":1,\"name\":\"Inici\",\"item\":\"https:\/\/www.covb.cat\/es\/\"},{\"@type\":\"ListItem\",\"position\":2,\"name\":\"Curso en l\u00ednea: \u00abActualizaci\u00f3n de los m\u00e9todos de lucha contra la Vespa velutina\u00bb\"}]},{\"@type\":\"WebSite\",\"@id\":\"https:\/\/www.covb.cat\/es\/#website\",\"url\":\"https:\/\/www.covb.cat\/es\/\",\"name\":\"COVB\",\"description\":\"Col\u00b7legi Oficial de Veterinaris de Barcelona\",\"publisher\":{\"@id\":\"https:\/\/www.covb.cat\/es\/#organization\"},\"potentialAction\":[{\"@type\":\"SearchAction\",\"target\":{\"@type\":\"EntryPoint\",\"urlTemplate\":\"https:\/\/www.covb.cat\/es\/?s={search_term_string}\"},\"query-input\":{\"@type\":\"PropertyValueSpecification\",\"valueRequired\":true,\"valueName\":\"search_term_string\"}}],\"inLanguage\":\"es\"},{\"@type\":\"Organization\",\"@id\":\"https:\/\/www.covb.cat\/es\/#organization\",\"name\":\"COVB\",\"url\":\"https:\/\/www.covb.cat\/es\/\",\"logo\":{\"@type\":\"ImageObject\",\"inLanguage\":\"es\",\"@id\":\"https:\/\/www.covb.cat\/es\/#\/schema\/logo\/image\/\",\"url\":\"https:\/\/www.covb.cat\/wp-content\/uploads\/2018\/07\/favicon-covb.png\",\"contentUrl\":\"https:\/\/www.covb.cat\/wp-content\/uploads\/2018\/07\/favicon-covb.png\",\"width\":512,\"height\":512,\"caption\":\"COVB\"},\"image\":{\"@id\":\"https:\/\/www.covb.cat\/es\/#\/schema\/logo\/image\/\"},\"sameAs\":[\"https:\/\/www.facebook.com\/COVBcat\/\",\"https:\/\/x.com\/COVBcat\",\"https:\/\/www.youtube.com\/user\/covbcn\"]},{\"@type\":\"Person\",\"@id\":\"\"}]}<\/script>\n<!-- \/ Yoast SEO plugin. -->","yoast_head_json":{"title":"Curso en l\u00ednea: \"Actualizaci\u00f3n de los m\u00e9todos de lucha contra la Vespa velutina\" - COVB - Col\u00b7legi Oficial de Veterinaris de Barcelona","description":"El marte 19 de octubre de 12:30h a 14:15h se organiza en el marco del Pla Anual de Transfer\u00e8ncia Tecnol\u00f2gica (PATT) una nueva actividad en l\u00ednea sobre la","robots":{"index":"index","follow":"follow","max-snippet":"max-snippet:-1","max-image-preview":"max-image-preview:large","max-video-preview":"max-video-preview:-1"},"canonical":"https:\/\/www.covb.cat\/es\/actualitat\/noticies\/general\/curso-en-linea-actualizacion-de-los-metodos-de-lucha-contra-la-vespa-velutina\/","og_locale":"es_ES","og_type":"article","og_title":"Curso en l\u00ednea: \"Actualizaci\u00f3n de los m\u00e9todos de lucha contra la Vespa velutina\" - COVB - Col\u00b7legi Oficial de Veterinaris de Barcelona","og_description":"El marte 19 de octubre de 12:30h a 14:15h se organiza en el marco del Pla Anual de Transfer\u00e8ncia Tecnol\u00f2gica (PATT) una nueva actividad en l\u00ednea sobre la","og_url":"https:\/\/www.covb.cat\/es\/actualitat\/noticies\/general\/curso-en-linea-actualizacion-de-los-metodos-de-lucha-contra-la-vespa-velutina\/","og_site_name":"COVB","article_publisher":"https:\/\/www.facebook.com\/COVBcat\/","article_published_time":"2021-10-18T14:28:35+00:00","og_image":[{"width":502,"height":339,"url":"https:\/\/www.covb.cat\/wp-content\/uploads\/2021\/10\/vespavelutina.png","type":"image\/png"}],"twitter_card":"summary_large_image","twitter_creator":"@COVBcat","twitter_site":"@COVBcat","twitter_misc":{"Escrito por":"","Tiempo de lectura":"1 minuto"},"schema":{"@context":"https:\/\/schema.org","@graph":[{"@type":"Article","@id":"https:\/\/www.covb.cat\/es\/actualitat\/noticies\/general\/curso-en-linea-actualizacion-de-los-metodos-de-lucha-contra-la-vespa-velutina\/#article","isPartOf":{"@id":"https:\/\/www.covb.cat\/es\/actualitat\/noticies\/general\/curso-en-linea-actualizacion-de-los-metodos-de-lucha-contra-la-vespa-velutina\/"},"author":{"name":"","@id":""},"headline":"Curso en l\u00ednea: \u00abActualizaci\u00f3n de los m\u00e9todos de lucha contra la Vespa velutina\u00bb","datePublished":"2021-10-18T14:28:35+00:00","mainEntityOfPage":{"@id":"https:\/\/www.covb.cat\/es\/actualitat\/noticies\/general\/curso-en-linea-actualizacion-de-los-metodos-de-lucha-contra-la-vespa-velutina\/"},"wordCount":139,"publisher":{"@id":"https:\/\/www.covb.cat\/es\/#organization"},"image":{"@id":"https:\/\/www.covb.cat\/es\/actualitat\/noticies\/general\/curso-en-linea-actualizacion-de-los-metodos-de-lucha-contra-la-vespa-velutina\/#primaryimage"},"thumbnailUrl":"https:\/\/www.covb.cat\/wp-content\/uploads\/2021\/10\/vespavelutina.png","articleSection":["General"],"inLanguage":"es"},{"@type":"WebPage","@id":"https:\/\/www.covb.cat\/es\/actualitat\/noticies\/general\/curso-en-linea-actualizacion-de-los-metodos-de-lucha-contra-la-vespa-velutina\/","url":"https:\/\/www.covb.cat\/es\/actualitat\/noticies\/general\/curso-en-linea-actualizacion-de-los-metodos-de-lucha-contra-la-vespa-velutina\/","name":"Curso en l\u00ednea: \"Actualizaci\u00f3n de los m\u00e9todos de lucha contra la Vespa velutina\" - COVB - Col\u00b7legi Oficial de Veterinaris de Barcelona","isPartOf":{"@id":"https:\/\/www.covb.cat\/es\/#website"},"primaryImageOfPage":{"@id":"https:\/\/www.covb.cat\/es\/actualitat\/noticies\/general\/curso-en-linea-actualizacion-de-los-metodos-de-lucha-contra-la-vespa-velutina\/#primaryimage"},"image":{"@id":"https:\/\/www.covb.cat\/es\/actualitat\/noticies\/general\/curso-en-linea-actualizacion-de-los-metodos-de-lucha-contra-la-vespa-velutina\/#primaryimage"},"thumbnailUrl":"https:\/\/www.covb.cat\/wp-content\/uploads\/2021\/10\/vespavelutina.png","datePublished":"2021-10-18T14:28:35+00:00","description":"El marte 19 de octubre de 12:30h a 14:15h se organiza en el marco del Pla Anual de Transfer\u00e8ncia Tecnol\u00f2gica (PATT) una nueva actividad en l\u00ednea sobre la","breadcrumb":{"@id":"https:\/\/www.covb.cat\/es\/actualitat\/noticies\/general\/curso-en-linea-actualizacion-de-los-metodos-de-lucha-contra-la-vespa-velutina\/#breadcrumb"},"inLanguage":"es","potentialAction":[{"@type":"ReadAction","target":["https:\/\/www.covb.cat\/es\/actualitat\/noticies\/general\/curso-en-linea-actualizacion-de-los-metodos-de-lucha-contra-la-vespa-velutina\/"]}]},{"@type":"ImageObject","inLanguage":"es","@id":"https:\/\/www.covb.cat\/es\/actualitat\/noticies\/general\/curso-en-linea-actualizacion-de-los-metodos-de-lucha-contra-la-vespa-velutina\/#primaryimage","url":"https:\/\/www.covb.cat\/wp-content\/uploads\/2021\/10\/vespavelutina.png","contentUrl":"https:\/\/www.covb.cat\/wp-content\/uploads\/2021\/10\/vespavelutina.png","width":502,"height":339},{"@type":"BreadcrumbList","@id":"https:\/\/www.covb.cat\/es\/actualitat\/noticies\/general\/curso-en-linea-actualizacion-de-los-metodos-de-lucha-contra-la-vespa-velutina\/#breadcrumb","itemListElement":[{"@type":"ListItem","position":1,"name":"Inici","item":"https:\/\/www.covb.cat\/es\/"},{"@type":"ListItem","position":2,"name":"Curso en l\u00ednea: \u00abActualizaci\u00f3n de los m\u00e9todos de lucha contra la Vespa velutina\u00bb"}]},{"@type":"WebSite","@id":"https:\/\/www.covb.cat\/es\/#website","url":"https:\/\/www.covb.cat\/es\/","name":"COVB","description":"Col\u00b7legi Oficial de Veterinaris de Barcelona","publisher":{"@id":"https:\/\/www.covb.cat\/es\/#organization"},"potentialAction":[{"@type":"SearchAction","target":{"@type":"EntryPoint","urlTemplate":"https:\/\/www.covb.cat\/es\/?s={search_term_string}"},"query-input":{"@type":"PropertyValueSpecification","valueRequired":true,"valueName":"search_term_string"}}],"inLanguage":"es"},{"@type":"Organization","@id":"https:\/\/www.covb.cat\/es\/#organization","name":"COVB","url":"https:\/\/www.covb.cat\/es\/","logo":{"@type":"ImageObject","inLanguage":"es","@id":"https:\/\/www.covb.cat\/es\/#\/schema\/logo\/image\/","url":"https:\/\/www.covb.cat\/wp-content\/uploads\/2018\/07\/favicon-covb.png","contentUrl":"https:\/\/www.covb.cat\/wp-content\/uploads\/2018\/07\/favicon-covb.png","width":512,"height":512,"caption":"COVB"},"image":{"@id":"https:\/\/www.covb.cat\/es\/#\/schema\/logo\/image\/"},"sameAs":["https:\/\/www.facebook.com\/COVBcat\/","https:\/\/x.com\/COVBcat","https:\/\/www.youtube.com\/user\/covbcn"]},{"@type":"Person","@id":""}]}},"jetpack_featured_media_url":"https:\/\/www.covb.cat\/wp-content\/uploads\/2021\/10\/vespavelutina.png","jetpack_sharing_enabled":true,"_links":{"self":[{"href":"https:\/\/www.covb.cat\/es\/wp-json\/wp\/v2\/posts\/12733","targetHints":{"allow":["GET"]}}],"collection":[{"href":"https:\/\/www.covb.cat\/es\/wp-json\/wp\/v2\/posts"}],"about":[{"href":"https:\/\/www.covb.cat\/es\/wp-json\/wp\/v2\/types\/post"}],"author":[{"embeddable":true,"href":"https:\/\/www.covb.cat\/es\/wp-json\/wp\/v2\/users\/106"}],"replies":[{"embeddable":true,"href":"https:\/\/www.covb.cat\/es\/wp-json\/wp\/v2\/comments?post=12733"}],"version-history":[{"count":0,"href":"https:\/\/www.covb.cat\/es\/wp-json\/wp\/v2\/posts\/12733\/revisions"}],"wp:featuredmedia":[{"embeddable":true,"href":"https:\/\/www.covb.cat\/es\/wp-json\/wp\/v2\/media\/12668"}],"wp:attachment":[{"href":"https:\/\/www.covb.cat\/es\/wp-json\/wp\/v2\/media?parent=12733"}],"wp:term":[{"taxonomy":"category","embeddable":true,"href":"https:\/\/www.covb.cat\/es\/wp-json\/wp\/v2\/categories?post=12733"},{"taxonomy":"post_tag","embeddable":true,"href":"https:\/\/www.covb.cat\/es\/wp-json\/wp\/v2\/tags?post=12733"}],"curies":[{"name":"wp","href":"https:\/\/api.w.org\/{rel}","templated":true}]}}