{"id":12509,"date":"2021-10-09T19:18:58","date_gmt":"2021-10-09T17:18:58","guid":{"rendered":"https:\/\/www.covb.cat\/?p=12509"},"modified":"2021-10-09T19:18:58","modified_gmt":"2021-10-09T17:18:58","slug":"joan-capdevila-diputado-revisa-junto-al-covb-la-situacion-actual-de-la-resolucion-sobre-la-reduccion-del-iva-de-los-veterinarios-en-el-congreso-de-los-diputados","status":"publish","type":"post","link":"https:\/\/www.covb.cat\/es\/actualitat\/noticies\/general\/joan-capdevila-diputado-revisa-junto-al-covb-la-situacion-actual-de-la-resolucion-sobre-la-reduccion-del-iva-de-los-veterinarios-en-el-congreso-de-los-diputados\/","title":{"rendered":"Joan Capdevila, diputado, revisa junto al COVB la situaci\u00f3n actual de la resoluci\u00f3n sobre la reducci\u00f3n del IVA de los veterinarios en el Congreso de los Diputados"},"content":{"rendered":"<p>El COVB ha conversado con el congresista Joan Capdevila Esteve, quien ha defendido en varias ocasiones la necesidad de reducir el IVA de los veterinarios en el Congreso desde el a\u00f1o 2016.<\/p>\n<p>Joan Capdevila es veterinario colegiado del COVB, y ha desarrollado su profesi\u00f3n durante muchos a\u00f1os en el sector de la Cl\u00ednica de Animales de Compa\u00f1\u00eda, es diputado del Congreso independiente por Esquerra Republicana de Catalu\u00f1a desde el a\u00f1o 2016.<\/p>\n<p>Para Joan Capdevila la propuesta de la reducci\u00f3n del IVA est\u00e1 avalada por diversos colectivos sanitarios y es uno de los temas en el que los colectivos proteccionistas de los animales y los veterinarios est\u00e1n absolutamente de acuerdo. Sus argumentos a favor son el desarrollo del concepto One Health (Un Mundo, una Salud) y el elevado coste de la asistencia sanitaria necesaria de los animales de compa\u00f1\u00eda, que afecta al 50% de las familias espa\u00f1olas, y que puede repercutir en la salud de todos sus miembros.<\/p>\n<p>Tras su discurso en el hemiciclo en el a\u00f1o 2016, defendiendo una proposici\u00f3n no de Ley (PNL) del Grupo de ERC, esta fue aprobada con el apoyo de PSOE y Podemos, la abstenci\u00f3n de Ciudadanos y el voto en contra del partido Popular, pero el gobierno, entonces del PP, no dio cumplimiento a la propuesta.<\/p>\n<p>El compa\u00f1ero y diputado Capdevila considera que el tema sigue sobre la mesa, pero que, a pesar de que ahora gobiernan dos de los partidos que votaron a favor de su proposici\u00f3n, que la bajada del IVA veterinario forma parte del acuerdo de Legislatura entre PSOE y Podemos, y que ha presentado repetidas enmiendas a diferentes Proyectos de Ley (y lo har\u00e1 de nuevo en la de los Presupuestos del Estado), no parece que haya voluntad pol\u00edtica para dar cumplimiento a esta vieja reivindicaci\u00f3n.<\/p>\n<p>Otro tema tratado con Joan Capdevila es la nueva Ley de bienestar animal que esta semana ha salido a exposici\u00f3n p\u00fablica (os la adjuntamos). En este sentido, Joan Capdevila nos asegur\u00f3 que est\u00e1r\u00e1 atento para defender los intereses de los veterinarios.<\/p>\n<p>\u00c9sta es una ley que no afectar\u00e1 a los animales de granja que tienen una normativa propia.<\/p>\n<p><a href=\"https:\/\/mcusercontent.com\/c131463000c5688473b8b34ba\/files\/9a000d35-59cb-abcf-3b9c-7fe09f1c3f98\/Anteproyecto_Ley_Proteccion_y_Derechos_de_los_Animales_220921.pdf\">Descargar \u00abAnteproyecto Ley Protecci\u00f3n y Derechos de los Animales\u00bb<\/a><\/p>\n","protected":false},"excerpt":{"rendered":"<p>El COVB ha conversado con el congresista Joan Capdevila Esteve, quien ha defendido en varias ocasiones la necesidad de reducir el IVA de los veterinarios en el Congreso desde el a\u00f1o 2016. Joan Capdevila es veterinario colegiado del COVB, y ha desarrollado su profesi\u00f3n durante muchos a\u00f1os en el sector de la Cl\u00ednica de Animales [&hellip;]<\/p>\n","protected":false},"author":106,"featured_media":12507,"comment_status":"closed","ping_status":"closed","sticky":false,"template":"","format":"standard","meta":{"_monsterinsights_skip_tracking":false,"_monsterinsights_sitenote_active":false,"_monsterinsights_sitenote_note":"","_monsterinsights_sitenote_category":0,"_jetpack_memberships_contains_paid_content":false,"footnotes":""},"categories":[138,17],"tags":[],"class_list":["post-12509","post","type-post","status-publish","format-standard","has-post-thumbnail","hentry","category-corporativo","category-general"],"yoast_head":"<!-- This site is optimized with the Yoast SEO plugin v27.0 - https:\/\/yoast.com\/product\/yoast-seo-wordpress\/ -->\n<title>Joan Capdevila, diputado, revisa junto al COVB la situaci\u00f3n actual de la resoluci\u00f3n sobre la reducci\u00f3n del IVA de los veterinarios en el Congreso de los Diputados - COVB - Col\u00b7legi Oficial de Veterinaris de Barcelona<\/title>\n<meta name=\"description\" content=\"El COVB ha conversado con el congresista Joan Capdevila Esteve, quien ha defendido en varias ocasiones la necesidad de reducir el IVA de los veterinarios\" \/>\n<meta name=\"robots\" content=\"index, follow, max-snippet:-1, max-image-preview:large, max-video-preview:-1\" \/>\n<link rel=\"canonical\" href=\"https:\/\/www.covb.cat\/es\/actualitat\/noticies\/general\/joan-capdevila-diputado-revisa-junto-al-covb-la-situacion-actual-de-la-resolucion-sobre-la-reduccion-del-iva-de-los-veterinarios-en-el-congreso-de-los-diputados\/\" \/>\n<meta property=\"og:locale\" content=\"es_ES\" \/>\n<meta property=\"og:type\" content=\"article\" \/>\n<meta property=\"og:title\" content=\"Joan Capdevila, diputado, revisa junto al COVB la situaci\u00f3n actual de la resoluci\u00f3n sobre la reducci\u00f3n del IVA de los veterinarios en el Congreso de los Diputados - COVB - Col\u00b7legi Oficial de Veterinaris de Barcelona\" \/>\n<meta property=\"og:description\" content=\"El COVB ha conversado con el congresista Joan Capdevila Esteve, quien ha defendido en varias ocasiones la necesidad de reducir el IVA de los veterinarios\" \/>\n<meta property=\"og:url\" content=\"https:\/\/www.covb.cat\/es\/actualitat\/noticies\/general\/joan-capdevila-diputado-revisa-junto-al-covb-la-situacion-actual-de-la-resolucion-sobre-la-reduccion-del-iva-de-los-veterinarios-en-el-congreso-de-los-diputados\/\" \/>\n<meta property=\"og:site_name\" content=\"COVB\" \/>\n<meta property=\"article:publisher\" content=\"https:\/\/www.facebook.com\/COVBcat\/\" \/>\n<meta property=\"article:published_time\" content=\"2021-10-09T17:18:58+00:00\" \/>\n<meta property=\"og:image\" content=\"https:\/\/www.covb.cat\/wp-content\/uploads\/2021\/10\/493fe9ae-c720-c97c-acb6-bb330c5fcb2e.jpg\" \/>\n\t<meta property=\"og:image:width\" content=\"2304\" \/>\n\t<meta property=\"og:image:height\" content=\"1728\" \/>\n\t<meta property=\"og:image:type\" content=\"image\/jpeg\" \/>\n<meta name=\"twitter:card\" content=\"summary_large_image\" \/>\n<meta name=\"twitter:creator\" content=\"@COVBcat\" \/>\n<meta name=\"twitter:site\" content=\"@COVBcat\" \/>\n<meta name=\"twitter:label1\" content=\"Escrito por\" \/>\n\t<meta name=\"twitter:data1\" content=\"\" \/>\n\t<meta name=\"twitter:label2\" content=\"Tiempo de lectura\" \/>\n\t<meta name=\"twitter:data2\" content=\"2 minutos\" \/>\n<script type=\"application\/ld+json\" class=\"yoast-schema-graph\">{\"@context\":\"https:\/\/schema.org\",\"@graph\":[{\"@type\":\"Article\",\"@id\":\"https:\/\/www.covb.cat\/es\/actualitat\/noticies\/general\/joan-capdevila-diputado-revisa-junto-al-covb-la-situacion-actual-de-la-resolucion-sobre-la-reduccion-del-iva-de-los-veterinarios-en-el-congreso-de-los-diputados\/#article\",\"isPartOf\":{\"@id\":\"https:\/\/www.covb.cat\/es\/actualitat\/noticies\/general\/joan-capdevila-diputado-revisa-junto-al-covb-la-situacion-actual-de-la-resolucion-sobre-la-reduccion-del-iva-de-los-veterinarios-en-el-congreso-de-los-diputados\/\"},\"author\":{\"name\":\"\",\"@id\":\"\"},\"headline\":\"Joan Capdevila, diputado, revisa junto al COVB la situaci\u00f3n actual de la resoluci\u00f3n sobre la reducci\u00f3n del IVA de los veterinarios en el Congreso de los Diputados\",\"datePublished\":\"2021-10-09T17:18:58+00:00\",\"mainEntityOfPage\":{\"@id\":\"https:\/\/www.covb.cat\/es\/actualitat\/noticies\/general\/joan-capdevila-diputado-revisa-junto-al-covb-la-situacion-actual-de-la-resolucion-sobre-la-reduccion-del-iva-de-los-veterinarios-en-el-congreso-de-los-diputados\/\"},\"wordCount\":411,\"publisher\":{\"@id\":\"https:\/\/www.covb.cat\/es\/#organization\"},\"image\":{\"@id\":\"https:\/\/www.covb.cat\/es\/actualitat\/noticies\/general\/joan-capdevila-diputado-revisa-junto-al-covb-la-situacion-actual-de-la-resolucion-sobre-la-reduccion-del-iva-de-los-veterinarios-en-el-congreso-de-los-diputados\/#primaryimage\"},\"thumbnailUrl\":\"https:\/\/www.covb.cat\/wp-content\/uploads\/2021\/10\/493fe9ae-c720-c97c-acb6-bb330c5fcb2e.jpg\",\"articleSection\":[\"Corporativo\",\"General\"],\"inLanguage\":\"es\"},{\"@type\":\"WebPage\",\"@id\":\"https:\/\/www.covb.cat\/es\/actualitat\/noticies\/general\/joan-capdevila-diputado-revisa-junto-al-covb-la-situacion-actual-de-la-resolucion-sobre-la-reduccion-del-iva-de-los-veterinarios-en-el-congreso-de-los-diputados\/\",\"url\":\"https:\/\/www.covb.cat\/es\/actualitat\/noticies\/general\/joan-capdevila-diputado-revisa-junto-al-covb-la-situacion-actual-de-la-resolucion-sobre-la-reduccion-del-iva-de-los-veterinarios-en-el-congreso-de-los-diputados\/\",\"name\":\"Joan Capdevila, diputado, revisa junto al COVB la situaci\u00f3n actual de la resoluci\u00f3n sobre la reducci\u00f3n del IVA de los veterinarios en el Congreso de los Diputados - COVB - Col\u00b7legi Oficial de Veterinaris de Barcelona\",\"isPartOf\":{\"@id\":\"https:\/\/www.covb.cat\/es\/#website\"},\"primaryImageOfPage\":{\"@id\":\"https:\/\/www.covb.cat\/es\/actualitat\/noticies\/general\/joan-capdevila-diputado-revisa-junto-al-covb-la-situacion-actual-de-la-resolucion-sobre-la-reduccion-del-iva-de-los-veterinarios-en-el-congreso-de-los-diputados\/#primaryimage\"},\"image\":{\"@id\":\"https:\/\/www.covb.cat\/es\/actualitat\/noticies\/general\/joan-capdevila-diputado-revisa-junto-al-covb-la-situacion-actual-de-la-resolucion-sobre-la-reduccion-del-iva-de-los-veterinarios-en-el-congreso-de-los-diputados\/#primaryimage\"},\"thumbnailUrl\":\"https:\/\/www.covb.cat\/wp-content\/uploads\/2021\/10\/493fe9ae-c720-c97c-acb6-bb330c5fcb2e.jpg\",\"datePublished\":\"2021-10-09T17:18:58+00:00\",\"description\":\"El COVB ha conversado con el congresista Joan Capdevila Esteve, quien ha defendido en varias ocasiones la necesidad de reducir el IVA de los veterinarios\",\"breadcrumb\":{\"@id\":\"https:\/\/www.covb.cat\/es\/actualitat\/noticies\/general\/joan-capdevila-diputado-revisa-junto-al-covb-la-situacion-actual-de-la-resolucion-sobre-la-reduccion-del-iva-de-los-veterinarios-en-el-congreso-de-los-diputados\/#breadcrumb\"},\"inLanguage\":\"es\",\"potentialAction\":[{\"@type\":\"ReadAction\",\"target\":[\"https:\/\/www.covb.cat\/es\/actualitat\/noticies\/general\/joan-capdevila-diputado-revisa-junto-al-covb-la-situacion-actual-de-la-resolucion-sobre-la-reduccion-del-iva-de-los-veterinarios-en-el-congreso-de-los-diputados\/\"]}]},{\"@type\":\"ImageObject\",\"inLanguage\":\"es\",\"@id\":\"https:\/\/www.covb.cat\/es\/actualitat\/noticies\/general\/joan-capdevila-diputado-revisa-junto-al-covb-la-situacion-actual-de-la-resolucion-sobre-la-reduccion-del-iva-de-los-veterinarios-en-el-congreso-de-los-diputados\/#primaryimage\",\"url\":\"https:\/\/www.covb.cat\/wp-content\/uploads\/2021\/10\/493fe9ae-c720-c97c-acb6-bb330c5fcb2e.jpg\",\"contentUrl\":\"https:\/\/www.covb.cat\/wp-content\/uploads\/2021\/10\/493fe9ae-c720-c97c-acb6-bb330c5fcb2e.jpg\",\"width\":2304,\"height\":1728},{\"@type\":\"BreadcrumbList\",\"@id\":\"https:\/\/www.covb.cat\/es\/actualitat\/noticies\/general\/joan-capdevila-diputado-revisa-junto-al-covb-la-situacion-actual-de-la-resolucion-sobre-la-reduccion-del-iva-de-los-veterinarios-en-el-congreso-de-los-diputados\/#breadcrumb\",\"itemListElement\":[{\"@type\":\"ListItem\",\"position\":1,\"name\":\"Inici\",\"item\":\"https:\/\/www.covb.cat\/es\/\"},{\"@type\":\"ListItem\",\"position\":2,\"name\":\"Joan Capdevila, diputado, revisa junto al COVB la situaci\u00f3n actual de la resoluci\u00f3n sobre la reducci\u00f3n del IVA de los veterinarios en el Congreso de los Diputados\"}]},{\"@type\":\"WebSite\",\"@id\":\"https:\/\/www.covb.cat\/es\/#website\",\"url\":\"https:\/\/www.covb.cat\/es\/\",\"name\":\"COVB\",\"description\":\"Col\u00b7legi Oficial de Veterinaris de Barcelona\",\"publisher\":{\"@id\":\"https:\/\/www.covb.cat\/es\/#organization\"},\"potentialAction\":[{\"@type\":\"SearchAction\",\"target\":{\"@type\":\"EntryPoint\",\"urlTemplate\":\"https:\/\/www.covb.cat\/es\/?s={search_term_string}\"},\"query-input\":{\"@type\":\"PropertyValueSpecification\",\"valueRequired\":true,\"valueName\":\"search_term_string\"}}],\"inLanguage\":\"es\"},{\"@type\":\"Organization\",\"@id\":\"https:\/\/www.covb.cat\/es\/#organization\",\"name\":\"COVB\",\"url\":\"https:\/\/www.covb.cat\/es\/\",\"logo\":{\"@type\":\"ImageObject\",\"inLanguage\":\"es\",\"@id\":\"https:\/\/www.covb.cat\/es\/#\/schema\/logo\/image\/\",\"url\":\"https:\/\/www.covb.cat\/wp-content\/uploads\/2018\/07\/favicon-covb.png\",\"contentUrl\":\"https:\/\/www.covb.cat\/wp-content\/uploads\/2018\/07\/favicon-covb.png\",\"width\":512,\"height\":512,\"caption\":\"COVB\"},\"image\":{\"@id\":\"https:\/\/www.covb.cat\/es\/#\/schema\/logo\/image\/\"},\"sameAs\":[\"https:\/\/www.facebook.com\/COVBcat\/\",\"https:\/\/x.com\/COVBcat\",\"https:\/\/www.youtube.com\/user\/covbcn\"]},{\"@type\":\"Person\",\"@id\":\"\"}]}<\/script>\n<!-- \/ Yoast SEO plugin. -->","yoast_head_json":{"title":"Joan Capdevila, diputado, revisa junto al COVB la situaci\u00f3n actual de la resoluci\u00f3n sobre la reducci\u00f3n del IVA de los veterinarios en el Congreso de los Diputados - COVB - Col\u00b7legi Oficial de Veterinaris de Barcelona","description":"El COVB ha conversado con el congresista Joan Capdevila Esteve, quien ha defendido en varias ocasiones la necesidad de reducir el IVA de los veterinarios","robots":{"index":"index","follow":"follow","max-snippet":"max-snippet:-1","max-image-preview":"max-image-preview:large","max-video-preview":"max-video-preview:-1"},"canonical":"https:\/\/www.covb.cat\/es\/actualitat\/noticies\/general\/joan-capdevila-diputado-revisa-junto-al-covb-la-situacion-actual-de-la-resolucion-sobre-la-reduccion-del-iva-de-los-veterinarios-en-el-congreso-de-los-diputados\/","og_locale":"es_ES","og_type":"article","og_title":"Joan Capdevila, diputado, revisa junto al COVB la situaci\u00f3n actual de la resoluci\u00f3n sobre la reducci\u00f3n del IVA de los veterinarios en el Congreso de los Diputados - COVB - Col\u00b7legi Oficial de Veterinaris de Barcelona","og_description":"El COVB ha conversado con el congresista Joan Capdevila Esteve, quien ha defendido en varias ocasiones la necesidad de reducir el IVA de los veterinarios","og_url":"https:\/\/www.covb.cat\/es\/actualitat\/noticies\/general\/joan-capdevila-diputado-revisa-junto-al-covb-la-situacion-actual-de-la-resolucion-sobre-la-reduccion-del-iva-de-los-veterinarios-en-el-congreso-de-los-diputados\/","og_site_name":"COVB","article_publisher":"https:\/\/www.facebook.com\/COVBcat\/","article_published_time":"2021-10-09T17:18:58+00:00","og_image":[{"width":2304,"height":1728,"url":"https:\/\/www.covb.cat\/wp-content\/uploads\/2021\/10\/493fe9ae-c720-c97c-acb6-bb330c5fcb2e.jpg","type":"image\/jpeg"}],"twitter_card":"summary_large_image","twitter_creator":"@COVBcat","twitter_site":"@COVBcat","twitter_misc":{"Escrito por":"","Tiempo de lectura":"2 minutos"},"schema":{"@context":"https:\/\/schema.org","@graph":[{"@type":"Article","@id":"https:\/\/www.covb.cat\/es\/actualitat\/noticies\/general\/joan-capdevila-diputado-revisa-junto-al-covb-la-situacion-actual-de-la-resolucion-sobre-la-reduccion-del-iva-de-los-veterinarios-en-el-congreso-de-los-diputados\/#article","isPartOf":{"@id":"https:\/\/www.covb.cat\/es\/actualitat\/noticies\/general\/joan-capdevila-diputado-revisa-junto-al-covb-la-situacion-actual-de-la-resolucion-sobre-la-reduccion-del-iva-de-los-veterinarios-en-el-congreso-de-los-diputados\/"},"author":{"name":"","@id":""},"headline":"Joan Capdevila, diputado, revisa junto al COVB la situaci\u00f3n actual de la resoluci\u00f3n sobre la reducci\u00f3n del IVA de los veterinarios en el Congreso de los Diputados","datePublished":"2021-10-09T17:18:58+00:00","mainEntityOfPage":{"@id":"https:\/\/www.covb.cat\/es\/actualitat\/noticies\/general\/joan-capdevila-diputado-revisa-junto-al-covb-la-situacion-actual-de-la-resolucion-sobre-la-reduccion-del-iva-de-los-veterinarios-en-el-congreso-de-los-diputados\/"},"wordCount":411,"publisher":{"@id":"https:\/\/www.covb.cat\/es\/#organization"},"image":{"@id":"https:\/\/www.covb.cat\/es\/actualitat\/noticies\/general\/joan-capdevila-diputado-revisa-junto-al-covb-la-situacion-actual-de-la-resolucion-sobre-la-reduccion-del-iva-de-los-veterinarios-en-el-congreso-de-los-diputados\/#primaryimage"},"thumbnailUrl":"https:\/\/www.covb.cat\/wp-content\/uploads\/2021\/10\/493fe9ae-c720-c97c-acb6-bb330c5fcb2e.jpg","articleSection":["Corporativo","General"],"inLanguage":"es"},{"@type":"WebPage","@id":"https:\/\/www.covb.cat\/es\/actualitat\/noticies\/general\/joan-capdevila-diputado-revisa-junto-al-covb-la-situacion-actual-de-la-resolucion-sobre-la-reduccion-del-iva-de-los-veterinarios-en-el-congreso-de-los-diputados\/","url":"https:\/\/www.covb.cat\/es\/actualitat\/noticies\/general\/joan-capdevila-diputado-revisa-junto-al-covb-la-situacion-actual-de-la-resolucion-sobre-la-reduccion-del-iva-de-los-veterinarios-en-el-congreso-de-los-diputados\/","name":"Joan Capdevila, diputado, revisa junto al COVB la situaci\u00f3n actual de la resoluci\u00f3n sobre la reducci\u00f3n del IVA de los veterinarios en el Congreso de los Diputados - COVB - Col\u00b7legi Oficial de Veterinaris de Barcelona","isPartOf":{"@id":"https:\/\/www.covb.cat\/es\/#website"},"primaryImageOfPage":{"@id":"https:\/\/www.covb.cat\/es\/actualitat\/noticies\/general\/joan-capdevila-diputado-revisa-junto-al-covb-la-situacion-actual-de-la-resolucion-sobre-la-reduccion-del-iva-de-los-veterinarios-en-el-congreso-de-los-diputados\/#primaryimage"},"image":{"@id":"https:\/\/www.covb.cat\/es\/actualitat\/noticies\/general\/joan-capdevila-diputado-revisa-junto-al-covb-la-situacion-actual-de-la-resolucion-sobre-la-reduccion-del-iva-de-los-veterinarios-en-el-congreso-de-los-diputados\/#primaryimage"},"thumbnailUrl":"https:\/\/www.covb.cat\/wp-content\/uploads\/2021\/10\/493fe9ae-c720-c97c-acb6-bb330c5fcb2e.jpg","datePublished":"2021-10-09T17:18:58+00:00","description":"El COVB ha conversado con el congresista Joan Capdevila Esteve, quien ha defendido en varias ocasiones la necesidad de reducir el IVA de los veterinarios","breadcrumb":{"@id":"https:\/\/www.covb.cat\/es\/actualitat\/noticies\/general\/joan-capdevila-diputado-revisa-junto-al-covb-la-situacion-actual-de-la-resolucion-sobre-la-reduccion-del-iva-de-los-veterinarios-en-el-congreso-de-los-diputados\/#breadcrumb"},"inLanguage":"es","potentialAction":[{"@type":"ReadAction","target":["https:\/\/www.covb.cat\/es\/actualitat\/noticies\/general\/joan-capdevila-diputado-revisa-junto-al-covb-la-situacion-actual-de-la-resolucion-sobre-la-reduccion-del-iva-de-los-veterinarios-en-el-congreso-de-los-diputados\/"]}]},{"@type":"ImageObject","inLanguage":"es","@id":"https:\/\/www.covb.cat\/es\/actualitat\/noticies\/general\/joan-capdevila-diputado-revisa-junto-al-covb-la-situacion-actual-de-la-resolucion-sobre-la-reduccion-del-iva-de-los-veterinarios-en-el-congreso-de-los-diputados\/#primaryimage","url":"https:\/\/www.covb.cat\/wp-content\/uploads\/2021\/10\/493fe9ae-c720-c97c-acb6-bb330c5fcb2e.jpg","contentUrl":"https:\/\/www.covb.cat\/wp-content\/uploads\/2021\/10\/493fe9ae-c720-c97c-acb6-bb330c5fcb2e.jpg","width":2304,"height":1728},{"@type":"BreadcrumbList","@id":"https:\/\/www.covb.cat\/es\/actualitat\/noticies\/general\/joan-capdevila-diputado-revisa-junto-al-covb-la-situacion-actual-de-la-resolucion-sobre-la-reduccion-del-iva-de-los-veterinarios-en-el-congreso-de-los-diputados\/#breadcrumb","itemListElement":[{"@type":"ListItem","position":1,"name":"Inici","item":"https:\/\/www.covb.cat\/es\/"},{"@type":"ListItem","position":2,"name":"Joan Capdevila, diputado, revisa junto al COVB la situaci\u00f3n actual de la resoluci\u00f3n sobre la reducci\u00f3n del IVA de los veterinarios en el Congreso de los Diputados"}]},{"@type":"WebSite","@id":"https:\/\/www.covb.cat\/es\/#website","url":"https:\/\/www.covb.cat\/es\/","name":"COVB","description":"Col\u00b7legi Oficial de Veterinaris de Barcelona","publisher":{"@id":"https:\/\/www.covb.cat\/es\/#organization"},"potentialAction":[{"@type":"SearchAction","target":{"@type":"EntryPoint","urlTemplate":"https:\/\/www.covb.cat\/es\/?s={search_term_string}"},"query-input":{"@type":"PropertyValueSpecification","valueRequired":true,"valueName":"search_term_string"}}],"inLanguage":"es"},{"@type":"Organization","@id":"https:\/\/www.covb.cat\/es\/#organization","name":"COVB","url":"https:\/\/www.covb.cat\/es\/","logo":{"@type":"ImageObject","inLanguage":"es","@id":"https:\/\/www.covb.cat\/es\/#\/schema\/logo\/image\/","url":"https:\/\/www.covb.cat\/wp-content\/uploads\/2018\/07\/favicon-covb.png","contentUrl":"https:\/\/www.covb.cat\/wp-content\/uploads\/2018\/07\/favicon-covb.png","width":512,"height":512,"caption":"COVB"},"image":{"@id":"https:\/\/www.covb.cat\/es\/#\/schema\/logo\/image\/"},"sameAs":["https:\/\/www.facebook.com\/COVBcat\/","https:\/\/x.com\/COVBcat","https:\/\/www.youtube.com\/user\/covbcn"]},{"@type":"Person","@id":""}]}},"jetpack_featured_media_url":"https:\/\/www.covb.cat\/wp-content\/uploads\/2021\/10\/493fe9ae-c720-c97c-acb6-bb330c5fcb2e.jpg","jetpack_sharing_enabled":true,"_links":{"self":[{"href":"https:\/\/www.covb.cat\/es\/wp-json\/wp\/v2\/posts\/12509","targetHints":{"allow":["GET"]}}],"collection":[{"href":"https:\/\/www.covb.cat\/es\/wp-json\/wp\/v2\/posts"}],"about":[{"href":"https:\/\/www.covb.cat\/es\/wp-json\/wp\/v2\/types\/post"}],"author":[{"embeddable":true,"href":"https:\/\/www.covb.cat\/es\/wp-json\/wp\/v2\/users\/106"}],"replies":[{"embeddable":true,"href":"https:\/\/www.covb.cat\/es\/wp-json\/wp\/v2\/comments?post=12509"}],"version-history":[{"count":0,"href":"https:\/\/www.covb.cat\/es\/wp-json\/wp\/v2\/posts\/12509\/revisions"}],"wp:featuredmedia":[{"embeddable":true,"href":"https:\/\/www.covb.cat\/es\/wp-json\/wp\/v2\/media\/12507"}],"wp:attachment":[{"href":"https:\/\/www.covb.cat\/es\/wp-json\/wp\/v2\/media?parent=12509"}],"wp:term":[{"taxonomy":"category","embeddable":true,"href":"https:\/\/www.covb.cat\/es\/wp-json\/wp\/v2\/categories?post=12509"},{"taxonomy":"post_tag","embeddable":true,"href":"https:\/\/www.covb.cat\/es\/wp-json\/wp\/v2\/tags?post=12509"}],"curies":[{"name":"wp","href":"https:\/\/api.w.org\/{rel}","templated":true}]}}