{"id":12062,"date":"2021-09-27T15:23:03","date_gmt":"2021-09-27T13:23:03","guid":{"rendered":"https:\/\/www.covb.cat\/?p=12062"},"modified":"2021-09-27T15:23:25","modified_gmt":"2021-09-27T13:23:25","slug":"el-consell-de-collegis-veterinaris-de-catalunya-presenta-el-manifiesto-contra-la-rabia-con-el-apoyo-del-colectivo-medico","status":"publish","type":"post","link":"https:\/\/www.covb.cat\/es\/actualitat\/noticies\/general\/el-consell-de-collegis-veterinaris-de-catalunya-presenta-el-manifiesto-contra-la-rabia-con-el-apoyo-del-colectivo-medico\/","title":{"rendered":"El Consell de Col\u00b7legis Veterinaris de Catalunya presenta el Manifiesto Contra la Rabia con el apoyo del colectivo m\u00e9dico"},"content":{"rendered":"<ul style=\"font-weight: 400;\">\n<li><strong>El 28 de septiembre es el D\u00eda Mundial Contra la Rabia y los veterinarios recuerdan que para hacer frente a un brote de rabia es imprescindible que la vacunaci\u00f3n sea obligatoria en Catalunya\u00a0<\/strong><\/li>\n<li><strong>El CCVC se suma a la iniciativa mundial liderada por la OMS y la OIE de erradicar la rabia el 2030<\/strong><\/li>\n<\/ul>\n<p style=\"font-weight: 400;\">Barcelona, 27 de septiembre de 2021.- El Consell de Col\u00b7legis Veterinaris de Catalunya (CCVC) cree firmemente que cuidar la salud y el bienestar de los animales enriquece la salud de las personas. La rabia es una enfermedad zoon\u00f3tica que se transmite de animales a personas y para erradicarla es necesaria la colaboraci\u00f3n de veterinarios y m\u00e9dicos, ya que la vacunaci\u00f3n de los perros act\u00faa de barrera inmunitaria. Este enfoque se engloba dentro de la perspectiva\u00a0<em>One Health<\/em>, el concepto que subraya justamente que la salud humana, animal y medioambiental est\u00e1n interconectadas.<\/p>\n<p style=\"font-weight: 400;\">El\u00a0<a href=\"https:\/\/drive.google.com\/file\/d\/1Vi_Y0c7lD31koHQyD9YpmjD3xEbDaYBJ\/view?usp=sharing\" data-saferedirecturl=\"https:\/\/www.google.com\/url?q=https:\/\/drive.google.com\/file\/d\/1Vi_Y0c7lD31koHQyD9YpmjD3xEbDaYBJ\/view?usp%3Dsharing&amp;source=gmail&amp;ust=1632834995519000&amp;usg=AFQjCNFI6aZWzrGx05WdHlMQ66oe5RkfAQ\">Manifiesto Contra la Rabia<\/a>, presentado durante la Semana de la Inmunizaci\u00f3n, que es imprescindible que la vacunaci\u00f3n contra la rabia sea obligatoria en Catalu\u00f1a. Ha recibido el apoyo del Consejo de Colegios de M\u00e9dicos de Catalu\u00f1a, de M\u00e9dicos de Catalu\u00f1a y de la Asociaci\u00f3n de Veterinarios Espa\u00f1oles Especialistas en Peque\u00f1os Animales (AVEPA). La vacunaci\u00f3n de los perros contribuye a la erradicaci\u00f3n de esta enfermedad y el hecho de que estos colectivos sumen fuerzas es muy relevante para conseguir esta obligatoriedad. El manifiesto se sostiene en una publicaci\u00f3n de la doctora en veterinaria y catedr\u00e1tica en Sanidad Animal, M. de los \u00c1ngeles Calvo, que se titula: \u201c<a href=\"http:\/\/www.veterinaris.cat\/CommonFiles\/noticianopopup.asp?id=1874&amp;keepThisxx=true&amp;TB_iframexx=true\" data-saferedirecturl=\"https:\/\/www.google.com\/url?q=http:\/\/www.veterinaris.cat\/CommonFiles\/noticianopopup.asp?id%3D1874%26keepThisxx%3Dtrue%26TB_iframexx%3Dtrue&amp;source=gmail&amp;ust=1632834995519000&amp;usg=AFQjCNF-xc6GuDD1YL9IvcNSWqHU6ep8-g\"><em>Por tu salud y la salud del animal, vac\u00fanate y vacuna. Vacunar los animales protege las personas<\/em><\/a>\u201d, el cual expone que la vacunaci\u00f3n es una de las medidas m\u00e1s efectivas en la prevenci\u00f3n de enfermedades infecciosas como la rabia.<\/p>\n<p style=\"font-weight: 400;\">La Organizaci\u00f3n Mundial de la Salud (OMS), la Organizaci\u00f3n Mundial de Sanidad Animal (OIE), junto con la Alianza Mundial para el Control de la Rabia (GARC) establecieron el a\u00f1o pasado el proyecto mundial \u201cUnidos contra la rabia\u201d, para elaborar una estrategia com\u00fan con el objetivo de erradicar la rabia en el a\u00f1o 2030. Esta estrategia se basa en la vacunaci\u00f3n de los perros, en la educaci\u00f3n para una tenencia responsable y en una pol\u00edtica de control de los perros de calle que parta de la correcta identificaci\u00f3n de los animales de compa\u00f1\u00eda.<\/p>\n<p style=\"font-weight: 400;\">El CCVC y los cuatro Colegios Oficiales de Veterinarios de Catalu\u00f1a se suman a este prop\u00f3sito. \u201cCatalunya ha de tomar acciones para hacer posible el objetivo de la OMS, no podemos estar en la cola en un objetivo sanitario tan importante como este\u00bb, subraya el presidente del CCVC, Ricard Par\u00e9s. En junio de 2021, el CCVC se reuni\u00f3 con el Departamento de Acci\u00f3n Clim\u00e1tica y Agenda Rural de la Generalitat de Catalunya para dar a conocer el Manifiesto y avanzar hacia la obligatoriedad de la vacuna contra la rabia en Catalu\u00f1a.<\/p>\n<p style=\"font-weight: 400;\"><strong>El caso de rabia de Alemania<\/strong><\/p>\n<p style=\"font-weight: 400;\">El pasado 21 de septiembre las autoridades del Gobierno alem\u00e1n confirmaron un caso de rabia en un cachorro de perro de ocho semanas que lleg\u00f3 ilegalmente en el pa\u00eds germano. Proced\u00eda de Turqu\u00eda y lleg\u00f3 por Bulgaria el 2 de septiembre. El cachorro muri\u00f3 el d\u00eda 9 en una cl\u00ednica veterinaria sin haber tenido contacto con otros animales. Sin embargo, s\u00ed hab\u00eda tenido contacto con personas, las cuales han sido vacunadas de emergencia.<\/p>\n<p style=\"font-weight: 400;\">Hay organizaciones policiales y de protecci\u00f3n animal de Catalu\u00f1a y de Europa que alertan del aumento de comercio ilegal de cachorros detectado desde la pandemia. Los casos que ha habido de rabia los \u00faltimos a\u00f1os en Europa comparten este patr\u00f3n com\u00fan: suelen ser cachorros que llegan a la Uni\u00f3n Europea (UE) de forma ilegal y proceden de pa\u00edses no pertenecientes a la UE donde la rabia es end\u00e9mica o, como el caso de Turqu\u00eda, clasificado como pa\u00eds de alto riesgo de rabia canina.<\/p>\n<p style=\"font-weight: 400;\">\u201cPara hacer frente a un brote de rabia en Espa\u00f1a es imprescindible la vacunaci\u00f3n obligatoria en animales dom\u00e9sticos, una revisi\u00f3n anual de la vacuna y una adecuada pol\u00edtica de identificaci\u00f3n animal\u201d, concluye Ricard Par\u00e9s. Para conseguir estos objetivos es necesario que todos: veterinarios, m\u00e9dicos, bi\u00f3logos, propietarios de mascotas e Instituciones trabajemos juntos.<\/p>\n","protected":false},"excerpt":{"rendered":"<p>El 28 de septiembre es el D\u00eda Mundial Contra la Rabia y los veterinarios recuerdan que para hacer frente a un brote de rabia es imprescindible que la vacunaci\u00f3n sea obligatoria en Catalunya\u00a0 El CCVC se suma a la iniciativa mundial liderada por la OMS y la OIE de erradicar la rabia el 2030 Barcelona, [&hellip;]<\/p>\n","protected":false},"author":106,"featured_media":12061,"comment_status":"closed","ping_status":"closed","sticky":false,"template":"","format":"standard","meta":{"_monsterinsights_skip_tracking":false,"_monsterinsights_sitenote_active":false,"_monsterinsights_sitenote_note":"","_monsterinsights_sitenote_category":0,"_jetpack_memberships_contains_paid_content":false,"footnotes":""},"categories":[17],"tags":[177],"class_list":["post-12062","post","type-post","status-publish","format-standard","has-post-thumbnail","hentry","category-general","tag-prensa"],"yoast_head":"<!-- This site is optimized with the Yoast SEO plugin v27.0 - https:\/\/yoast.com\/product\/yoast-seo-wordpress\/ -->\n<title>El Consell de Col\u00b7legis Veterinaris de Catalunya presenta el Manifiesto Contra la Rabia con el apoyo del colectivo m\u00e9dico - COVB - Col\u00b7legi Oficial de Veterinaris de Barcelona<\/title>\n<meta name=\"description\" content=\"El 28 de septiembre es el D\u00eda Mundial Contra la Rabia y los veterinarios recuerdan que para hacer frente a un brote de rabia es imprescindible que la\" \/>\n<meta name=\"robots\" content=\"index, follow, max-snippet:-1, max-image-preview:large, max-video-preview:-1\" \/>\n<link rel=\"canonical\" href=\"https:\/\/www.covb.cat\/es\/actualitat\/noticies\/general\/el-consell-de-collegis-veterinaris-de-catalunya-presenta-el-manifiesto-contra-la-rabia-con-el-apoyo-del-colectivo-medico\/\" \/>\n<meta property=\"og:locale\" content=\"es_ES\" \/>\n<meta property=\"og:type\" content=\"article\" \/>\n<meta property=\"og:title\" content=\"El Consell de Col\u00b7legis Veterinaris de Catalunya presenta el Manifiesto Contra la Rabia con el apoyo del colectivo m\u00e9dico - COVB - Col\u00b7legi Oficial de Veterinaris de Barcelona\" \/>\n<meta property=\"og:description\" content=\"El 28 de septiembre es el D\u00eda Mundial Contra la Rabia y los veterinarios recuerdan que para hacer frente a un brote de rabia es imprescindible que la\" \/>\n<meta property=\"og:url\" content=\"https:\/\/www.covb.cat\/es\/actualitat\/noticies\/general\/el-consell-de-collegis-veterinaris-de-catalunya-presenta-el-manifiesto-contra-la-rabia-con-el-apoyo-del-colectivo-medico\/\" \/>\n<meta property=\"og:site_name\" content=\"COVB\" \/>\n<meta property=\"article:publisher\" content=\"https:\/\/www.facebook.com\/COVBcat\/\" \/>\n<meta property=\"article:published_time\" content=\"2021-09-27T13:23:03+00:00\" \/>\n<meta property=\"article:modified_time\" content=\"2021-09-27T13:23:25+00:00\" \/>\n<meta property=\"og:image\" content=\"https:\/\/www.covb.cat\/wp-content\/uploads\/2021\/09\/dog-486550_640.jpg\" \/>\n\t<meta property=\"og:image:width\" content=\"640\" \/>\n\t<meta property=\"og:image:height\" content=\"426\" \/>\n\t<meta property=\"og:image:type\" content=\"image\/jpeg\" \/>\n<meta name=\"twitter:card\" content=\"summary_large_image\" \/>\n<meta name=\"twitter:creator\" content=\"@COVBcat\" \/>\n<meta name=\"twitter:site\" content=\"@COVBcat\" \/>\n<meta name=\"twitter:label1\" content=\"Escrito por\" \/>\n\t<meta name=\"twitter:data1\" content=\"\" \/>\n\t<meta name=\"twitter:label2\" content=\"Tiempo de lectura\" \/>\n\t<meta name=\"twitter:data2\" content=\"4 minutos\" \/>\n<script type=\"application\/ld+json\" class=\"yoast-schema-graph\">{\"@context\":\"https:\/\/schema.org\",\"@graph\":[{\"@type\":\"Article\",\"@id\":\"https:\/\/www.covb.cat\/es\/actualitat\/noticies\/general\/el-consell-de-collegis-veterinaris-de-catalunya-presenta-el-manifiesto-contra-la-rabia-con-el-apoyo-del-colectivo-medico\/#article\",\"isPartOf\":{\"@id\":\"https:\/\/www.covb.cat\/es\/actualitat\/noticies\/general\/el-consell-de-collegis-veterinaris-de-catalunya-presenta-el-manifiesto-contra-la-rabia-con-el-apoyo-del-colectivo-medico\/\"},\"author\":{\"name\":\"\",\"@id\":\"\"},\"headline\":\"El Consell de Col\u00b7legis Veterinaris de Catalunya presenta el Manifiesto Contra la Rabia con el apoyo del colectivo m\u00e9dico\",\"datePublished\":\"2021-09-27T13:23:03+00:00\",\"dateModified\":\"2021-09-27T13:23:25+00:00\",\"mainEntityOfPage\":{\"@id\":\"https:\/\/www.covb.cat\/es\/actualitat\/noticies\/general\/el-consell-de-collegis-veterinaris-de-catalunya-presenta-el-manifiesto-contra-la-rabia-con-el-apoyo-del-colectivo-medico\/\"},\"wordCount\":769,\"publisher\":{\"@id\":\"https:\/\/www.covb.cat\/es\/#organization\"},\"image\":{\"@id\":\"https:\/\/www.covb.cat\/es\/actualitat\/noticies\/general\/el-consell-de-collegis-veterinaris-de-catalunya-presenta-el-manifiesto-contra-la-rabia-con-el-apoyo-del-colectivo-medico\/#primaryimage\"},\"thumbnailUrl\":\"https:\/\/www.covb.cat\/wp-content\/uploads\/2021\/09\/dog-486550_640.jpg\",\"keywords\":[\"Prensa\"],\"articleSection\":[\"General\"],\"inLanguage\":\"es\"},{\"@type\":\"WebPage\",\"@id\":\"https:\/\/www.covb.cat\/es\/actualitat\/noticies\/general\/el-consell-de-collegis-veterinaris-de-catalunya-presenta-el-manifiesto-contra-la-rabia-con-el-apoyo-del-colectivo-medico\/\",\"url\":\"https:\/\/www.covb.cat\/es\/actualitat\/noticies\/general\/el-consell-de-collegis-veterinaris-de-catalunya-presenta-el-manifiesto-contra-la-rabia-con-el-apoyo-del-colectivo-medico\/\",\"name\":\"El Consell de Col\u00b7legis Veterinaris de Catalunya presenta el Manifiesto Contra la Rabia con el apoyo del colectivo m\u00e9dico - COVB - Col\u00b7legi Oficial de Veterinaris de Barcelona\",\"isPartOf\":{\"@id\":\"https:\/\/www.covb.cat\/es\/#website\"},\"primaryImageOfPage\":{\"@id\":\"https:\/\/www.covb.cat\/es\/actualitat\/noticies\/general\/el-consell-de-collegis-veterinaris-de-catalunya-presenta-el-manifiesto-contra-la-rabia-con-el-apoyo-del-colectivo-medico\/#primaryimage\"},\"image\":{\"@id\":\"https:\/\/www.covb.cat\/es\/actualitat\/noticies\/general\/el-consell-de-collegis-veterinaris-de-catalunya-presenta-el-manifiesto-contra-la-rabia-con-el-apoyo-del-colectivo-medico\/#primaryimage\"},\"thumbnailUrl\":\"https:\/\/www.covb.cat\/wp-content\/uploads\/2021\/09\/dog-486550_640.jpg\",\"datePublished\":\"2021-09-27T13:23:03+00:00\",\"dateModified\":\"2021-09-27T13:23:25+00:00\",\"description\":\"El 28 de septiembre es el D\u00eda Mundial Contra la Rabia y los veterinarios recuerdan que para hacer frente a un brote de rabia es imprescindible que la\",\"breadcrumb\":{\"@id\":\"https:\/\/www.covb.cat\/es\/actualitat\/noticies\/general\/el-consell-de-collegis-veterinaris-de-catalunya-presenta-el-manifiesto-contra-la-rabia-con-el-apoyo-del-colectivo-medico\/#breadcrumb\"},\"inLanguage\":\"es\",\"potentialAction\":[{\"@type\":\"ReadAction\",\"target\":[\"https:\/\/www.covb.cat\/es\/actualitat\/noticies\/general\/el-consell-de-collegis-veterinaris-de-catalunya-presenta-el-manifiesto-contra-la-rabia-con-el-apoyo-del-colectivo-medico\/\"]}]},{\"@type\":\"ImageObject\",\"inLanguage\":\"es\",\"@id\":\"https:\/\/www.covb.cat\/es\/actualitat\/noticies\/general\/el-consell-de-collegis-veterinaris-de-catalunya-presenta-el-manifiesto-contra-la-rabia-con-el-apoyo-del-colectivo-medico\/#primaryimage\",\"url\":\"https:\/\/www.covb.cat\/wp-content\/uploads\/2021\/09\/dog-486550_640.jpg\",\"contentUrl\":\"https:\/\/www.covb.cat\/wp-content\/uploads\/2021\/09\/dog-486550_640.jpg\",\"width\":640,\"height\":426},{\"@type\":\"BreadcrumbList\",\"@id\":\"https:\/\/www.covb.cat\/es\/actualitat\/noticies\/general\/el-consell-de-collegis-veterinaris-de-catalunya-presenta-el-manifiesto-contra-la-rabia-con-el-apoyo-del-colectivo-medico\/#breadcrumb\",\"itemListElement\":[{\"@type\":\"ListItem\",\"position\":1,\"name\":\"Inici\",\"item\":\"https:\/\/www.covb.cat\/es\/\"},{\"@type\":\"ListItem\",\"position\":2,\"name\":\"El Consell de Col\u00b7legis Veterinaris de Catalunya presenta el Manifiesto Contra la Rabia con el apoyo del colectivo m\u00e9dico\"}]},{\"@type\":\"WebSite\",\"@id\":\"https:\/\/www.covb.cat\/es\/#website\",\"url\":\"https:\/\/www.covb.cat\/es\/\",\"name\":\"COVB\",\"description\":\"Col\u00b7legi Oficial de Veterinaris de Barcelona\",\"publisher\":{\"@id\":\"https:\/\/www.covb.cat\/es\/#organization\"},\"potentialAction\":[{\"@type\":\"SearchAction\",\"target\":{\"@type\":\"EntryPoint\",\"urlTemplate\":\"https:\/\/www.covb.cat\/es\/?s={search_term_string}\"},\"query-input\":{\"@type\":\"PropertyValueSpecification\",\"valueRequired\":true,\"valueName\":\"search_term_string\"}}],\"inLanguage\":\"es\"},{\"@type\":\"Organization\",\"@id\":\"https:\/\/www.covb.cat\/es\/#organization\",\"name\":\"COVB\",\"url\":\"https:\/\/www.covb.cat\/es\/\",\"logo\":{\"@type\":\"ImageObject\",\"inLanguage\":\"es\",\"@id\":\"https:\/\/www.covb.cat\/es\/#\/schema\/logo\/image\/\",\"url\":\"https:\/\/www.covb.cat\/wp-content\/uploads\/2018\/07\/favicon-covb.png\",\"contentUrl\":\"https:\/\/www.covb.cat\/wp-content\/uploads\/2018\/07\/favicon-covb.png\",\"width\":512,\"height\":512,\"caption\":\"COVB\"},\"image\":{\"@id\":\"https:\/\/www.covb.cat\/es\/#\/schema\/logo\/image\/\"},\"sameAs\":[\"https:\/\/www.facebook.com\/COVBcat\/\",\"https:\/\/x.com\/COVBcat\",\"https:\/\/www.youtube.com\/user\/covbcn\"]},{\"@type\":\"Person\",\"@id\":\"\"}]}<\/script>\n<!-- \/ Yoast SEO plugin. -->","yoast_head_json":{"title":"El Consell de Col\u00b7legis Veterinaris de Catalunya presenta el Manifiesto Contra la Rabia con el apoyo del colectivo m\u00e9dico - COVB - Col\u00b7legi Oficial de Veterinaris de Barcelona","description":"El 28 de septiembre es el D\u00eda Mundial Contra la Rabia y los veterinarios recuerdan que para hacer frente a un brote de rabia es imprescindible que la","robots":{"index":"index","follow":"follow","max-snippet":"max-snippet:-1","max-image-preview":"max-image-preview:large","max-video-preview":"max-video-preview:-1"},"canonical":"https:\/\/www.covb.cat\/es\/actualitat\/noticies\/general\/el-consell-de-collegis-veterinaris-de-catalunya-presenta-el-manifiesto-contra-la-rabia-con-el-apoyo-del-colectivo-medico\/","og_locale":"es_ES","og_type":"article","og_title":"El Consell de Col\u00b7legis Veterinaris de Catalunya presenta el Manifiesto Contra la Rabia con el apoyo del colectivo m\u00e9dico - COVB - Col\u00b7legi Oficial de Veterinaris de Barcelona","og_description":"El 28 de septiembre es el D\u00eda Mundial Contra la Rabia y los veterinarios recuerdan que para hacer frente a un brote de rabia es imprescindible que la","og_url":"https:\/\/www.covb.cat\/es\/actualitat\/noticies\/general\/el-consell-de-collegis-veterinaris-de-catalunya-presenta-el-manifiesto-contra-la-rabia-con-el-apoyo-del-colectivo-medico\/","og_site_name":"COVB","article_publisher":"https:\/\/www.facebook.com\/COVBcat\/","article_published_time":"2021-09-27T13:23:03+00:00","article_modified_time":"2021-09-27T13:23:25+00:00","og_image":[{"width":640,"height":426,"url":"https:\/\/www.covb.cat\/wp-content\/uploads\/2021\/09\/dog-486550_640.jpg","type":"image\/jpeg"}],"twitter_card":"summary_large_image","twitter_creator":"@COVBcat","twitter_site":"@COVBcat","twitter_misc":{"Escrito por":"","Tiempo de lectura":"4 minutos"},"schema":{"@context":"https:\/\/schema.org","@graph":[{"@type":"Article","@id":"https:\/\/www.covb.cat\/es\/actualitat\/noticies\/general\/el-consell-de-collegis-veterinaris-de-catalunya-presenta-el-manifiesto-contra-la-rabia-con-el-apoyo-del-colectivo-medico\/#article","isPartOf":{"@id":"https:\/\/www.covb.cat\/es\/actualitat\/noticies\/general\/el-consell-de-collegis-veterinaris-de-catalunya-presenta-el-manifiesto-contra-la-rabia-con-el-apoyo-del-colectivo-medico\/"},"author":{"name":"","@id":""},"headline":"El Consell de Col\u00b7legis Veterinaris de Catalunya presenta el Manifiesto Contra la Rabia con el apoyo del colectivo m\u00e9dico","datePublished":"2021-09-27T13:23:03+00:00","dateModified":"2021-09-27T13:23:25+00:00","mainEntityOfPage":{"@id":"https:\/\/www.covb.cat\/es\/actualitat\/noticies\/general\/el-consell-de-collegis-veterinaris-de-catalunya-presenta-el-manifiesto-contra-la-rabia-con-el-apoyo-del-colectivo-medico\/"},"wordCount":769,"publisher":{"@id":"https:\/\/www.covb.cat\/es\/#organization"},"image":{"@id":"https:\/\/www.covb.cat\/es\/actualitat\/noticies\/general\/el-consell-de-collegis-veterinaris-de-catalunya-presenta-el-manifiesto-contra-la-rabia-con-el-apoyo-del-colectivo-medico\/#primaryimage"},"thumbnailUrl":"https:\/\/www.covb.cat\/wp-content\/uploads\/2021\/09\/dog-486550_640.jpg","keywords":["Prensa"],"articleSection":["General"],"inLanguage":"es"},{"@type":"WebPage","@id":"https:\/\/www.covb.cat\/es\/actualitat\/noticies\/general\/el-consell-de-collegis-veterinaris-de-catalunya-presenta-el-manifiesto-contra-la-rabia-con-el-apoyo-del-colectivo-medico\/","url":"https:\/\/www.covb.cat\/es\/actualitat\/noticies\/general\/el-consell-de-collegis-veterinaris-de-catalunya-presenta-el-manifiesto-contra-la-rabia-con-el-apoyo-del-colectivo-medico\/","name":"El Consell de Col\u00b7legis Veterinaris de Catalunya presenta el Manifiesto Contra la Rabia con el apoyo del colectivo m\u00e9dico - COVB - Col\u00b7legi Oficial de Veterinaris de Barcelona","isPartOf":{"@id":"https:\/\/www.covb.cat\/es\/#website"},"primaryImageOfPage":{"@id":"https:\/\/www.covb.cat\/es\/actualitat\/noticies\/general\/el-consell-de-collegis-veterinaris-de-catalunya-presenta-el-manifiesto-contra-la-rabia-con-el-apoyo-del-colectivo-medico\/#primaryimage"},"image":{"@id":"https:\/\/www.covb.cat\/es\/actualitat\/noticies\/general\/el-consell-de-collegis-veterinaris-de-catalunya-presenta-el-manifiesto-contra-la-rabia-con-el-apoyo-del-colectivo-medico\/#primaryimage"},"thumbnailUrl":"https:\/\/www.covb.cat\/wp-content\/uploads\/2021\/09\/dog-486550_640.jpg","datePublished":"2021-09-27T13:23:03+00:00","dateModified":"2021-09-27T13:23:25+00:00","description":"El 28 de septiembre es el D\u00eda Mundial Contra la Rabia y los veterinarios recuerdan que para hacer frente a un brote de rabia es imprescindible que la","breadcrumb":{"@id":"https:\/\/www.covb.cat\/es\/actualitat\/noticies\/general\/el-consell-de-collegis-veterinaris-de-catalunya-presenta-el-manifiesto-contra-la-rabia-con-el-apoyo-del-colectivo-medico\/#breadcrumb"},"inLanguage":"es","potentialAction":[{"@type":"ReadAction","target":["https:\/\/www.covb.cat\/es\/actualitat\/noticies\/general\/el-consell-de-collegis-veterinaris-de-catalunya-presenta-el-manifiesto-contra-la-rabia-con-el-apoyo-del-colectivo-medico\/"]}]},{"@type":"ImageObject","inLanguage":"es","@id":"https:\/\/www.covb.cat\/es\/actualitat\/noticies\/general\/el-consell-de-collegis-veterinaris-de-catalunya-presenta-el-manifiesto-contra-la-rabia-con-el-apoyo-del-colectivo-medico\/#primaryimage","url":"https:\/\/www.covb.cat\/wp-content\/uploads\/2021\/09\/dog-486550_640.jpg","contentUrl":"https:\/\/www.covb.cat\/wp-content\/uploads\/2021\/09\/dog-486550_640.jpg","width":640,"height":426},{"@type":"BreadcrumbList","@id":"https:\/\/www.covb.cat\/es\/actualitat\/noticies\/general\/el-consell-de-collegis-veterinaris-de-catalunya-presenta-el-manifiesto-contra-la-rabia-con-el-apoyo-del-colectivo-medico\/#breadcrumb","itemListElement":[{"@type":"ListItem","position":1,"name":"Inici","item":"https:\/\/www.covb.cat\/es\/"},{"@type":"ListItem","position":2,"name":"El Consell de Col\u00b7legis Veterinaris de Catalunya presenta el Manifiesto Contra la Rabia con el apoyo del colectivo m\u00e9dico"}]},{"@type":"WebSite","@id":"https:\/\/www.covb.cat\/es\/#website","url":"https:\/\/www.covb.cat\/es\/","name":"COVB","description":"Col\u00b7legi Oficial de Veterinaris de Barcelona","publisher":{"@id":"https:\/\/www.covb.cat\/es\/#organization"},"potentialAction":[{"@type":"SearchAction","target":{"@type":"EntryPoint","urlTemplate":"https:\/\/www.covb.cat\/es\/?s={search_term_string}"},"query-input":{"@type":"PropertyValueSpecification","valueRequired":true,"valueName":"search_term_string"}}],"inLanguage":"es"},{"@type":"Organization","@id":"https:\/\/www.covb.cat\/es\/#organization","name":"COVB","url":"https:\/\/www.covb.cat\/es\/","logo":{"@type":"ImageObject","inLanguage":"es","@id":"https:\/\/www.covb.cat\/es\/#\/schema\/logo\/image\/","url":"https:\/\/www.covb.cat\/wp-content\/uploads\/2018\/07\/favicon-covb.png","contentUrl":"https:\/\/www.covb.cat\/wp-content\/uploads\/2018\/07\/favicon-covb.png","width":512,"height":512,"caption":"COVB"},"image":{"@id":"https:\/\/www.covb.cat\/es\/#\/schema\/logo\/image\/"},"sameAs":["https:\/\/www.facebook.com\/COVBcat\/","https:\/\/x.com\/COVBcat","https:\/\/www.youtube.com\/user\/covbcn"]},{"@type":"Person","@id":""}]}},"jetpack_featured_media_url":"https:\/\/www.covb.cat\/wp-content\/uploads\/2021\/09\/dog-486550_640.jpg","jetpack_sharing_enabled":true,"_links":{"self":[{"href":"https:\/\/www.covb.cat\/es\/wp-json\/wp\/v2\/posts\/12062","targetHints":{"allow":["GET"]}}],"collection":[{"href":"https:\/\/www.covb.cat\/es\/wp-json\/wp\/v2\/posts"}],"about":[{"href":"https:\/\/www.covb.cat\/es\/wp-json\/wp\/v2\/types\/post"}],"author":[{"embeddable":true,"href":"https:\/\/www.covb.cat\/es\/wp-json\/wp\/v2\/users\/106"}],"replies":[{"embeddable":true,"href":"https:\/\/www.covb.cat\/es\/wp-json\/wp\/v2\/comments?post=12062"}],"version-history":[{"count":0,"href":"https:\/\/www.covb.cat\/es\/wp-json\/wp\/v2\/posts\/12062\/revisions"}],"wp:featuredmedia":[{"embeddable":true,"href":"https:\/\/www.covb.cat\/es\/wp-json\/wp\/v2\/media\/12061"}],"wp:attachment":[{"href":"https:\/\/www.covb.cat\/es\/wp-json\/wp\/v2\/media?parent=12062"}],"wp:term":[{"taxonomy":"category","embeddable":true,"href":"https:\/\/www.covb.cat\/es\/wp-json\/wp\/v2\/categories?post=12062"},{"taxonomy":"post_tag","embeddable":true,"href":"https:\/\/www.covb.cat\/es\/wp-json\/wp\/v2\/tags?post=12062"}],"curies":[{"name":"wp","href":"https:\/\/api.w.org\/{rel}","templated":true}]}}