{"id":11958,"date":"2021-09-23T16:18:15","date_gmt":"2021-09-23T14:18:15","guid":{"rendered":"https:\/\/www.covb.cat\/?p=11958"},"modified":"2021-09-23T16:19:06","modified_gmt":"2021-09-23T14:19:06","slug":"el-ccvc-se-reune-con-el-departament-de-recerca-i-universitat-de-la-generalitat-de-catalunya","status":"publish","type":"post","link":"https:\/\/www.covb.cat\/es\/actualitat\/noticies\/general\/el-ccvc-se-reune-con-el-departament-de-recerca-i-universitat-de-la-generalitat-de-catalunya\/","title":{"rendered":"El CCVC se re\u00fane con el Departament de Recerca i Universitat de la Generalitat de Catalunya"},"content":{"rendered":"<p>El presidente del Consell de Col\u00b7legis Veterinaris de Catalunya (CCVC) (CCVC) y vicepresidente del COVB, Ricard Par\u00e9s; el vicepresidente del CCVC, Ramon Ced\u00f3; y la jefa de la Direcci\u00f3n T\u00e9cnica de la CCVC, Anna Vil\u00e1, se reunieron el pasado mi\u00e9rcoles 8 de septiembre, con el director general de Impacte Territorial i Social del Coneixement, del Departament de Recerca i Universitat de la Generalitat de Catalunya, Xavier Quinquill\u00e0 con el fin de compartir los proyectos de ambas instituciones y explorar formas de colaboraci\u00f3n.<\/p>\n<p>El CCVC expuso las acciones que lleva a cabo en el \u00e1mbito de la investigaci\u00f3n y la docencia, destacando el convenio de colaboraci\u00f3n que el CCVC ha firmado con el Centre de Recerca en Sanitat Animal (CReSA) del Institut d\u2019Investigaci\u00f3 iTecnologia Agroaliment\u00e0ria (IRTA) y que define la participaci\u00f3n de los veterinarios en el estudio de la afectaci\u00f3n del SRAS-CoV2 en mascotas. En este sentido, el papel de los veterinarios ha sido clave, ya que varios centros veterinarios de Catalu\u00f1a han participado enviando muestras.<\/p>\n<p>Tambi\u00e9n se dio a conocer el proyecto \u201cTe damos la bienvenida a la profesi\u00f3n\u201d organizado por los veterinarios en colaboraci\u00f3n con la Facultat de Veterin\u00e0ria de la Universitat Aut\u00f2noma de Barcelona (UAB).<\/p>\n<p>Y, finalmente, el CCVC coment\u00f3 otros proyectos relevantes que est\u00e1 impulsando, tales como:<\/p>\n<ul>\n<li>El manejo de la proliferaci\u00f3n de gatos salvajes en \u00e1reas urbanas (colonias felinas).<\/li>\n<li>El control o asesoramiento en salud y bienestar animal en los refugios de animales.<\/li>\n<li>La formaci\u00f3n de veterinarios en diferentes \u00e1reas, como el uso prudente de antibi\u00f3ticos, entre otras.<\/li>\n<\/ul>\n","protected":false},"excerpt":{"rendered":"<p>El presidente del Consell de Col\u00b7legis Veterinaris de Catalunya (CCVC) (CCVC) y vicepresidente del COVB, Ricard Par\u00e9s; el vicepresidente del CCVC, Ramon Ced\u00f3; y la jefa de la Direcci\u00f3n T\u00e9cnica de la CCVC, Anna Vil\u00e1, se reunieron el pasado mi\u00e9rcoles 8 de septiembre, con el director general de Impacte Territorial i Social del Coneixement, del [&hellip;]<\/p>\n","protected":false},"author":106,"featured_media":0,"comment_status":"closed","ping_status":"closed","sticky":false,"template":"","format":"standard","meta":{"_monsterinsights_skip_tracking":false,"_monsterinsights_sitenote_active":false,"_monsterinsights_sitenote_note":"","_monsterinsights_sitenote_category":0,"_jetpack_memberships_contains_paid_content":false,"footnotes":""},"categories":[17,164],"tags":[],"class_list":["post-11958","post","type-post","status-publish","format-standard","hentry","category-general","category-profesional"],"yoast_head":"<!-- This site is optimized with the Yoast SEO plugin v27.0 - https:\/\/yoast.com\/product\/yoast-seo-wordpress\/ -->\n<title>El CCVC se re\u00fane con el Departament de Recerca i Universitat de la Generalitat de Catalunya - COVB - Col\u00b7legi Oficial de Veterinaris de Barcelona<\/title>\n<meta name=\"description\" content=\"El presidente del Consell de Col\u00b7legis Veterinaris de Catalunya (CCVC) (CCVC) y vicepresidente del COVB, Ricard Par\u00e9s; el vicepresidente del CCVC, Ramon\" \/>\n<meta name=\"robots\" content=\"index, follow, max-snippet:-1, max-image-preview:large, max-video-preview:-1\" \/>\n<link rel=\"canonical\" href=\"https:\/\/www.covb.cat\/es\/actualitat\/noticies\/general\/el-ccvc-se-reune-con-el-departament-de-recerca-i-universitat-de-la-generalitat-de-catalunya\/\" \/>\n<meta property=\"og:locale\" content=\"es_ES\" \/>\n<meta property=\"og:type\" content=\"article\" \/>\n<meta property=\"og:title\" content=\"El CCVC se re\u00fane con el Departament de Recerca i Universitat de la Generalitat de Catalunya - COVB - Col\u00b7legi Oficial de Veterinaris de Barcelona\" \/>\n<meta property=\"og:description\" content=\"El presidente del Consell de Col\u00b7legis Veterinaris de Catalunya (CCVC) (CCVC) y vicepresidente del COVB, Ricard Par\u00e9s; el vicepresidente del CCVC, Ramon\" \/>\n<meta property=\"og:url\" content=\"https:\/\/www.covb.cat\/es\/actualitat\/noticies\/general\/el-ccvc-se-reune-con-el-departament-de-recerca-i-universitat-de-la-generalitat-de-catalunya\/\" \/>\n<meta property=\"og:site_name\" content=\"COVB\" \/>\n<meta property=\"article:publisher\" content=\"https:\/\/www.facebook.com\/COVBcat\/\" \/>\n<meta property=\"article:published_time\" content=\"2021-09-23T14:18:15+00:00\" \/>\n<meta property=\"article:modified_time\" content=\"2021-09-23T14:19:06+00:00\" \/>\n<meta name=\"twitter:card\" content=\"summary_large_image\" \/>\n<meta name=\"twitter:creator\" content=\"@COVBcat\" \/>\n<meta name=\"twitter:site\" content=\"@COVBcat\" \/>\n<meta name=\"twitter:label1\" content=\"Escrito por\" \/>\n\t<meta name=\"twitter:data1\" content=\"\" \/>\n\t<meta name=\"twitter:label2\" content=\"Tiempo de lectura\" \/>\n\t<meta name=\"twitter:data2\" content=\"2 minutos\" \/>\n<script type=\"application\/ld+json\" class=\"yoast-schema-graph\">{\"@context\":\"https:\/\/schema.org\",\"@graph\":[{\"@type\":\"Article\",\"@id\":\"https:\/\/www.covb.cat\/es\/actualitat\/noticies\/general\/el-ccvc-se-reune-con-el-departament-de-recerca-i-universitat-de-la-generalitat-de-catalunya\/#article\",\"isPartOf\":{\"@id\":\"https:\/\/www.covb.cat\/es\/actualitat\/noticies\/general\/el-ccvc-se-reune-con-el-departament-de-recerca-i-universitat-de-la-generalitat-de-catalunya\/\"},\"author\":{\"name\":\"\",\"@id\":\"\"},\"headline\":\"El CCVC se re\u00fane con el Departament de Recerca i Universitat de la Generalitat de Catalunya\",\"datePublished\":\"2021-09-23T14:18:15+00:00\",\"dateModified\":\"2021-09-23T14:19:06+00:00\",\"mainEntityOfPage\":{\"@id\":\"https:\/\/www.covb.cat\/es\/actualitat\/noticies\/general\/el-ccvc-se-reune-con-el-departament-de-recerca-i-universitat-de-la-generalitat-de-catalunya\/\"},\"wordCount\":289,\"publisher\":{\"@id\":\"https:\/\/www.covb.cat\/es\/#organization\"},\"articleSection\":[\"General\",\"Profesi\u00f3n\"],\"inLanguage\":\"es\"},{\"@type\":\"WebPage\",\"@id\":\"https:\/\/www.covb.cat\/es\/actualitat\/noticies\/general\/el-ccvc-se-reune-con-el-departament-de-recerca-i-universitat-de-la-generalitat-de-catalunya\/\",\"url\":\"https:\/\/www.covb.cat\/es\/actualitat\/noticies\/general\/el-ccvc-se-reune-con-el-departament-de-recerca-i-universitat-de-la-generalitat-de-catalunya\/\",\"name\":\"El CCVC se re\u00fane con el Departament de Recerca i Universitat de la Generalitat de Catalunya - COVB - Col\u00b7legi Oficial de Veterinaris de Barcelona\",\"isPartOf\":{\"@id\":\"https:\/\/www.covb.cat\/es\/#website\"},\"datePublished\":\"2021-09-23T14:18:15+00:00\",\"dateModified\":\"2021-09-23T14:19:06+00:00\",\"description\":\"El presidente del Consell de Col\u00b7legis Veterinaris de Catalunya (CCVC) (CCVC) y vicepresidente del COVB, Ricard Par\u00e9s; el vicepresidente del CCVC, Ramon\",\"breadcrumb\":{\"@id\":\"https:\/\/www.covb.cat\/es\/actualitat\/noticies\/general\/el-ccvc-se-reune-con-el-departament-de-recerca-i-universitat-de-la-generalitat-de-catalunya\/#breadcrumb\"},\"inLanguage\":\"es\",\"potentialAction\":[{\"@type\":\"ReadAction\",\"target\":[\"https:\/\/www.covb.cat\/es\/actualitat\/noticies\/general\/el-ccvc-se-reune-con-el-departament-de-recerca-i-universitat-de-la-generalitat-de-catalunya\/\"]}]},{\"@type\":\"BreadcrumbList\",\"@id\":\"https:\/\/www.covb.cat\/es\/actualitat\/noticies\/general\/el-ccvc-se-reune-con-el-departament-de-recerca-i-universitat-de-la-generalitat-de-catalunya\/#breadcrumb\",\"itemListElement\":[{\"@type\":\"ListItem\",\"position\":1,\"name\":\"Inici\",\"item\":\"https:\/\/www.covb.cat\/es\/\"},{\"@type\":\"ListItem\",\"position\":2,\"name\":\"El CCVC se re\u00fane con el Departament de Recerca i Universitat de la Generalitat de Catalunya\"}]},{\"@type\":\"WebSite\",\"@id\":\"https:\/\/www.covb.cat\/es\/#website\",\"url\":\"https:\/\/www.covb.cat\/es\/\",\"name\":\"COVB\",\"description\":\"Col\u00b7legi Oficial de Veterinaris de Barcelona\",\"publisher\":{\"@id\":\"https:\/\/www.covb.cat\/es\/#organization\"},\"potentialAction\":[{\"@type\":\"SearchAction\",\"target\":{\"@type\":\"EntryPoint\",\"urlTemplate\":\"https:\/\/www.covb.cat\/es\/?s={search_term_string}\"},\"query-input\":{\"@type\":\"PropertyValueSpecification\",\"valueRequired\":true,\"valueName\":\"search_term_string\"}}],\"inLanguage\":\"es\"},{\"@type\":\"Organization\",\"@id\":\"https:\/\/www.covb.cat\/es\/#organization\",\"name\":\"COVB\",\"url\":\"https:\/\/www.covb.cat\/es\/\",\"logo\":{\"@type\":\"ImageObject\",\"inLanguage\":\"es\",\"@id\":\"https:\/\/www.covb.cat\/es\/#\/schema\/logo\/image\/\",\"url\":\"https:\/\/www.covb.cat\/wp-content\/uploads\/2018\/07\/favicon-covb.png\",\"contentUrl\":\"https:\/\/www.covb.cat\/wp-content\/uploads\/2018\/07\/favicon-covb.png\",\"width\":512,\"height\":512,\"caption\":\"COVB\"},\"image\":{\"@id\":\"https:\/\/www.covb.cat\/es\/#\/schema\/logo\/image\/\"},\"sameAs\":[\"https:\/\/www.facebook.com\/COVBcat\/\",\"https:\/\/x.com\/COVBcat\",\"https:\/\/www.youtube.com\/user\/covbcn\"]},{\"@type\":\"Person\",\"@id\":\"\"}]}<\/script>\n<!-- \/ Yoast SEO plugin. -->","yoast_head_json":{"title":"El CCVC se re\u00fane con el Departament de Recerca i Universitat de la Generalitat de Catalunya - COVB - Col\u00b7legi Oficial de Veterinaris de Barcelona","description":"El presidente del Consell de Col\u00b7legis Veterinaris de Catalunya (CCVC) (CCVC) y vicepresidente del COVB, Ricard Par\u00e9s; el vicepresidente del CCVC, Ramon","robots":{"index":"index","follow":"follow","max-snippet":"max-snippet:-1","max-image-preview":"max-image-preview:large","max-video-preview":"max-video-preview:-1"},"canonical":"https:\/\/www.covb.cat\/es\/actualitat\/noticies\/general\/el-ccvc-se-reune-con-el-departament-de-recerca-i-universitat-de-la-generalitat-de-catalunya\/","og_locale":"es_ES","og_type":"article","og_title":"El CCVC se re\u00fane con el Departament de Recerca i Universitat de la Generalitat de Catalunya - COVB - Col\u00b7legi Oficial de Veterinaris de Barcelona","og_description":"El presidente del Consell de Col\u00b7legis Veterinaris de Catalunya (CCVC) (CCVC) y vicepresidente del COVB, Ricard Par\u00e9s; el vicepresidente del CCVC, Ramon","og_url":"https:\/\/www.covb.cat\/es\/actualitat\/noticies\/general\/el-ccvc-se-reune-con-el-departament-de-recerca-i-universitat-de-la-generalitat-de-catalunya\/","og_site_name":"COVB","article_publisher":"https:\/\/www.facebook.com\/COVBcat\/","article_published_time":"2021-09-23T14:18:15+00:00","article_modified_time":"2021-09-23T14:19:06+00:00","twitter_card":"summary_large_image","twitter_creator":"@COVBcat","twitter_site":"@COVBcat","twitter_misc":{"Escrito por":"","Tiempo de lectura":"2 minutos"},"schema":{"@context":"https:\/\/schema.org","@graph":[{"@type":"Article","@id":"https:\/\/www.covb.cat\/es\/actualitat\/noticies\/general\/el-ccvc-se-reune-con-el-departament-de-recerca-i-universitat-de-la-generalitat-de-catalunya\/#article","isPartOf":{"@id":"https:\/\/www.covb.cat\/es\/actualitat\/noticies\/general\/el-ccvc-se-reune-con-el-departament-de-recerca-i-universitat-de-la-generalitat-de-catalunya\/"},"author":{"name":"","@id":""},"headline":"El CCVC se re\u00fane con el Departament de Recerca i Universitat de la Generalitat de Catalunya","datePublished":"2021-09-23T14:18:15+00:00","dateModified":"2021-09-23T14:19:06+00:00","mainEntityOfPage":{"@id":"https:\/\/www.covb.cat\/es\/actualitat\/noticies\/general\/el-ccvc-se-reune-con-el-departament-de-recerca-i-universitat-de-la-generalitat-de-catalunya\/"},"wordCount":289,"publisher":{"@id":"https:\/\/www.covb.cat\/es\/#organization"},"articleSection":["General","Profesi\u00f3n"],"inLanguage":"es"},{"@type":"WebPage","@id":"https:\/\/www.covb.cat\/es\/actualitat\/noticies\/general\/el-ccvc-se-reune-con-el-departament-de-recerca-i-universitat-de-la-generalitat-de-catalunya\/","url":"https:\/\/www.covb.cat\/es\/actualitat\/noticies\/general\/el-ccvc-se-reune-con-el-departament-de-recerca-i-universitat-de-la-generalitat-de-catalunya\/","name":"El CCVC se re\u00fane con el Departament de Recerca i Universitat de la Generalitat de Catalunya - COVB - Col\u00b7legi Oficial de Veterinaris de Barcelona","isPartOf":{"@id":"https:\/\/www.covb.cat\/es\/#website"},"datePublished":"2021-09-23T14:18:15+00:00","dateModified":"2021-09-23T14:19:06+00:00","description":"El presidente del Consell de Col\u00b7legis Veterinaris de Catalunya (CCVC) (CCVC) y vicepresidente del COVB, Ricard Par\u00e9s; el vicepresidente del CCVC, Ramon","breadcrumb":{"@id":"https:\/\/www.covb.cat\/es\/actualitat\/noticies\/general\/el-ccvc-se-reune-con-el-departament-de-recerca-i-universitat-de-la-generalitat-de-catalunya\/#breadcrumb"},"inLanguage":"es","potentialAction":[{"@type":"ReadAction","target":["https:\/\/www.covb.cat\/es\/actualitat\/noticies\/general\/el-ccvc-se-reune-con-el-departament-de-recerca-i-universitat-de-la-generalitat-de-catalunya\/"]}]},{"@type":"BreadcrumbList","@id":"https:\/\/www.covb.cat\/es\/actualitat\/noticies\/general\/el-ccvc-se-reune-con-el-departament-de-recerca-i-universitat-de-la-generalitat-de-catalunya\/#breadcrumb","itemListElement":[{"@type":"ListItem","position":1,"name":"Inici","item":"https:\/\/www.covb.cat\/es\/"},{"@type":"ListItem","position":2,"name":"El CCVC se re\u00fane con el Departament de Recerca i Universitat de la Generalitat de Catalunya"}]},{"@type":"WebSite","@id":"https:\/\/www.covb.cat\/es\/#website","url":"https:\/\/www.covb.cat\/es\/","name":"COVB","description":"Col\u00b7legi Oficial de Veterinaris de Barcelona","publisher":{"@id":"https:\/\/www.covb.cat\/es\/#organization"},"potentialAction":[{"@type":"SearchAction","target":{"@type":"EntryPoint","urlTemplate":"https:\/\/www.covb.cat\/es\/?s={search_term_string}"},"query-input":{"@type":"PropertyValueSpecification","valueRequired":true,"valueName":"search_term_string"}}],"inLanguage":"es"},{"@type":"Organization","@id":"https:\/\/www.covb.cat\/es\/#organization","name":"COVB","url":"https:\/\/www.covb.cat\/es\/","logo":{"@type":"ImageObject","inLanguage":"es","@id":"https:\/\/www.covb.cat\/es\/#\/schema\/logo\/image\/","url":"https:\/\/www.covb.cat\/wp-content\/uploads\/2018\/07\/favicon-covb.png","contentUrl":"https:\/\/www.covb.cat\/wp-content\/uploads\/2018\/07\/favicon-covb.png","width":512,"height":512,"caption":"COVB"},"image":{"@id":"https:\/\/www.covb.cat\/es\/#\/schema\/logo\/image\/"},"sameAs":["https:\/\/www.facebook.com\/COVBcat\/","https:\/\/x.com\/COVBcat","https:\/\/www.youtube.com\/user\/covbcn"]},{"@type":"Person","@id":""}]}},"jetpack_featured_media_url":"","jetpack_sharing_enabled":true,"_links":{"self":[{"href":"https:\/\/www.covb.cat\/es\/wp-json\/wp\/v2\/posts\/11958","targetHints":{"allow":["GET"]}}],"collection":[{"href":"https:\/\/www.covb.cat\/es\/wp-json\/wp\/v2\/posts"}],"about":[{"href":"https:\/\/www.covb.cat\/es\/wp-json\/wp\/v2\/types\/post"}],"author":[{"embeddable":true,"href":"https:\/\/www.covb.cat\/es\/wp-json\/wp\/v2\/users\/106"}],"replies":[{"embeddable":true,"href":"https:\/\/www.covb.cat\/es\/wp-json\/wp\/v2\/comments?post=11958"}],"version-history":[{"count":0,"href":"https:\/\/www.covb.cat\/es\/wp-json\/wp\/v2\/posts\/11958\/revisions"}],"wp:attachment":[{"href":"https:\/\/www.covb.cat\/es\/wp-json\/wp\/v2\/media?parent=11958"}],"wp:term":[{"taxonomy":"category","embeddable":true,"href":"https:\/\/www.covb.cat\/es\/wp-json\/wp\/v2\/categories?post=11958"},{"taxonomy":"post_tag","embeddable":true,"href":"https:\/\/www.covb.cat\/es\/wp-json\/wp\/v2\/tags?post=11958"}],"curies":[{"name":"wp","href":"https:\/\/api.w.org\/{rel}","templated":true}]}}