{"id":11418,"date":"2021-09-03T15:49:35","date_gmt":"2021-09-03T13:49:35","guid":{"rendered":"https:\/\/www.covb.cat\/?p=11418"},"modified":"2021-09-03T16:48:17","modified_gmt":"2021-09-03T14:48:17","slug":"virus-del-nilo-occidental-cataluna-detecta-un-caballo-seropositivo","status":"publish","type":"post","link":"https:\/\/www.covb.cat\/es\/actualitat\/noticies\/general\/virus-del-nilo-occidental-cataluna-detecta-un-caballo-seropositivo\/","title":{"rendered":"Virus del Nilo Occidental: Catalu\u00f1a detecta un caballo seropositivo \u00ab"},"content":{"rendered":"<p>Estimados \/ as,<\/p>\n<p>Os transmitimos informaci\u00f3n recibida hoy sobre el Virus del Nilo:<\/p>\n<p>Os informamos que en fecha 1 de septiembre, el IRTA-CReSA ha detectado un caballo seropositivo a anticuerpos del VNO mediante la t\u00e9cnica ELISA de captura. Otro caballo ha obtenido resultados dudosos en la misma t\u00e9cnica.<\/p>\n<p>Los \u00e9quidos fueron muestreados para vigilancia activa dentro del marco del Programa de alerta, prevenci\u00f3n y control del Virus del Nilo Occidental en hu\u00e9spedes animales en Catalu\u00f1a, que fue activado con motivo de la detecci\u00f3n de mosquitos positivos al VNO el pasado 23 de agosto que ya se le comunic\u00f3 (mail adjunto). Ambos, residen en explotaciones cercanas a la zona de detecci\u00f3n de los mosquitos positivos y no presentan sintomatolog\u00eda cl\u00ednica compatible con la enfermedad.<\/p>\n<p>Las muestras se han enviado al Laboratorio Central de Veterinaria de Algete para su confirmaci\u00f3n.<\/p>\n<p>Os mantendremos informados sobre los resultados de confirmaci\u00f3n de estos caballos y cualquier otra novedad sobre la situaci\u00f3n epidemiol\u00f3gica hacia la Fiebre del Nilo Occidental en Catalu\u00f1a.<\/p>\n","protected":false},"excerpt":{"rendered":"<p>Estimados \/ as, Os transmitimos informaci\u00f3n recibida hoy sobre el Virus del Nilo: Os informamos que en fecha 1 de septiembre, el IRTA-CReSA ha detectado un caballo seropositivo a anticuerpos del VNO mediante la t\u00e9cnica ELISA de captura. Otro caballo ha obtenido resultados dudosos en la misma t\u00e9cnica. Los \u00e9quidos fueron muestreados para vigilancia activa [&hellip;]<\/p>\n","protected":false},"author":106,"featured_media":11416,"comment_status":"closed","ping_status":"closed","sticky":false,"template":"","format":"standard","meta":{"_monsterinsights_skip_tracking":false,"_monsterinsights_sitenote_active":false,"_monsterinsights_sitenote_note":"","_monsterinsights_sitenote_category":0,"_jetpack_memberships_contains_paid_content":false,"footnotes":""},"categories":[17],"tags":[],"class_list":["post-11418","post","type-post","status-publish","format-standard","has-post-thumbnail","hentry","category-general"],"yoast_head":"<!-- This site is optimized with the Yoast SEO plugin v27.0 - https:\/\/yoast.com\/product\/yoast-seo-wordpress\/ -->\n<title>Virus del Nilo Occidental: Catalu\u00f1a detecta un caballo seropositivo &quot; - COVB - Col\u00b7legi Oficial de Veterinaris de Barcelona<\/title>\n<meta name=\"description\" content=\"Estimados \/ as, Os transmitimos informaci\u00f3n recibida hoy sobre el Virus del Nilo: Os informamos que en fecha 1 de septiembre, el IRTA-CReSA ha detectado\" \/>\n<meta name=\"robots\" content=\"index, follow, max-snippet:-1, max-image-preview:large, max-video-preview:-1\" \/>\n<link rel=\"canonical\" href=\"https:\/\/www.covb.cat\/es\/actualitat\/noticies\/general\/virus-del-nilo-occidental-cataluna-detecta-un-caballo-seropositivo\/\" \/>\n<meta property=\"og:locale\" content=\"es_ES\" \/>\n<meta property=\"og:type\" content=\"article\" \/>\n<meta property=\"og:title\" content=\"Virus del Nilo Occidental: Catalu\u00f1a detecta un caballo seropositivo &quot; - COVB - Col\u00b7legi Oficial de Veterinaris de Barcelona\" \/>\n<meta property=\"og:description\" content=\"Estimados \/ as, Os transmitimos informaci\u00f3n recibida hoy sobre el Virus del Nilo: Os informamos que en fecha 1 de septiembre, el IRTA-CReSA ha detectado\" \/>\n<meta property=\"og:url\" content=\"https:\/\/www.covb.cat\/es\/actualitat\/noticies\/general\/virus-del-nilo-occidental-cataluna-detecta-un-caballo-seropositivo\/\" \/>\n<meta property=\"og:site_name\" content=\"COVB\" \/>\n<meta property=\"article:publisher\" content=\"https:\/\/www.facebook.com\/COVBcat\/\" \/>\n<meta property=\"article:published_time\" content=\"2021-09-03T13:49:35+00:00\" \/>\n<meta property=\"article:modified_time\" content=\"2021-09-03T14:48:17+00:00\" \/>\n<meta property=\"og:image\" content=\"https:\/\/www.covb.cat\/wp-content\/uploads\/2021\/09\/bg_niloccidental.jpg\" \/>\n\t<meta property=\"og:image:width\" content=\"600\" \/>\n\t<meta property=\"og:image:height\" content=\"247\" \/>\n\t<meta property=\"og:image:type\" content=\"image\/jpeg\" \/>\n<meta name=\"twitter:card\" content=\"summary_large_image\" \/>\n<meta name=\"twitter:creator\" content=\"@COVBcat\" \/>\n<meta name=\"twitter:site\" content=\"@COVBcat\" \/>\n<meta name=\"twitter:label1\" content=\"Escrito por\" \/>\n\t<meta name=\"twitter:data1\" content=\"\" \/>\n\t<meta name=\"twitter:label2\" content=\"Tiempo de lectura\" \/>\n\t<meta name=\"twitter:data2\" content=\"1 minuto\" \/>\n<script type=\"application\/ld+json\" class=\"yoast-schema-graph\">{\"@context\":\"https:\/\/schema.org\",\"@graph\":[{\"@type\":\"Article\",\"@id\":\"https:\/\/www.covb.cat\/es\/actualitat\/noticies\/general\/virus-del-nilo-occidental-cataluna-detecta-un-caballo-seropositivo\/#article\",\"isPartOf\":{\"@id\":\"https:\/\/www.covb.cat\/es\/actualitat\/noticies\/general\/virus-del-nilo-occidental-cataluna-detecta-un-caballo-seropositivo\/\"},\"author\":{\"name\":\"\",\"@id\":\"\"},\"headline\":\"Virus del Nilo Occidental: Catalu\u00f1a detecta un caballo seropositivo \u00ab\",\"datePublished\":\"2021-09-03T13:49:35+00:00\",\"dateModified\":\"2021-09-03T14:48:17+00:00\",\"mainEntityOfPage\":{\"@id\":\"https:\/\/www.covb.cat\/es\/actualitat\/noticies\/general\/virus-del-nilo-occidental-cataluna-detecta-un-caballo-seropositivo\/\"},\"wordCount\":187,\"publisher\":{\"@id\":\"https:\/\/www.covb.cat\/es\/#organization\"},\"image\":{\"@id\":\"https:\/\/www.covb.cat\/es\/actualitat\/noticies\/general\/virus-del-nilo-occidental-cataluna-detecta-un-caballo-seropositivo\/#primaryimage\"},\"thumbnailUrl\":\"https:\/\/www.covb.cat\/wp-content\/uploads\/2021\/09\/bg_niloccidental.jpg\",\"articleSection\":[\"General\"],\"inLanguage\":\"es\"},{\"@type\":\"WebPage\",\"@id\":\"https:\/\/www.covb.cat\/es\/actualitat\/noticies\/general\/virus-del-nilo-occidental-cataluna-detecta-un-caballo-seropositivo\/\",\"url\":\"https:\/\/www.covb.cat\/es\/actualitat\/noticies\/general\/virus-del-nilo-occidental-cataluna-detecta-un-caballo-seropositivo\/\",\"name\":\"Virus del Nilo Occidental: Catalu\u00f1a detecta un caballo seropositivo \\\" - COVB - Col\u00b7legi Oficial de Veterinaris de Barcelona\",\"isPartOf\":{\"@id\":\"https:\/\/www.covb.cat\/es\/#website\"},\"primaryImageOfPage\":{\"@id\":\"https:\/\/www.covb.cat\/es\/actualitat\/noticies\/general\/virus-del-nilo-occidental-cataluna-detecta-un-caballo-seropositivo\/#primaryimage\"},\"image\":{\"@id\":\"https:\/\/www.covb.cat\/es\/actualitat\/noticies\/general\/virus-del-nilo-occidental-cataluna-detecta-un-caballo-seropositivo\/#primaryimage\"},\"thumbnailUrl\":\"https:\/\/www.covb.cat\/wp-content\/uploads\/2021\/09\/bg_niloccidental.jpg\",\"datePublished\":\"2021-09-03T13:49:35+00:00\",\"dateModified\":\"2021-09-03T14:48:17+00:00\",\"description\":\"Estimados \/ as, Os transmitimos informaci\u00f3n recibida hoy sobre el Virus del Nilo: Os informamos que en fecha 1 de septiembre, el IRTA-CReSA ha detectado\",\"breadcrumb\":{\"@id\":\"https:\/\/www.covb.cat\/es\/actualitat\/noticies\/general\/virus-del-nilo-occidental-cataluna-detecta-un-caballo-seropositivo\/#breadcrumb\"},\"inLanguage\":\"es\",\"potentialAction\":[{\"@type\":\"ReadAction\",\"target\":[\"https:\/\/www.covb.cat\/es\/actualitat\/noticies\/general\/virus-del-nilo-occidental-cataluna-detecta-un-caballo-seropositivo\/\"]}]},{\"@type\":\"ImageObject\",\"inLanguage\":\"es\",\"@id\":\"https:\/\/www.covb.cat\/es\/actualitat\/noticies\/general\/virus-del-nilo-occidental-cataluna-detecta-un-caballo-seropositivo\/#primaryimage\",\"url\":\"https:\/\/www.covb.cat\/wp-content\/uploads\/2021\/09\/bg_niloccidental.jpg\",\"contentUrl\":\"https:\/\/www.covb.cat\/wp-content\/uploads\/2021\/09\/bg_niloccidental.jpg\",\"width\":600,\"height\":247},{\"@type\":\"BreadcrumbList\",\"@id\":\"https:\/\/www.covb.cat\/es\/actualitat\/noticies\/general\/virus-del-nilo-occidental-cataluna-detecta-un-caballo-seropositivo\/#breadcrumb\",\"itemListElement\":[{\"@type\":\"ListItem\",\"position\":1,\"name\":\"Inici\",\"item\":\"https:\/\/www.covb.cat\/es\/\"},{\"@type\":\"ListItem\",\"position\":2,\"name\":\"Virus del Nilo Occidental: Catalu\u00f1a detecta un caballo seropositivo \u00ab\"}]},{\"@type\":\"WebSite\",\"@id\":\"https:\/\/www.covb.cat\/es\/#website\",\"url\":\"https:\/\/www.covb.cat\/es\/\",\"name\":\"COVB\",\"description\":\"Col\u00b7legi Oficial de Veterinaris de Barcelona\",\"publisher\":{\"@id\":\"https:\/\/www.covb.cat\/es\/#organization\"},\"potentialAction\":[{\"@type\":\"SearchAction\",\"target\":{\"@type\":\"EntryPoint\",\"urlTemplate\":\"https:\/\/www.covb.cat\/es\/?s={search_term_string}\"},\"query-input\":{\"@type\":\"PropertyValueSpecification\",\"valueRequired\":true,\"valueName\":\"search_term_string\"}}],\"inLanguage\":\"es\"},{\"@type\":\"Organization\",\"@id\":\"https:\/\/www.covb.cat\/es\/#organization\",\"name\":\"COVB\",\"url\":\"https:\/\/www.covb.cat\/es\/\",\"logo\":{\"@type\":\"ImageObject\",\"inLanguage\":\"es\",\"@id\":\"https:\/\/www.covb.cat\/es\/#\/schema\/logo\/image\/\",\"url\":\"https:\/\/www.covb.cat\/wp-content\/uploads\/2018\/07\/favicon-covb.png\",\"contentUrl\":\"https:\/\/www.covb.cat\/wp-content\/uploads\/2018\/07\/favicon-covb.png\",\"width\":512,\"height\":512,\"caption\":\"COVB\"},\"image\":{\"@id\":\"https:\/\/www.covb.cat\/es\/#\/schema\/logo\/image\/\"},\"sameAs\":[\"https:\/\/www.facebook.com\/COVBcat\/\",\"https:\/\/x.com\/COVBcat\",\"https:\/\/www.youtube.com\/user\/covbcn\"]},{\"@type\":\"Person\",\"@id\":\"\"}]}<\/script>\n<!-- \/ Yoast SEO plugin. -->","yoast_head_json":{"title":"Virus del Nilo Occidental: Catalu\u00f1a detecta un caballo seropositivo \" - COVB - Col\u00b7legi Oficial de Veterinaris de Barcelona","description":"Estimados \/ as, Os transmitimos informaci\u00f3n recibida hoy sobre el Virus del Nilo: Os informamos que en fecha 1 de septiembre, el IRTA-CReSA ha detectado","robots":{"index":"index","follow":"follow","max-snippet":"max-snippet:-1","max-image-preview":"max-image-preview:large","max-video-preview":"max-video-preview:-1"},"canonical":"https:\/\/www.covb.cat\/es\/actualitat\/noticies\/general\/virus-del-nilo-occidental-cataluna-detecta-un-caballo-seropositivo\/","og_locale":"es_ES","og_type":"article","og_title":"Virus del Nilo Occidental: Catalu\u00f1a detecta un caballo seropositivo \" - COVB - Col\u00b7legi Oficial de Veterinaris de Barcelona","og_description":"Estimados \/ as, Os transmitimos informaci\u00f3n recibida hoy sobre el Virus del Nilo: Os informamos que en fecha 1 de septiembre, el IRTA-CReSA ha detectado","og_url":"https:\/\/www.covb.cat\/es\/actualitat\/noticies\/general\/virus-del-nilo-occidental-cataluna-detecta-un-caballo-seropositivo\/","og_site_name":"COVB","article_publisher":"https:\/\/www.facebook.com\/COVBcat\/","article_published_time":"2021-09-03T13:49:35+00:00","article_modified_time":"2021-09-03T14:48:17+00:00","og_image":[{"width":600,"height":247,"url":"https:\/\/www.covb.cat\/wp-content\/uploads\/2021\/09\/bg_niloccidental.jpg","type":"image\/jpeg"}],"twitter_card":"summary_large_image","twitter_creator":"@COVBcat","twitter_site":"@COVBcat","twitter_misc":{"Escrito por":"","Tiempo de lectura":"1 minuto"},"schema":{"@context":"https:\/\/schema.org","@graph":[{"@type":"Article","@id":"https:\/\/www.covb.cat\/es\/actualitat\/noticies\/general\/virus-del-nilo-occidental-cataluna-detecta-un-caballo-seropositivo\/#article","isPartOf":{"@id":"https:\/\/www.covb.cat\/es\/actualitat\/noticies\/general\/virus-del-nilo-occidental-cataluna-detecta-un-caballo-seropositivo\/"},"author":{"name":"","@id":""},"headline":"Virus del Nilo Occidental: Catalu\u00f1a detecta un caballo seropositivo \u00ab","datePublished":"2021-09-03T13:49:35+00:00","dateModified":"2021-09-03T14:48:17+00:00","mainEntityOfPage":{"@id":"https:\/\/www.covb.cat\/es\/actualitat\/noticies\/general\/virus-del-nilo-occidental-cataluna-detecta-un-caballo-seropositivo\/"},"wordCount":187,"publisher":{"@id":"https:\/\/www.covb.cat\/es\/#organization"},"image":{"@id":"https:\/\/www.covb.cat\/es\/actualitat\/noticies\/general\/virus-del-nilo-occidental-cataluna-detecta-un-caballo-seropositivo\/#primaryimage"},"thumbnailUrl":"https:\/\/www.covb.cat\/wp-content\/uploads\/2021\/09\/bg_niloccidental.jpg","articleSection":["General"],"inLanguage":"es"},{"@type":"WebPage","@id":"https:\/\/www.covb.cat\/es\/actualitat\/noticies\/general\/virus-del-nilo-occidental-cataluna-detecta-un-caballo-seropositivo\/","url":"https:\/\/www.covb.cat\/es\/actualitat\/noticies\/general\/virus-del-nilo-occidental-cataluna-detecta-un-caballo-seropositivo\/","name":"Virus del Nilo Occidental: Catalu\u00f1a detecta un caballo seropositivo \" - COVB - Col\u00b7legi Oficial de Veterinaris de Barcelona","isPartOf":{"@id":"https:\/\/www.covb.cat\/es\/#website"},"primaryImageOfPage":{"@id":"https:\/\/www.covb.cat\/es\/actualitat\/noticies\/general\/virus-del-nilo-occidental-cataluna-detecta-un-caballo-seropositivo\/#primaryimage"},"image":{"@id":"https:\/\/www.covb.cat\/es\/actualitat\/noticies\/general\/virus-del-nilo-occidental-cataluna-detecta-un-caballo-seropositivo\/#primaryimage"},"thumbnailUrl":"https:\/\/www.covb.cat\/wp-content\/uploads\/2021\/09\/bg_niloccidental.jpg","datePublished":"2021-09-03T13:49:35+00:00","dateModified":"2021-09-03T14:48:17+00:00","description":"Estimados \/ as, Os transmitimos informaci\u00f3n recibida hoy sobre el Virus del Nilo: Os informamos que en fecha 1 de septiembre, el IRTA-CReSA ha detectado","breadcrumb":{"@id":"https:\/\/www.covb.cat\/es\/actualitat\/noticies\/general\/virus-del-nilo-occidental-cataluna-detecta-un-caballo-seropositivo\/#breadcrumb"},"inLanguage":"es","potentialAction":[{"@type":"ReadAction","target":["https:\/\/www.covb.cat\/es\/actualitat\/noticies\/general\/virus-del-nilo-occidental-cataluna-detecta-un-caballo-seropositivo\/"]}]},{"@type":"ImageObject","inLanguage":"es","@id":"https:\/\/www.covb.cat\/es\/actualitat\/noticies\/general\/virus-del-nilo-occidental-cataluna-detecta-un-caballo-seropositivo\/#primaryimage","url":"https:\/\/www.covb.cat\/wp-content\/uploads\/2021\/09\/bg_niloccidental.jpg","contentUrl":"https:\/\/www.covb.cat\/wp-content\/uploads\/2021\/09\/bg_niloccidental.jpg","width":600,"height":247},{"@type":"BreadcrumbList","@id":"https:\/\/www.covb.cat\/es\/actualitat\/noticies\/general\/virus-del-nilo-occidental-cataluna-detecta-un-caballo-seropositivo\/#breadcrumb","itemListElement":[{"@type":"ListItem","position":1,"name":"Inici","item":"https:\/\/www.covb.cat\/es\/"},{"@type":"ListItem","position":2,"name":"Virus del Nilo Occidental: Catalu\u00f1a detecta un caballo seropositivo \u00ab"}]},{"@type":"WebSite","@id":"https:\/\/www.covb.cat\/es\/#website","url":"https:\/\/www.covb.cat\/es\/","name":"COVB","description":"Col\u00b7legi Oficial de Veterinaris de Barcelona","publisher":{"@id":"https:\/\/www.covb.cat\/es\/#organization"},"potentialAction":[{"@type":"SearchAction","target":{"@type":"EntryPoint","urlTemplate":"https:\/\/www.covb.cat\/es\/?s={search_term_string}"},"query-input":{"@type":"PropertyValueSpecification","valueRequired":true,"valueName":"search_term_string"}}],"inLanguage":"es"},{"@type":"Organization","@id":"https:\/\/www.covb.cat\/es\/#organization","name":"COVB","url":"https:\/\/www.covb.cat\/es\/","logo":{"@type":"ImageObject","inLanguage":"es","@id":"https:\/\/www.covb.cat\/es\/#\/schema\/logo\/image\/","url":"https:\/\/www.covb.cat\/wp-content\/uploads\/2018\/07\/favicon-covb.png","contentUrl":"https:\/\/www.covb.cat\/wp-content\/uploads\/2018\/07\/favicon-covb.png","width":512,"height":512,"caption":"COVB"},"image":{"@id":"https:\/\/www.covb.cat\/es\/#\/schema\/logo\/image\/"},"sameAs":["https:\/\/www.facebook.com\/COVBcat\/","https:\/\/x.com\/COVBcat","https:\/\/www.youtube.com\/user\/covbcn"]},{"@type":"Person","@id":""}]}},"jetpack_featured_media_url":"https:\/\/www.covb.cat\/wp-content\/uploads\/2021\/09\/bg_niloccidental.jpg","jetpack_sharing_enabled":true,"_links":{"self":[{"href":"https:\/\/www.covb.cat\/es\/wp-json\/wp\/v2\/posts\/11418","targetHints":{"allow":["GET"]}}],"collection":[{"href":"https:\/\/www.covb.cat\/es\/wp-json\/wp\/v2\/posts"}],"about":[{"href":"https:\/\/www.covb.cat\/es\/wp-json\/wp\/v2\/types\/post"}],"author":[{"embeddable":true,"href":"https:\/\/www.covb.cat\/es\/wp-json\/wp\/v2\/users\/106"}],"replies":[{"embeddable":true,"href":"https:\/\/www.covb.cat\/es\/wp-json\/wp\/v2\/comments?post=11418"}],"version-history":[{"count":0,"href":"https:\/\/www.covb.cat\/es\/wp-json\/wp\/v2\/posts\/11418\/revisions"}],"wp:featuredmedia":[{"embeddable":true,"href":"https:\/\/www.covb.cat\/es\/wp-json\/wp\/v2\/media\/11416"}],"wp:attachment":[{"href":"https:\/\/www.covb.cat\/es\/wp-json\/wp\/v2\/media?parent=11418"}],"wp:term":[{"taxonomy":"category","embeddable":true,"href":"https:\/\/www.covb.cat\/es\/wp-json\/wp\/v2\/categories?post=11418"},{"taxonomy":"post_tag","embeddable":true,"href":"https:\/\/www.covb.cat\/es\/wp-json\/wp\/v2\/tags?post=11418"}],"curies":[{"name":"wp","href":"https:\/\/api.w.org\/{rel}","templated":true}]}}