{"id":10694,"date":"2021-07-30T14:50:36","date_gmt":"2021-07-30T12:50:36","guid":{"rendered":"https:\/\/www.covb.cat\/?p=10694"},"modified":"2021-07-30T14:50:36","modified_gmt":"2021-07-30T12:50:36","slug":"normas-basicas-de-ordenacion-de-granjas-avicolas","status":"publish","type":"post","link":"https:\/\/www.covb.cat\/es\/actualitat\/noticies\/profesional\/normas-basicas-de-ordenacion-de-granjas-avicolas\/","title":{"rendered":"Normas b\u00e1sicas de ordenaci\u00f3n de granjas av\u00edcolas"},"content":{"rendered":"<p>Os ponemos al corriente de la publicaci\u00f3n del \u201c<a href=\"https:\/\/eur03.safelinks.protection.outlook.com\/?url=https%3A%2F%2Fwww.boe.es%2Fdiario_boe%2Ftxt.php%3Fid%3DBOE-A-2021-12609&amp;data=04%7C01%7Craquel.arpa%40gencat.cat%7C4697909eb128450ed5b908d9519af860%7C3b9427dcd30e43bc8c06ff7253676fec%7C1%7C0%7C637630548309127072%7CUnknown%7CTWFpbGZsb3d8eyJWIjoiMC4wLjAwMDAiLCJQIjoiV2luMzIiLCJBTiI6Ik1haWwiLCJXVCI6Mn0%3D%7C1000&amp;sdata=4jk2UK2eipKmstDeX%2BBNX%2FISmN2WqnkDzDmd%2F%2BvtFnU%3D&amp;reserved=0\"><strong>Real Decreto 637\/2021<\/strong><\/a>, de 27 de julio, por el que se establecen las normas b\u00e1sicas de ordenaci\u00f3n de las granjas av\u00edcolas\u201d.<\/p>\n<p>Este Real Decreto establece las normas b\u00e1sicas para la ordenaci\u00f3n zoot\u00e9cnica y sanitaria de las explotaciones av\u00edcolas, incluidas las condiciones m\u00ednimas de infraestructura, equipaci\u00f3n y manejo, ubicaci\u00f3n, bioseguridad y condiciones higi\u00e9nico-sanitarias y requisitos medioambientales, que permitan un eficaz y correcto desarrollo de la actividad ganadera del sector av\u00edcola, de acuerdo con la normativa vigente en materia de higiene, sanidad animal, identificaci\u00f3n y registro, bienestar de los animales, medio ambiente y cambio clim\u00e1tico.<\/p>\n<p><u>Derogaciones de la normativa<\/u><\/p>\n<ol>\n<li>Quedan derogados el Real Decreto 1084\/2005, de 16 de septiembre, de ordenaci\u00f3n de avicultura de carne, y el Real Decreto 328\/2003, de 14 de marzo, por el cual se establece y regula el plan sanitario av\u00edcola.<\/li>\n<li>El Real Decreto 1888\/2000, de 22 de noviembre, por el cual se establecen las condiciones de sanidad animal aplicables en los intercambios intracomunitarios y las importaciones de aves de corral y de huevos para incubar, procedentes de pa\u00edses terceros.<\/li>\n<li>Queda derogada cualquier otra disposici\u00f3n de igual o inferior rango, en todo aquello que se oponga en este Real Decreto.<\/li>\n<\/ol>\n<p>Este <strong>Real Decreto entra en vigor el d\u00eda siguiente de su publicaci\u00f3n \u201cen el Bolet\u00edn Oficial del Estado\u201d.<\/strong><\/p>\n<p>Sin embargo:<\/p>\n<ol start=\"a\">\n<li>Los <strong>requisitos en materia de formaci\u00f3n que establece el art\u00edculo 4.2, entrar\u00e1n en vigor a partir del 1 de enero de 2023<\/strong>, sin detrimento de las exigencias en esta materia establece el Real Decreto 692\/2010, de 20 de mayo, y el Real Decreto 1084\/2005, de 16 de septiembre.<\/li>\n<li><strong>Para las explotaciones existentes exclusivamente, los requisitos en materia de bioseguridad, higiene, infraestructuras, equipaci\u00f3n y manejo y condiciones higi\u00e9nico-sanitarias que establecen los art\u00edculos 5 y 6, entrar\u00e1n en vigor a partir del el 1 de enero de 2024. <\/strong>No obstante, lo que prev\u00e9 la disposici\u00f3n derogatoria \u00fanica, las explotaciones de avicultura de carne tienen que cumplir las exigencias en esta materia establece el Real Decreto 1084\/2005, de 16 de septiembre, hasta la entrada en vigor.<\/li>\n<li>Para cualquier explotaci\u00f3n av\u00edcola, incluidas las ya existentes antes de la entrada en vigor de este Real Decreto,<strong> la obligaci\u00f3n de contar con un Sistema Integral de Gesti\u00f3n de las explotaciones av\u00edcolas que establece el art\u00edculo 9, entrar\u00e1 en vigor a partir del 1 de julio de 2022.<\/strong><\/li>\n<li><strong>El art\u00edculo 11 entrar\u00e1 en vigor a los tres meses<\/strong> de la publicaci\u00f3n del presente Real Decreto.<\/li>\n<li>Los <strong>requisitos en materia de reducci\u00f3n de emisiones para las explotaciones existentes que establece el apartado 1 del art\u00edculo 12 entrar\u00e1n en vigor a partir del 1 de enero de 2024, siempre que impliquen una modificaci\u00f3n estructural de la explotaci\u00f3n, a partir del 1 de junio de 2023 si no implican la modificaci\u00f3n estructural.<\/strong><\/li>\n<li>Los requisitos relativos a <strong>la comunicaci\u00f3n de las Mejores T\u00e9cnicas Disponibles<\/strong> que establece el apartado 3 del art\u00edculo 13, as\u00ed como los requisitos relativos al registro y contabilizaci\u00f3n de emisiones y mejores t\u00e9cnicas disponibles que establece el art\u00edculo 13, <strong>entrar\u00e1n en vigor a partir del el 1 de julio de 2022.<\/strong><\/li>\n<li><strong>El art\u00edculo 16.4 entrar\u00e1 en vigor el 1 de enero de 2023.<\/strong><\/li>\n<\/ol>\n","protected":false},"excerpt":{"rendered":"<p>Os ponemos al corriente de la publicaci\u00f3n del \u201cReal Decreto 637\/2021, de 27 de julio, por el que se establecen las normas b\u00e1sicas de ordenaci\u00f3n de las granjas av\u00edcolas\u201d. Este Real Decreto establece las normas b\u00e1sicas para la ordenaci\u00f3n zoot\u00e9cnica y sanitaria de las explotaciones av\u00edcolas, incluidas las condiciones m\u00ednimas de infraestructura, equipaci\u00f3n y manejo, [&hellip;]<\/p>\n","protected":false},"author":106,"featured_media":10695,"comment_status":"closed","ping_status":"closed","sticky":false,"template":"","format":"standard","meta":{"_monsterinsights_skip_tracking":false,"_monsterinsights_sitenote_active":false,"_monsterinsights_sitenote_note":"","_monsterinsights_sitenote_category":0,"_jetpack_memberships_contains_paid_content":false,"footnotes":""},"categories":[17,164],"tags":[],"class_list":["post-10694","post","type-post","status-publish","format-standard","has-post-thumbnail","hentry","category-general","category-profesional"],"yoast_head":"<!-- This site is optimized with the Yoast SEO plugin v27.0 - https:\/\/yoast.com\/product\/yoast-seo-wordpress\/ -->\n<title>Normas b\u00e1sicas de ordenaci\u00f3n de granjas av\u00edcolas - COVB - Col\u00b7legi Oficial de Veterinaris de Barcelona<\/title>\n<meta name=\"description\" content=\"Os ponemos al corriente de la publicaci\u00f3n del \u201cReal Decreto 637\/2021, de 27 de julio, por el que se establecen las normas b\u00e1sicas de ordenaci\u00f3n de las\" \/>\n<meta name=\"robots\" content=\"index, follow, max-snippet:-1, max-image-preview:large, max-video-preview:-1\" \/>\n<link rel=\"canonical\" href=\"https:\/\/www.covb.cat\/es\/actualitat\/noticies\/profesional\/normas-basicas-de-ordenacion-de-granjas-avicolas\/\" \/>\n<meta property=\"og:locale\" content=\"es_ES\" \/>\n<meta property=\"og:type\" content=\"article\" \/>\n<meta property=\"og:title\" content=\"Normas b\u00e1sicas de ordenaci\u00f3n de granjas av\u00edcolas - COVB - Col\u00b7legi Oficial de Veterinaris de Barcelona\" \/>\n<meta property=\"og:description\" content=\"Os ponemos al corriente de la publicaci\u00f3n del \u201cReal Decreto 637\/2021, de 27 de julio, por el que se establecen las normas b\u00e1sicas de ordenaci\u00f3n de las\" \/>\n<meta property=\"og:url\" content=\"https:\/\/www.covb.cat\/es\/actualitat\/noticies\/profesional\/normas-basicas-de-ordenacion-de-granjas-avicolas\/\" \/>\n<meta property=\"og:site_name\" content=\"COVB\" \/>\n<meta property=\"article:publisher\" content=\"https:\/\/www.facebook.com\/COVBcat\/\" \/>\n<meta property=\"article:published_time\" content=\"2021-07-30T12:50:36+00:00\" \/>\n<meta property=\"og:image\" content=\"https:\/\/www.covb.cat\/wp-content\/uploads\/2021\/07\/hen-5642953_640.jpg\" \/>\n\t<meta property=\"og:image:width\" content=\"640\" \/>\n\t<meta property=\"og:image:height\" content=\"414\" \/>\n\t<meta property=\"og:image:type\" content=\"image\/jpeg\" \/>\n<meta name=\"twitter:card\" content=\"summary_large_image\" \/>\n<meta name=\"twitter:creator\" content=\"@COVBcat\" \/>\n<meta name=\"twitter:site\" content=\"@COVBcat\" \/>\n<meta name=\"twitter:label1\" content=\"Escrito por\" \/>\n\t<meta name=\"twitter:data1\" content=\"\" \/>\n\t<meta name=\"twitter:label2\" content=\"Tiempo de lectura\" \/>\n\t<meta name=\"twitter:data2\" content=\"3 minutos\" \/>\n<script type=\"application\/ld+json\" class=\"yoast-schema-graph\">{\"@context\":\"https:\/\/schema.org\",\"@graph\":[{\"@type\":\"Article\",\"@id\":\"https:\/\/www.covb.cat\/es\/actualitat\/noticies\/profesional\/normas-basicas-de-ordenacion-de-granjas-avicolas\/#article\",\"isPartOf\":{\"@id\":\"https:\/\/www.covb.cat\/es\/actualitat\/noticies\/profesional\/normas-basicas-de-ordenacion-de-granjas-avicolas\/\"},\"author\":{\"name\":\"\",\"@id\":\"\"},\"headline\":\"Normas b\u00e1sicas de ordenaci\u00f3n de granjas av\u00edcolas\",\"datePublished\":\"2021-07-30T12:50:36+00:00\",\"mainEntityOfPage\":{\"@id\":\"https:\/\/www.covb.cat\/es\/actualitat\/noticies\/profesional\/normas-basicas-de-ordenacion-de-granjas-avicolas\/\"},\"wordCount\":548,\"publisher\":{\"@id\":\"https:\/\/www.covb.cat\/es\/#organization\"},\"image\":{\"@id\":\"https:\/\/www.covb.cat\/es\/actualitat\/noticies\/profesional\/normas-basicas-de-ordenacion-de-granjas-avicolas\/#primaryimage\"},\"thumbnailUrl\":\"https:\/\/www.covb.cat\/wp-content\/uploads\/2021\/07\/hen-5642953_640.jpg\",\"articleSection\":[\"General\",\"Profesi\u00f3n\"],\"inLanguage\":\"es\"},{\"@type\":\"WebPage\",\"@id\":\"https:\/\/www.covb.cat\/es\/actualitat\/noticies\/profesional\/normas-basicas-de-ordenacion-de-granjas-avicolas\/\",\"url\":\"https:\/\/www.covb.cat\/es\/actualitat\/noticies\/profesional\/normas-basicas-de-ordenacion-de-granjas-avicolas\/\",\"name\":\"Normas b\u00e1sicas de ordenaci\u00f3n de granjas av\u00edcolas - COVB - Col\u00b7legi Oficial de Veterinaris de Barcelona\",\"isPartOf\":{\"@id\":\"https:\/\/www.covb.cat\/es\/#website\"},\"primaryImageOfPage\":{\"@id\":\"https:\/\/www.covb.cat\/es\/actualitat\/noticies\/profesional\/normas-basicas-de-ordenacion-de-granjas-avicolas\/#primaryimage\"},\"image\":{\"@id\":\"https:\/\/www.covb.cat\/es\/actualitat\/noticies\/profesional\/normas-basicas-de-ordenacion-de-granjas-avicolas\/#primaryimage\"},\"thumbnailUrl\":\"https:\/\/www.covb.cat\/wp-content\/uploads\/2021\/07\/hen-5642953_640.jpg\",\"datePublished\":\"2021-07-30T12:50:36+00:00\",\"description\":\"Os ponemos al corriente de la publicaci\u00f3n del \u201cReal Decreto 637\/2021, de 27 de julio, por el que se establecen las normas b\u00e1sicas de ordenaci\u00f3n de las\",\"breadcrumb\":{\"@id\":\"https:\/\/www.covb.cat\/es\/actualitat\/noticies\/profesional\/normas-basicas-de-ordenacion-de-granjas-avicolas\/#breadcrumb\"},\"inLanguage\":\"es\",\"potentialAction\":[{\"@type\":\"ReadAction\",\"target\":[\"https:\/\/www.covb.cat\/es\/actualitat\/noticies\/profesional\/normas-basicas-de-ordenacion-de-granjas-avicolas\/\"]}]},{\"@type\":\"ImageObject\",\"inLanguage\":\"es\",\"@id\":\"https:\/\/www.covb.cat\/es\/actualitat\/noticies\/profesional\/normas-basicas-de-ordenacion-de-granjas-avicolas\/#primaryimage\",\"url\":\"https:\/\/www.covb.cat\/wp-content\/uploads\/2021\/07\/hen-5642953_640.jpg\",\"contentUrl\":\"https:\/\/www.covb.cat\/wp-content\/uploads\/2021\/07\/hen-5642953_640.jpg\",\"width\":640,\"height\":414},{\"@type\":\"BreadcrumbList\",\"@id\":\"https:\/\/www.covb.cat\/es\/actualitat\/noticies\/profesional\/normas-basicas-de-ordenacion-de-granjas-avicolas\/#breadcrumb\",\"itemListElement\":[{\"@type\":\"ListItem\",\"position\":1,\"name\":\"Inici\",\"item\":\"https:\/\/www.covb.cat\/es\/\"},{\"@type\":\"ListItem\",\"position\":2,\"name\":\"Normas b\u00e1sicas de ordenaci\u00f3n de granjas av\u00edcolas\"}]},{\"@type\":\"WebSite\",\"@id\":\"https:\/\/www.covb.cat\/es\/#website\",\"url\":\"https:\/\/www.covb.cat\/es\/\",\"name\":\"COVB\",\"description\":\"Col\u00b7legi Oficial de Veterinaris de Barcelona\",\"publisher\":{\"@id\":\"https:\/\/www.covb.cat\/es\/#organization\"},\"potentialAction\":[{\"@type\":\"SearchAction\",\"target\":{\"@type\":\"EntryPoint\",\"urlTemplate\":\"https:\/\/www.covb.cat\/es\/?s={search_term_string}\"},\"query-input\":{\"@type\":\"PropertyValueSpecification\",\"valueRequired\":true,\"valueName\":\"search_term_string\"}}],\"inLanguage\":\"es\"},{\"@type\":\"Organization\",\"@id\":\"https:\/\/www.covb.cat\/es\/#organization\",\"name\":\"COVB\",\"url\":\"https:\/\/www.covb.cat\/es\/\",\"logo\":{\"@type\":\"ImageObject\",\"inLanguage\":\"es\",\"@id\":\"https:\/\/www.covb.cat\/es\/#\/schema\/logo\/image\/\",\"url\":\"https:\/\/www.covb.cat\/wp-content\/uploads\/2018\/07\/favicon-covb.png\",\"contentUrl\":\"https:\/\/www.covb.cat\/wp-content\/uploads\/2018\/07\/favicon-covb.png\",\"width\":512,\"height\":512,\"caption\":\"COVB\"},\"image\":{\"@id\":\"https:\/\/www.covb.cat\/es\/#\/schema\/logo\/image\/\"},\"sameAs\":[\"https:\/\/www.facebook.com\/COVBcat\/\",\"https:\/\/x.com\/COVBcat\",\"https:\/\/www.youtube.com\/user\/covbcn\"]},{\"@type\":\"Person\",\"@id\":\"\"}]}<\/script>\n<!-- \/ Yoast SEO plugin. -->","yoast_head_json":{"title":"Normas b\u00e1sicas de ordenaci\u00f3n de granjas av\u00edcolas - COVB - Col\u00b7legi Oficial de Veterinaris de Barcelona","description":"Os ponemos al corriente de la publicaci\u00f3n del \u201cReal Decreto 637\/2021, de 27 de julio, por el que se establecen las normas b\u00e1sicas de ordenaci\u00f3n de las","robots":{"index":"index","follow":"follow","max-snippet":"max-snippet:-1","max-image-preview":"max-image-preview:large","max-video-preview":"max-video-preview:-1"},"canonical":"https:\/\/www.covb.cat\/es\/actualitat\/noticies\/profesional\/normas-basicas-de-ordenacion-de-granjas-avicolas\/","og_locale":"es_ES","og_type":"article","og_title":"Normas b\u00e1sicas de ordenaci\u00f3n de granjas av\u00edcolas - COVB - Col\u00b7legi Oficial de Veterinaris de Barcelona","og_description":"Os ponemos al corriente de la publicaci\u00f3n del \u201cReal Decreto 637\/2021, de 27 de julio, por el que se establecen las normas b\u00e1sicas de ordenaci\u00f3n de las","og_url":"https:\/\/www.covb.cat\/es\/actualitat\/noticies\/profesional\/normas-basicas-de-ordenacion-de-granjas-avicolas\/","og_site_name":"COVB","article_publisher":"https:\/\/www.facebook.com\/COVBcat\/","article_published_time":"2021-07-30T12:50:36+00:00","og_image":[{"width":640,"height":414,"url":"https:\/\/www.covb.cat\/wp-content\/uploads\/2021\/07\/hen-5642953_640.jpg","type":"image\/jpeg"}],"twitter_card":"summary_large_image","twitter_creator":"@COVBcat","twitter_site":"@COVBcat","twitter_misc":{"Escrito por":"","Tiempo de lectura":"3 minutos"},"schema":{"@context":"https:\/\/schema.org","@graph":[{"@type":"Article","@id":"https:\/\/www.covb.cat\/es\/actualitat\/noticies\/profesional\/normas-basicas-de-ordenacion-de-granjas-avicolas\/#article","isPartOf":{"@id":"https:\/\/www.covb.cat\/es\/actualitat\/noticies\/profesional\/normas-basicas-de-ordenacion-de-granjas-avicolas\/"},"author":{"name":"","@id":""},"headline":"Normas b\u00e1sicas de ordenaci\u00f3n de granjas av\u00edcolas","datePublished":"2021-07-30T12:50:36+00:00","mainEntityOfPage":{"@id":"https:\/\/www.covb.cat\/es\/actualitat\/noticies\/profesional\/normas-basicas-de-ordenacion-de-granjas-avicolas\/"},"wordCount":548,"publisher":{"@id":"https:\/\/www.covb.cat\/es\/#organization"},"image":{"@id":"https:\/\/www.covb.cat\/es\/actualitat\/noticies\/profesional\/normas-basicas-de-ordenacion-de-granjas-avicolas\/#primaryimage"},"thumbnailUrl":"https:\/\/www.covb.cat\/wp-content\/uploads\/2021\/07\/hen-5642953_640.jpg","articleSection":["General","Profesi\u00f3n"],"inLanguage":"es"},{"@type":"WebPage","@id":"https:\/\/www.covb.cat\/es\/actualitat\/noticies\/profesional\/normas-basicas-de-ordenacion-de-granjas-avicolas\/","url":"https:\/\/www.covb.cat\/es\/actualitat\/noticies\/profesional\/normas-basicas-de-ordenacion-de-granjas-avicolas\/","name":"Normas b\u00e1sicas de ordenaci\u00f3n de granjas av\u00edcolas - COVB - Col\u00b7legi Oficial de Veterinaris de Barcelona","isPartOf":{"@id":"https:\/\/www.covb.cat\/es\/#website"},"primaryImageOfPage":{"@id":"https:\/\/www.covb.cat\/es\/actualitat\/noticies\/profesional\/normas-basicas-de-ordenacion-de-granjas-avicolas\/#primaryimage"},"image":{"@id":"https:\/\/www.covb.cat\/es\/actualitat\/noticies\/profesional\/normas-basicas-de-ordenacion-de-granjas-avicolas\/#primaryimage"},"thumbnailUrl":"https:\/\/www.covb.cat\/wp-content\/uploads\/2021\/07\/hen-5642953_640.jpg","datePublished":"2021-07-30T12:50:36+00:00","description":"Os ponemos al corriente de la publicaci\u00f3n del \u201cReal Decreto 637\/2021, de 27 de julio, por el que se establecen las normas b\u00e1sicas de ordenaci\u00f3n de las","breadcrumb":{"@id":"https:\/\/www.covb.cat\/es\/actualitat\/noticies\/profesional\/normas-basicas-de-ordenacion-de-granjas-avicolas\/#breadcrumb"},"inLanguage":"es","potentialAction":[{"@type":"ReadAction","target":["https:\/\/www.covb.cat\/es\/actualitat\/noticies\/profesional\/normas-basicas-de-ordenacion-de-granjas-avicolas\/"]}]},{"@type":"ImageObject","inLanguage":"es","@id":"https:\/\/www.covb.cat\/es\/actualitat\/noticies\/profesional\/normas-basicas-de-ordenacion-de-granjas-avicolas\/#primaryimage","url":"https:\/\/www.covb.cat\/wp-content\/uploads\/2021\/07\/hen-5642953_640.jpg","contentUrl":"https:\/\/www.covb.cat\/wp-content\/uploads\/2021\/07\/hen-5642953_640.jpg","width":640,"height":414},{"@type":"BreadcrumbList","@id":"https:\/\/www.covb.cat\/es\/actualitat\/noticies\/profesional\/normas-basicas-de-ordenacion-de-granjas-avicolas\/#breadcrumb","itemListElement":[{"@type":"ListItem","position":1,"name":"Inici","item":"https:\/\/www.covb.cat\/es\/"},{"@type":"ListItem","position":2,"name":"Normas b\u00e1sicas de ordenaci\u00f3n de granjas av\u00edcolas"}]},{"@type":"WebSite","@id":"https:\/\/www.covb.cat\/es\/#website","url":"https:\/\/www.covb.cat\/es\/","name":"COVB","description":"Col\u00b7legi Oficial de Veterinaris de Barcelona","publisher":{"@id":"https:\/\/www.covb.cat\/es\/#organization"},"potentialAction":[{"@type":"SearchAction","target":{"@type":"EntryPoint","urlTemplate":"https:\/\/www.covb.cat\/es\/?s={search_term_string}"},"query-input":{"@type":"PropertyValueSpecification","valueRequired":true,"valueName":"search_term_string"}}],"inLanguage":"es"},{"@type":"Organization","@id":"https:\/\/www.covb.cat\/es\/#organization","name":"COVB","url":"https:\/\/www.covb.cat\/es\/","logo":{"@type":"ImageObject","inLanguage":"es","@id":"https:\/\/www.covb.cat\/es\/#\/schema\/logo\/image\/","url":"https:\/\/www.covb.cat\/wp-content\/uploads\/2018\/07\/favicon-covb.png","contentUrl":"https:\/\/www.covb.cat\/wp-content\/uploads\/2018\/07\/favicon-covb.png","width":512,"height":512,"caption":"COVB"},"image":{"@id":"https:\/\/www.covb.cat\/es\/#\/schema\/logo\/image\/"},"sameAs":["https:\/\/www.facebook.com\/COVBcat\/","https:\/\/x.com\/COVBcat","https:\/\/www.youtube.com\/user\/covbcn"]},{"@type":"Person","@id":""}]}},"jetpack_featured_media_url":"https:\/\/www.covb.cat\/wp-content\/uploads\/2021\/07\/hen-5642953_640.jpg","jetpack_sharing_enabled":true,"_links":{"self":[{"href":"https:\/\/www.covb.cat\/es\/wp-json\/wp\/v2\/posts\/10694","targetHints":{"allow":["GET"]}}],"collection":[{"href":"https:\/\/www.covb.cat\/es\/wp-json\/wp\/v2\/posts"}],"about":[{"href":"https:\/\/www.covb.cat\/es\/wp-json\/wp\/v2\/types\/post"}],"author":[{"embeddable":true,"href":"https:\/\/www.covb.cat\/es\/wp-json\/wp\/v2\/users\/106"}],"replies":[{"embeddable":true,"href":"https:\/\/www.covb.cat\/es\/wp-json\/wp\/v2\/comments?post=10694"}],"version-history":[{"count":0,"href":"https:\/\/www.covb.cat\/es\/wp-json\/wp\/v2\/posts\/10694\/revisions"}],"wp:featuredmedia":[{"embeddable":true,"href":"https:\/\/www.covb.cat\/es\/wp-json\/wp\/v2\/media\/10695"}],"wp:attachment":[{"href":"https:\/\/www.covb.cat\/es\/wp-json\/wp\/v2\/media?parent=10694"}],"wp:term":[{"taxonomy":"category","embeddable":true,"href":"https:\/\/www.covb.cat\/es\/wp-json\/wp\/v2\/categories?post=10694"},{"taxonomy":"post_tag","embeddable":true,"href":"https:\/\/www.covb.cat\/es\/wp-json\/wp\/v2\/tags?post=10694"}],"curies":[{"name":"wp","href":"https:\/\/api.w.org\/{rel}","templated":true}]}}