{"id":34724,"global_id":"www.covb.cat\/es\/?id=34724","global_id_lineage":["www.covb.cat\/es\/?id=34724"],"author":"106","status":"publish","date":"2023-07-11 17:23:56","date_utc":"2023-07-11 15:23:56","modified":"2023-07-11 17:24:48","modified_utc":"2023-07-11 15:24:48","url":"https:\/\/www.covb.cat\/es\/formacio\/diagnostico-de-la-tuberculosis-bovina\/","rest_url":"https:\/\/www.covb.cat\/es\/wp-json\/tribe\/events\/v1\/events\/34724","title":"Diagn\u00f3stico de la Tuberculosis Bovina","description":"<div>Se abren nuevas plazas de la 2\u00aa Edici\u00f3n de este programa de actualizaci\u00f3n unificado, cuyo objetivo es formar a los profesionales veterinarios que intervienen en la ejecuci\u00f3n de las pruebas de diagn\u00f3stico de campo de la tuberculosis bovina, as\u00ed como, en los \u00faltimos avances cient\u00edficos y legislativos, entre otros.<\/div>\n<div><\/div>\n<div><strong><img loading=\"lazy\" decoding=\"async\" src=\"https:\/\/mcusercontent.com\/c131463000c5688473b8b34ba\/images\/cfe4f8bc-80fa-1d5d-527e-2befac108207.png\" width=\"28\" height=\"28\" data-file-id=\"5434670\" \/>\u00a0 FECHA: <\/strong>27 de julio de 2023 (9:00 horas a 18:30 horas)<br \/>\n<img loading=\"lazy\" decoding=\"async\" src=\"https:\/\/mcusercontent.com\/c131463000c5688473b8b34ba\/images\/bd10ff7a-1dfd-4113-4bb0-a9e2f943df1b.png\" width=\"25\" height=\"25\" data-file-id=\"5434718\" \/><strong>\u00a0 \u00a0LUGAR:<\/strong> en l\u00ednea<br \/>\n<strong><img loading=\"lazy\" decoding=\"async\" src=\"https:\/\/mcusercontent.com\/c131463000c5688473b8b34ba\/images\/463ff97e-1894-e557-ba75-58337dec7bc8.png\" width=\"28\" height=\"28\" data-file-id=\"5434662\" \/>\u00a0 PROGRAMA:\u00a0<\/strong><a href=\"https:\/\/curso.tuberculosisbovina.es\/index.php\/programaactuunifi-ed-2\" target=\"_blank\" rel=\"noopener\">Ver programa<\/a><br \/>\n<img loading=\"lazy\" decoding=\"async\" src=\"https:\/\/mcusercontent.com\/c131463000c5688473b8b34ba\/images\/ae0f967a-ef5b-9186-1119-898ca601244f.png\" width=\"28\" height=\"28\" data-file-id=\"5435146\" \/>\u00a0\u00a0<strong>PRECIO:<\/strong>\u00a0150\u20ac<\/div>","excerpt":"","slug":"diagnostico-de-la-tuberculosis-bovina","image":{"url":"https:\/\/www.covb.cat\/wp-content\/uploads\/2022\/09\/tuberculosi_bovina.jpg","id":22888,"extension":"jpg","width":685,"height":531,"filesize":73769},"all_day":false,"start_date":"2023-07-27 09:00:00","start_date_details":{"year":"2023","month":"07","day":"27","hour":"09","minutes":"00","seconds":"00"},"end_date":"2023-07-27 18:30:00","end_date_details":{"year":"2023","month":"07","day":"27","hour":"18","minutes":"30","seconds":"00"},"utc_start_date":"2023-07-27 07:00:00","utc_start_date_details":{"year":"2023","month":"07","day":"27","hour":"07","minutes":"00","seconds":"00"},"utc_end_date":"2023-07-27 16:30:00","utc_end_date_details":{"year":"2023","month":"07","day":"27","hour":"16","minutes":"30","seconds":"00"},"timezone":"Europe\/Madrid","timezone_abbr":"CEST","cost":"","cost_details":{"currency_symbol":"","currency_code":"","currency_position":"suffix","values":[]},"website":"https:\/\/curso.tuberculosisbovina.es\/index.php\/index.php\/inscripcion","show_map":true,"show_map_link":true,"hide_from_listings":false,"sticky":false,"featured":false,"categories":[{"name":"Granja","slug":"granja-es","term_group":0,"term_taxonomy_id":284,"taxonomy":"tribe_events_cat","description":"","parent":0,"count":56,"filter":"raw","term_order":"0","id":284,"urls":{"self":"https:\/\/www.covb.cat\/es\/wp-json\/tribe\/events\/v1\/categories\/284","collection":"https:\/\/www.covb.cat\/es\/wp-json\/tribe\/events\/v1\/categories"}}],"tags":[{"name":"no_formulari","slug":"no_formulari-es","term_group":0,"term_taxonomy_id":150,"taxonomy":"post_tag","description":"","parent":0,"count":461,"filter":"raw","term_order":"0","id":150,"urls":{"self":"https:\/\/www.covb.cat\/es\/wp-json\/tribe\/events\/v1\/tags\/150","collection":"https:\/\/www.covb.cat\/es\/wp-json\/tribe\/events\/v1\/tags"}}],"venue":[],"organizer":[],"json_ld":{"@context":"http:\/\/schema.org","@type":"Event","name":"Diagn\u00f3stico de la Tuberculosis Bovina","description":"&lt;p&gt;Se abren nuevas plazas de la 2\u00aa Edici\u00f3n de este programa de actualizaci\u00f3n unificado, cuyo objetivo es formar a los profesionales veterinarios que intervienen en la ejecuci\u00f3n de las pruebas de diagn\u00f3stico de campo de la tuberculosis bovina, as\u00ed como, en los \u00faltimos avances cient\u00edficos y legislativos, entre otros. \u00a0 FECHA: 27 de julio de [&hellip;]&lt;\/p&gt;\\n","image":"https:\/\/www.covb.cat\/wp-content\/uploads\/2022\/09\/tuberculosi_bovina.jpg","url":"https:\/\/www.covb.cat\/es\/formacio\/diagnostico-de-la-tuberculosis-bovina\/","startDate":"2023-07-27T09:00:00+02:00","endDate":"2023-07-27T18:30:00+02:00","performer":"Organization"}}