{"id":22689,"global_id":"www.covb.cat\/es\/?id=22689","global_id_lineage":["www.covb.cat\/es\/?id=22689"],"author":"106","status":"publish","date":"2022-09-13 19:13:19","date_utc":"2022-09-13 17:13:19","modified":"2022-09-13 19:13:38","modified_utc":"2022-09-13 17:13:38","url":"https:\/\/www.covb.cat\/es\/formacio\/educacio-i-vincle-emocional-la-clau-de-lexit-per-a-una-tinenca-responsable\/","rest_url":"https:\/\/www.covb.cat\/es\/wp-json\/tribe\/events\/v1\/events\/22689","title":"Educaci\u00f3 i vincle emocional, la clau de l&#8217;\u00e8xit per a una tinen\u00e7a responsable","description":"<div>En aquesta II Jornada organitzada per Huellas Compartidas, amb la col\u00b7laboraci\u00f3 del COVB, es parlar\u00e0 dels beneficis d&#8217;una bona relaci\u00f3 entre persones i animals.<\/div>\n<div><\/div>\n<div><strong><img loading=\"lazy\" decoding=\"async\" src=\"https:\/\/mcusercontent.com\/c131463000c5688473b8b34ba\/images\/cfe4f8bc-80fa-1d5d-527e-2befac108207.png\" width=\"28\" height=\"28\" data-file-id=\"5434670\" \/>\u00a0 DATA:<\/strong>\u00a010 d&#8217;octubre de 2022, de 10.00 h a 13.30 h<br \/>\n<img loading=\"lazy\" decoding=\"async\" src=\"https:\/\/mcusercontent.com\/c131463000c5688473b8b34ba\/images\/bd10ff7a-1dfd-4113-4bb0-a9e2f943df1b.png\" width=\"25\" height=\"25\" data-file-id=\"5434718\" \/><strong>\u00a0 \u00a0LLOC:\u00a0<\/strong>Seu COVB (Av Rep\u00fablica Argentina, 21-25 08023 Barcelona)<br \/>\n<img loading=\"lazy\" decoding=\"async\" src=\"https:\/\/mcusercontent.com\/c131463000c5688473b8b34ba\/images\/0a000af8-7a55-8180-658e-10a35d0ee978.png\" width=\"26\" height=\"26\" data-file-id=\"5434666\" \/><strong>\u00a0 \u00a0<\/strong>Amb la participaci\u00f3 de Sergio Garc\u00eda Torres, Director General dels Drets dels animals.<strong><em>* Pr\u00f2ximament m\u00e9s informaci\u00f3<\/em><\/strong><\/p>\n<\/div>","excerpt":"","slug":"educacio-i-vincle-emocional-la-clau-de-lexit-per-a-una-tinenca-responsable","image":{"url":"https:\/\/www.covb.cat\/wp-content\/uploads\/2018\/07\/dueno_perro_veterinario-e1721382465783.jpg","id":14696,"extension":"jpg","width":1255,"height":836,"filesize":115475},"all_day":false,"start_date":"2022-10-10 10:00:00","start_date_details":{"year":"2022","month":"10","day":"10","hour":"10","minutes":"00","seconds":"00"},"end_date":"2022-10-10 13:30:00","end_date_details":{"year":"2022","month":"10","day":"10","hour":"13","minutes":"30","seconds":"00"},"utc_start_date":"2022-10-10 08:00:00","utc_start_date_details":{"year":"2022","month":"10","day":"10","hour":"08","minutes":"00","seconds":"00"},"utc_end_date":"2022-10-10 11:30:00","utc_end_date_details":{"year":"2022","month":"10","day":"10","hour":"11","minutes":"30","seconds":"00"},"timezone":"Europe\/Madrid","timezone_abbr":"CEST","cost":"","cost_details":{"currency_symbol":"","currency_code":"","currency_position":"suffix","values":[]},"website":"","show_map":true,"show_map_link":true,"hide_from_listings":false,"sticky":false,"featured":false,"categories":[{"name":"Peque\u00f1os animales","slug":"pequenos-animales","term_group":0,"term_taxonomy_id":100,"taxonomy":"tribe_events_cat","description":"","parent":0,"count":331,"filter":"raw","term_order":"0","id":100,"urls":{"self":"https:\/\/www.covb.cat\/es\/wp-json\/tribe\/events\/v1\/categories\/100","collection":"https:\/\/www.covb.cat\/es\/wp-json\/tribe\/events\/v1\/categories"}}],"tags":[{"name":"no_formulari","slug":"no_formulari-es","term_group":0,"term_taxonomy_id":150,"taxonomy":"post_tag","description":"","parent":0,"count":461,"filter":"raw","term_order":"0","id":150,"urls":{"self":"https:\/\/www.covb.cat\/es\/wp-json\/tribe\/events\/v1\/tags\/150","collection":"https:\/\/www.covb.cat\/es\/wp-json\/tribe\/events\/v1\/tags"}}],"venue":[],"organizer":[],"json_ld":{"@context":"http:\/\/schema.org","@type":"Event","name":"Educaci\u00f3 i vincle emocional, la clau de l&#8217;\u00e8xit per a una tinen\u00e7a responsable","description":"&lt;p&gt;En aquesta II Jornada organitzada per Huellas Compartidas, amb la col\u00b7laboraci\u00f3 del COVB, es parlar\u00e0 dels beneficis d\\'una bona relaci\u00f3 entre persones i animals. \u00a0 DATA:\u00a010 d\\'octubre de 2022, de 10.00 h a 13.30 h \u00a0 \u00a0LLOC:\u00a0Seu COVB (Av Rep\u00fablica Argentina, 21-25 08023 Barcelona) \u00a0 \u00a0Amb la participaci\u00f3 de Sergio Garc\u00eda Torres, Director General dels [&hellip;]&lt;\/p&gt;\\n","image":"https:\/\/www.covb.cat\/wp-content\/uploads\/2018\/07\/dueno_perro_veterinario-e1721382465783.jpg","url":"https:\/\/www.covb.cat\/es\/formacio\/educacio-i-vincle-emocional-la-clau-de-lexit-per-a-una-tinenca-responsable\/","startDate":"2022-10-10T10:00:00+02:00","endDate":"2022-10-10T13:30:00+02:00","performer":"Organization"}}